{"id":151554,"date":"2025-10-01T22:26:09","date_gmt":"2025-10-01T22:26:09","guid":{"rendered":"https:\/\/www.europesays.com\/es\/151554\/"},"modified":"2025-10-01T22:26:09","modified_gmt":"2025-10-01T22:26:09","slug":"el-supremo-de-eeuu-aplaza-la-decision-sobre-el-despido-de-la-gobernadora-de-la-fed-al-ano-que-viene","status":"publish","type":"post","link":"https:\/\/www.europesays.com\/es\/151554\/","title":{"rendered":"El Supremo de EEUU aplaza la decisi\u00f3n sobre el despido de la gobernadora de la Fed al a\u00f1o que viene"},"content":{"rendered":"<p class=\"article-text\">\n        El Tribunal Supremo de Estados Unidos ha frenado por el momento el despido de la gobernadora de la Reserva Federal Lisa Cook, ordenado por Donald Trump hace unas semanas. El alto tribunal ha bloqueado el intento este mi\u00e9rcoles y ha aplazado la vista oral para o\u00edr los argumentos iniciales del caso a enero de 2026.\n    <\/p>\n<p class=\"article-text\">\n        La decisi\u00f3n da un respiro al banco central estadounidense en medio de la campa\u00f1a de asedio del presidente para intentar quebrar su independencia y alivia la tensi\u00f3n del organismo en un momento en que se puedan aparecer nuevos problemas a ra\u00edz del cierre de gobierno.\u00a0\u00a0\n    <\/p>\n<p class=\"article-text\">\n        Con esta decisi\u00f3n, Cook ha ganado la batalla, pero no la guerra. Que el Supremo est\u00e9 dilatando su sentencia sobre el caso no es un indicador alentador. Ya existen sentencias previas en las que este mismo tribunal ha se\u00f1alado que la Fed es especial dentro del corpus institucional, con un poder \u00fanico cuya independencia exige que el presidente tenga una causa justificada para destituir a sus dirigentes. A pesar de que existen estos precedentes judiciales que marcan el camino del Supremo, este aplaza la decisi\u00f3n.\u00a0\n    <\/p>\n<p class=\"article-text\">\n        Despu\u00e9s de que un juez federal bloqueara el intento de despido, y el tribunal de apelaciones declinara el recurso del gobierno, Trump decidi\u00f3 llevar la batalla judicial hasta el Supremo. El presidente conf\u00eda en las sentencias previas donde la mayor\u00eda conservadora le ha granjeado victorias que parec\u00edan irresolubles, como la de la inmunidad presidencial. Estos mismos seis jueces, en otros casos sobre funcionarios y jefes de otras agencias federales, tambi\u00e9n le han abierto el camino para que pudiera despedirlos.\u00a0\n    <\/p>\n<p class=\"article-text\">\n        La Fed se juega el futuro de su independencia en el caso de Cook. El presidente estadounidense est\u00e1 intentando crear una interpretaci\u00f3n m\u00e1s laxa de los poderes que le otorgan los estatutos fundacionales del banco central estadounidense. Estos dicen que el jefe del ejecutivo solo puede cesar a un gobernador en caso de negligencia o crimen. Trump, que quiere llenar la junta de gobernadores con figuras afines a sus intereses, anunci\u00f3 el despido de Cook bas\u00e1ndose \u00fanicamente en unas acusaciones de fraude hipotecario no probadas en un juicio. Para ello se basa en la expresi\u00f3n que recoge el texto fundacional y que hace referencia al despido por \u201ccausa\u201d.\u00a0\u00a0\n    <\/p>\n<p class=\"article-text\">\n        Si la Corte Suprema da por buenas las razones de Trump y se hace efectivo, el despido de Cook probablemente suponga un terremoto econ\u00f3mico con duras implicaciones para la econom\u00eda estadounidense. Las pol\u00edticas monetarias de la Fed marcan la gu\u00eda para otros bancos centrales como el europeo. Si se quiebra la credibilidad en su independencia, incluso el papel del d\u00f3lar como divisa global podr\u00eda resentirse.\u00a0\n    <\/p>\n<p class=\"article-text\">\n        Adem\u00e1s, en caso de que Trump ganara el caso, tambi\u00e9n se crear\u00eda un precedente judicial donde una acusaci\u00f3n no probada judicialmente podr\u00eda ser suficiente para destituir cualquier gobernador -incluso el propio presidente de la Fed- si estos no se ajustan a los deseos del presidente. Desde que regres\u00f3 a la Casa Blanca en enero, Trump ha liderado una campa\u00f1a de presiones contra la Fed para que baje los tipos de inter\u00e9s. Antes de intentar despedir a Cook, ya amenaz\u00f3 reiteradas veces con cesar al presidente del banco central, Jerome Powell, por no plegarse a sus presiones.\u00a0\n    <\/p>\n<p>    Suelo resbaladizo\u00a0<\/p>\n<p class=\"article-text\">\n        Con un frente m\u00e1s o menos controlado, ahora a la Reserva Federal se le abre otro. El cierre de gobierno puede arrastrar al banco central a un terreno resbaladizo en un momento de divisiones internas sobre la pol\u00edtica monetaria. En la \u00faltima reuni\u00f3n de la Fed, el reciente gobernador que Trump ha colocado dentro de la junta, Stephen Miran, ya empez\u00f3 a trabajar a favor de los intereses del republicano. En la votaci\u00f3n de la reuni\u00f3n de septiembre, Miran se decant\u00f3 por un recorte de 50 puntos b\u00e1sicos, en la l\u00ednea de los deseos de su jefe.\u00a0\n    <\/p>\n<p class=\"article-text\">\n        Al final, solo se bajaron los tipos un cuarto de punto, y Powell expuso la decisi\u00f3n como consecuencia del enfriamiento del mercado laboral. En agosto, la tasa de paro escal\u00f3 al 4,3%, su m\u00e1ximo en casi cuatro a\u00f1os, seg\u00fan el informe de la Oficina de Estad\u00edsticas Laborales. En el informe de ocupaci\u00f3n de septiembre, el departamento de Trabajo ya dej\u00f3 por escrito que, en caso de cierre, se retrasar\u00eda la publicaci\u00f3n del siguiente estudio mensual. Con el Senado a\u00fan bloqueado, muy probablemente el viernes no se den a conocer los resultados de empleo.\u00a0\n    <\/p>\n<p>    <a href=\"https:\/\/www.eldiario.es\/internacional\/trump-eleva-acoso-reserva-federal-pide-supremo-orden-urgencia-destituir-gobernadora-lisa-cook_1_12614277.html\" data-mrf-recirculation=\"saber-mas-abajo\" data-dl-event=\"saber-mas-abajo\" rel=\"nofollow noopener\" target=\"_blank\"><\/p>\n<p class=\"know-more__title\">Trump eleva su acoso a la Reserva Federal y pide al Supremo una orden de urgencia para destituir a la gobernadora Lisa Cook\n<\/p>\n<p>            <img decoding=\"async\" class=\"lazy\" loading=\"lazy\" data-src=\"https:\/\/static.eldiario.es\/clip\/9fae3e01-eb3e-42ec-b4b5-8a7c78b2fd9e_16-9-aspect-ratio_default_0.jpg\" src=\"data:image\/svg+xml,%3Csvg xmlns=\" http:=\"\" viewbox=\"0 0 880 495\" alt=\"Trump eleva su acoso a la Reserva Federal y pide al Supremo una orden de urgencia para destituir a la gobernadora Lisa Cook\"\/><\/p>\n<p>                        <\/a><\/p>\n<p class=\"article-text\">\n        El informe de trabajo, as\u00ed como otros datos macroecon\u00f3micos que quedar\u00e1n suspendidos, son claves para que la Fed tome las decisiones para recortar los tipos. De hecho, fue la base para justificar el recorte del mes pasado. Estando a ciegas, y sin datos fiables, Miran tendr\u00eda m\u00e1s margen para presionar e intentar avanzar los intereses de Trump.\n    <\/p>\n","protected":false},"excerpt":{"rendered":"El Tribunal Supremo de Estados Unidos ha frenado por el momento el despido de la gobernadora de la&hellip;\n","protected":false},"author":2,"featured_media":151555,"comment_status":"","ping_status":"","sticky":false,"template":"","format":"standard","meta":{"footnotes":""},"categories":[80],"tags":[1611,35394,82,2347,5702,95,94,115,25,24,939,28613,23,8312,16591],"class_list":{"0":"post-151554","1":"post","2":"type-post","3":"status-publish","4":"format-standard","5":"has-post-thumbnail","7":"category-economia","8":"tag-ano","9":"tag-aplaza","10":"tag-business","11":"tag-decision","12":"tag-despido","13":"tag-economia","14":"tag-economy","15":"tag-eeuu","16":"tag-es","17":"tag-espana","18":"tag-fed","19":"tag-gobernadora","20":"tag-spain","21":"tag-supremo","22":"tag-viene"},"share_on_mastodon":{"url":"","error":""},"_links":{"self":[{"href":"https:\/\/www.europesays.com\/es\/wp-json\/wp\/v2\/posts\/151554","targetHints":{"allow":["GET"]}}],"collection":[{"href":"https:\/\/www.europesays.com\/es\/wp-json\/wp\/v2\/posts"}],"about":[{"href":"https:\/\/www.europesays.com\/es\/wp-json\/wp\/v2\/types\/post"}],"author":[{"embeddable":true,"href":"https:\/\/www.europesays.com\/es\/wp-json\/wp\/v2\/users\/2"}],"replies":[{"embeddable":true,"href":"https:\/\/www.europesays.com\/es\/wp-json\/wp\/v2\/comments?post=151554"}],"version-history":[{"count":0,"href":"https:\/\/www.europesays.com\/es\/wp-json\/wp\/v2\/posts\/151554\/revisions"}],"wp:featuredmedia":[{"embeddable":true,"href":"https:\/\/www.europesays.com\/es\/wp-json\/wp\/v2\/media\/151555"}],"wp:attachment":[{"href":"https:\/\/www.europesays.com\/es\/wp-json\/wp\/v2\/media?parent=151554"}],"wp:term":[{"taxonomy":"category","embeddable":true,"href":"https:\/\/www.europesays.com\/es\/wp-json\/wp\/v2\/categories?post=151554"},{"taxonomy":"post_tag","embeddable":true,"href":"https:\/\/www.europesays.com\/es\/wp-json\/wp\/v2\/tags?post=151554"}],"curies":[{"name":"wp","href":"https:\/\/api.w.org\/{rel}","templated":true}]}}