{"id":151558,"date":"2025-10-01T22:28:14","date_gmt":"2025-10-01T22:28:14","guid":{"rendered":"https:\/\/www.europesays.com\/es\/151558\/"},"modified":"2025-10-01T22:28:14","modified_gmt":"2025-10-01T22:28:14","slug":"moreno-rechaza-cesar-a-la-titular-de-salud-por-fallos-al-prevenir-el-cancer-de-mama-pero-le-exige-afanarse-en-cuerpo-y-alma","status":"publish","type":"post","link":"https:\/\/www.europesays.com\/es\/151558\/","title":{"rendered":"Moreno rechaza cesar a la titular de Salud por \u00abfallos\u00bb al prevenir el c\u00e1ncer de mama pero le exige \u00abafanarse en cuerpo y alma\u00bb"},"content":{"rendered":"<p class=\"article-text\">\n        El presidente de la Junta de Andaluc\u00eda, Juan Manuel Moreno, ha pedido disculpas p\u00fablicas a las mujeres con c\u00e1ncer de mama que han sufrido -y denunciado al Servicio Andaluz de Salud (SAS)- por los retrasos en el diagn\u00f3stico y el tratamiento de una enfermedad que mata cada a\u00f1o a unas 7.000 mujeres en Espa\u00f1a.\n    <\/p>\n<p class=\"article-text\">\n        Hace apenas una semana, Moreno neg\u00f3 en el Parlamento que esto estuviera ocurriendo, en respuesta a las cr\u00edticas del PSOE, que se hizo eco de las denuncias de una decena de mujeres afectadas. \u201cLista de espera en el c\u00e1ncer no hay\u201d, lleg\u00f3 a decir. El l\u00edder popular ha cambiado dr\u00e1sticamente de registro al expandirse el n\u00famero de denuncias, de cuatro a casi 15 en pocos d\u00edas. Pero Moreno tambi\u00e9n ha disculpado y ratificado en su puesto a su consejera de Salud, Roc\u00edo Hern\u00e1ndez, despu\u00e9s de que todos los partidos de la oposici\u00f3n hayan cuestionado su gesti\u00f3n y exigido su dimisi\u00f3n.\n    <\/p>\n<p class=\"article-text\">\n        El presidente de la Junta ha comparecido ante los medios de comunicaci\u00f3n, de forma inusual, despu\u00e9s del Consejo de Gobierno de este mi\u00e9rcoles, reunido tambi\u00e9n de forma extraordinaria en las Reales Atarazanas de Sevilla, una monumental obra medieval en el centro de la capital andaluza que acaba de rehabilitarse para el gran p\u00fablico tras 30 a\u00f1os cerrada.\n    <\/p>\n<p class=\"article-text\">\n        Esta inauguraci\u00f3n ha servido de plataforma a Moreno para dar otro protagonismo a la reuni\u00f3n semanal de su Gobierno. El presidente no ha tomado la palabra para dar cuenta de los asuntos tratados -como suele hacer la portavoz de la Junta y consejera de Hacienda- sino para recordar varios \u201ccompromisos electorales cumplidos\u201d, como la culminaci\u00f3n de las obras en las Atarazanas, y para anunciar nuevas promesas, como otra ayuda de 200 euros para quien tenga un hijo -o adopte o acoga a un ni\u00f1o- en 2026, o 22 inauguraciones de sendos centros de salud en los pr\u00f3ximos cuatro meses, hasta febrero, a las puertas de las pr\u00f3ximas elecciones andaluzas.\n    <\/p>\n<p class=\"article-text\">\n        La exposici\u00f3n triunfal de Moreno se ha topado, sin embargo, con el esc\u00e1ndalo que ha provocado la situaci\u00f3n de m\u00e1s de una docena de mujeres con c\u00e1ncer de mama que han denunciado al Servicio Andaluz de Salud (SAS) por los retrasos en el diagn\u00f3stico \u201cprecoz\u201d de su enfermedad, en algunos casos de hasta dos a\u00f1os.\n    <\/p>\n<p class=\"article-text\">\n        El asunto, revelado por la Cadena Ser y que el Defensor del Paciente en Andaluc\u00eda ha elevado a la Fiscal\u00eda, ha cobrado una dimensi\u00f3n pol\u00edtica mayor, cuando toda la oposici\u00f3n en bloque ha cuestionado y pedido la dimisi\u00f3n de la consejera de Salud, Roc\u00edo Hern\u00e1ndez, por la \u201cnefasta gesti\u00f3n\u201d de la sanidad andaluza.\n    <\/p>\n<p class=\"article-text\">\n        La situaci\u00f3n se ha enrarecido a\u00fan m\u00e1s este mismo mi\u00e9rcoles, por la ma\u00f1ana, cuando Hern\u00e1ndez ha pedido disculpas a las mujeres durante una entrevista en la Cadena Ser, pero acto seguido ha afeado a las enfermas que no se hubieran puesto en contacto con la Administraci\u00f3n sanitaria, ha hablado de \u201cerrores de comunicaci\u00f3n\u201d por parte de la asociaci\u00f3n que las representa (Amama), y denunciado la \u201cmanipulaci\u00f3n del sistema sanitario andaluz\u201d. A las cr\u00edticas pol\u00edticas se han unido las protestas contra Hern\u00e1ndez por la \u201cfalta absoluta de empat\u00eda\u201d con mujeres a las que se les ha detectado tarde un c\u00e1ncer.\n    <\/p>\n<p class=\"article-text\">\n        Esta cr\u00edtica a las maneras de la consejera de Salud, cuyo perfil es claramente m\u00e1s tecn\u00f3crata que pol\u00edtico, tambi\u00e9n se escuchan en el seno del Gobierno de Moreno que, a menudo, se ha quejado de la falta de tacto al tratar con los sindicatos sanitarios, pacientes y asociaciones que hostigan a la Junta por los d\u00e9ficit del SAS y las largas listas de espera para conseguir m\u00e9dico.\n    <\/p>\n<p class=\"article-text\">\n        Moreno se ha encontrado con este asunto tras su larga comparecencia y, tras pedir tambi\u00e9n disculpas a las afectadas y anunciar un circuito \u201cpreferente\u201d para quienes ya tienen un diagn\u00f3stico de c\u00e1ncer, ha respondido que no piensa destituir a su consejera de Salud, como le est\u00e1 exigiendo la oposici\u00f3n.\n    <\/p>\n<p class=\"article-text\">\n        Lo que s\u00ed ha hecho es mandarle un recado, esto es, m\u00e1s trabajo y algo m\u00e1s \u201calma\u201d. \u201cLa consejera lo que tiene que hacer ahora, y su equipo, es afanarse en localizar los errores que ha habido en el protocolo, reunirse con la asociaci\u00f3n Amama para que nos faciliten y nos ayuden a localizar a esas pacientes y, por tanto, tiene que dedicarse en cuerpo y alma a su trabajo actual y no a entrar en una crisis de gesti\u00f3n en una consejer\u00eda tan importante como la de Salud. No est\u00e1 la Consejer\u00eda de Salud para vaivenes, para cambios y modificaciones. Tenemos que trabajar con m\u00e1s ah\u00ednco y determinaci\u00f3n y m\u00e1s eficacia\u201d, ha sentenciado.\n    <\/p>\n<p class=\"article-text\">\n        La Consejer\u00eda de Salud no ten\u00eda concertado este mi\u00e9rcoles ninguna reuni\u00f3n con la asociaci\u00f3n Amana, que es de quien parte la denuncia p\u00fablica por la situaci\u00f3n de al menos una docena de mujeres la semana pasada. En cambio, el grupo parlamentario socialista s\u00ed anunci\u00f3 por la ma\u00f1ana una reuni\u00f3n con esta entidad, prevista para las 16.00 horas. Moreno era consciente de ello, y ha pedido \u201cayuda\u201d a la asociaci\u00f3n Amama para localizar los fallos del protocolo, y para que se re\u00fanan con la consejera \u201ca la mayor brevedad posible\u201d.\n    <\/p>\n<p class=\"article-text\">\n        El Gobierno andaluz ha ampliado el rango de los cribados para el diagn\u00f3stico precoz de c\u00e1ncer de mama. Antes el SAS enviaba una carta de aviso para hacer una mamograf\u00eda preventiva a una mujer cuando cumpl\u00eda los 50 a\u00f1os, y se manten\u00eda la vigilancia hasta los 69 a\u00f1os. Ahora empieza a los 49 a\u00f1os y se prolonga hasta los 71, y la promesa del Ejecutivo de Moreno es llegar al rango de 45 a 74 a\u00f1os, de manera progresiva (en 2026 se prev\u00e9 bajar a 48) para lo cual se han comprado nuevos mam\u00f3grafos y formado al personal sanitario que debe utilizarlos.\n    <\/p>\n<p class=\"article-text\">\n        El cribado es una prueba que se hace de manera peri\u00f3dica cada dos a\u00f1os, el SAS invita a medio mil\u00f3n de mujeres cada a\u00f1o, de las cuales participa el 80%, seg\u00fan datos de la Consejer\u00eda de Salud. Entre enero y agosto de este a\u00f1o, el SAS ha identificado a tiempo 1.8792 c\u00e1ncer de mama que, dice Moreno, \u201chan salvado vidas\u201d. El presidente de la Junta ha insistido en que \u201cno tienen constancia\u201d de la gravedad de la situaci\u00f3n que han denunciado estas mujeres, y ha prometido que se \u201cva a revisar uno a uno\u201d cada caso, as\u00ed como \u201cel protocolo de detecci\u00f3n precoz para evitar m\u00e1s errores\u201d.\n    <\/p>\n<p class=\"article-text\">\n        La consejera de Salud ha admitido que no conoc\u00eda los casos concretos de las mujeres que han denunciado retrasos graves tanto en el diagn\u00f3stico como en el tratamiento del c\u00e1ncer de mama pero, al escuchar los testimonios a trav\u00e9s de la Cadena Ser, sospecha que se trata de \u201cresultados no concluyentes\u201d. Cuando es un diagn\u00f3stico positivo de c\u00e1ncer de mama se comunica directamente a la paciente, as\u00ed como los negativos (es un protocolo automatizado), explican fuentes de la consejer\u00eda.\n    <\/p>\n<p class=\"article-text\">\n        Los casos no concluyentes, sin embargo, entran en un circuito diferente que es donde el Gobierno andaluz cree que ha podido estar \u201cla falla\u201d, de ah\u00ed que se est\u00e9n revisando los expedientes de este circuito concreto, en cada centro, y uno por uno.\n    <\/p>\n<p class=\"article-text\">\n        El PSOE, por su parte, ha pedido la dimisi\u00f3n de Hern\u00e1ndez y ha puesto el acento en la derivaci\u00f3n de las pruebas de cribado de c\u00e1ncer de mama a la sanidad privada. Su portavoz parlamentaria, Mar\u00eda M\u00e1rquez, asegura que son \u201cla mayor\u00eda\u201d, aunque no ha cuantificado el dato ni aclarado d\u00f3nde exactamente se han producido esos fallos de protocolo que retrasaron tanto el diagn\u00f3stico de las mujeres afectadas.\n    <\/p>\n<p class=\"article-text\">\n        Tambi\u00e9n la vicepresidenta del Gobierno y candidata del PSOE en las elecciones andaluzas, Mar\u00eda Jes\u00fas Montero, ha criticado duramente la \u201cfalta de empat\u00eda\u201d de la consejera, ha culpado a la gesti\u00f3n sanitaria del Gobierno de Moreno de los retrasos en el tratamiento de c\u00e1ncer de mama y ha sentenciado que, si estos problemas existen en un asunto tan grave como un c\u00e1ncer, el retraso en el resto de dolencias puede ser incluso peor.\n    <\/p>\n<p>    <a href=\"https:\/\/www.eldiario.es\/andalucia\/consejera-andaluza-salud-achaca-error-comunicacion-fallos-deteccion-precoz-cancer-mama_1_12646667.html\" data-mrf-recirculation=\"saber-mas-abajo\" data-dl-event=\"saber-mas-abajo\" rel=\"nofollow noopener\" target=\"_blank\"><\/p>\n<p class=\"know-more__title\">La consejera andaluza de Salud achaca a un \u201cerror de comunicaci\u00f3n\u201d los fallos en la detecci\u00f3n precoz del c\u00e1ncer de mama\n<\/p>\n<p>            <img decoding=\"async\" class=\"lazy\" loading=\"lazy\" data-src=\"https:\/\/static.eldiario.es\/clip\/40990967-eec3-476e-b077-599b4f51dc57_16-9-aspect-ratio_default_0.jpg\" src=\"data:image\/svg+xml,%3Csvg xmlns=\" http:=\"\" viewbox=\"0 0 880 495\" alt=\"La consejera andaluza de Salud achaca a un &quot;error de comunicaci\u00f3n&quot; los fallos en la detecci\u00f3n precoz del c\u00e1ncer de mama\"\/><\/p>\n<p>                        <\/a><\/p>\n<p class=\"article-text\">\n        Mar\u00eda \u00c1ngeles Prieto, la portavoz parlamentaria del PSOE en sanidad, ha asegurado tras la reuni\u00f3n con la asociaci\u00f3n Amama que en tan solo 48 horas hay ya m\u00e1s de 50 casos documentados de mujeres afectadas por los fallos en el cribado de c\u00e1ncer de mama.\n    <\/p>\n","protected":false},"excerpt":{"rendered":"El presidente de la Junta de Andaluc\u00eda, Juan Manuel Moreno, ha pedido disculpas p\u00fablicas a las mujeres con&hellip;\n","protected":false},"author":2,"featured_media":151559,"comment_status":"","ping_status":"","sticky":false,"template":"","format":"standard","meta":{"footnotes":""},"categories":[8],"tags":[1705,259,17,18,2760,3854,25,24,13,14,494,11,1667,19,20,3855,9,10,15,16,1925,1171,23,12,21,22],"class_list":{"0":"post-151558","1":"post","2":"type-post","3":"status-publish","4":"format-standard","5":"has-post-thumbnail","7":"category-espana","8":"tag-analisis","9":"tag-andalucia","10":"tag-breaking-news","11":"tag-breakingnews","12":"tag-cordoba","13":"tag-eldiario-es","14":"tag-es","15":"tag-espana","16":"tag-featured-news","17":"tag-featurednews","18":"tag-granada","19":"tag-headlines","20":"tag-informacion","21":"tag-latest-news","22":"tag-latestnews","23":"tag-malaga","24":"tag-news","25":"tag-noticias","26":"tag-noticias-destacadas","27":"tag-noticiasdestacadas","28":"tag-opinion","29":"tag-sevilla","30":"tag-spain","31":"tag-titulares","32":"tag-ultimas-noticias","33":"tag-ultimasnoticias"},"share_on_mastodon":{"url":"","error":""},"_links":{"self":[{"href":"https:\/\/www.europesays.com\/es\/wp-json\/wp\/v2\/posts\/151558","targetHints":{"allow":["GET"]}}],"collection":[{"href":"https:\/\/www.europesays.com\/es\/wp-json\/wp\/v2\/posts"}],"about":[{"href":"https:\/\/www.europesays.com\/es\/wp-json\/wp\/v2\/types\/post"}],"author":[{"embeddable":true,"href":"https:\/\/www.europesays.com\/es\/wp-json\/wp\/v2\/users\/2"}],"replies":[{"embeddable":true,"href":"https:\/\/www.europesays.com\/es\/wp-json\/wp\/v2\/comments?post=151558"}],"version-history":[{"count":0,"href":"https:\/\/www.europesays.com\/es\/wp-json\/wp\/v2\/posts\/151558\/revisions"}],"wp:featuredmedia":[{"embeddable":true,"href":"https:\/\/www.europesays.com\/es\/wp-json\/wp\/v2\/media\/151559"}],"wp:attachment":[{"href":"https:\/\/www.europesays.com\/es\/wp-json\/wp\/v2\/media?parent=151558"}],"wp:term":[{"taxonomy":"category","embeddable":true,"href":"https:\/\/www.europesays.com\/es\/wp-json\/wp\/v2\/categories?post=151558"},{"taxonomy":"post_tag","embeddable":true,"href":"https:\/\/www.europesays.com\/es\/wp-json\/wp\/v2\/tags?post=151558"}],"curies":[{"name":"wp","href":"https:\/\/api.w.org\/{rel}","templated":true}]}}