{"id":151562,"date":"2025-10-01T22:30:10","date_gmt":"2025-10-01T22:30:10","guid":{"rendered":"https:\/\/www.europesays.com\/es\/151562\/"},"modified":"2025-10-01T22:30:10","modified_gmt":"2025-10-01T22:30:10","slug":"martina-romero-aqui-puedo-salir-a-la-calle-con-el-movil-y-alli-he-de-estar-a-mil-ojos","status":"publish","type":"post","link":"https:\/\/www.europesays.com\/es\/151562\/","title":{"rendered":"Martina Romero: \u00abAqu\u00ed puedo salir a la calle con el m\u00f3vil y all\u00ed he de estar a mil ojos\u00bb"},"content":{"rendered":"<p>Es algo t\u00edmida en lo personal, pero decidida y con las ideas muy claras. Una de las nuevas caras del Costa del Sol M\u00e1laga, la  &#8230; argentina Martina Romero, no dud\u00f3 en cruzar el oc\u00e9ano con s\u00f3lo 19 a\u00f1os (ahora 23) para perseguir su sue\u00f1o de ser profesional. Cuando lleg\u00f3 a Espa\u00f1a a\u00fan no sab\u00eda que recalar\u00eda aqu\u00ed, pero ya desde antes de marcharse, so\u00f1aba con este pa\u00eds, ve\u00eda partidos de la liga espa\u00f1ola en su casa y se identificaba con el car\u00e1cter de este equipo. Ahora, la internacional, tambi\u00e9n estudiante de Contabilidad, espera cumplir una nueva meta y levantar su primer t\u00edtulo con un club aqu\u00ed, en su nueva casa. Por lo pronto su equipo comienza una andadura europea ante el Dudelange luxemburgu\u00e9s. Una eliminatoria que abrir\u00e1 la nueva campa\u00f1a en Europa y que se disputar\u00e1 este viernes y s\u00e1bado.<\/p>\n<p class=\"v-p\"><strong>\u2013\u00bfC\u00f3mo nace su pasi\u00f3n el balonmano? \u00bfD\u00f3nde comenz\u00f3?<\/strong><\/p>\n<p class=\"v-p\">-Empec\u00e9 en el colegio, all\u00ed en Buenos Aires, y este ten\u00eda un club, as\u00ed que cuando acababan las clases siempre me quedaba all\u00ed entren\u00e1ndome. Hice otros deportes, como gimnasia art\u00edstica o tenis, pero me gustaba m\u00e1s jugar en equipo. <\/p>\n<p class=\"v-p\"><strong>-Creci\u00f3 en ese mismo club hasta llegar al primer equipo, que compite en la m\u00e1xima categor\u00eda. Comparando la primera divisi\u00f3n de Argentina y de Espa\u00f1a, \u00bfhay diferencia de nivel? \u00bfSe puede llegar a vivir de este deporte all\u00ed?<\/strong><\/p>\n<p class=\"v-p\">-Es complicado, all\u00ed es &#8216;amateur&#8217;. La gente compagina el deporte con los estudios o tienes que trabajar aparte porque no se puede tener en cuenta el balonmano como un trabajo. Eso es lo que nos dificulta la carrera a muchos j\u00f3venes. O lo dejas y sigues estudiando y trabajando, o te vas fuera y lo tienes como deporte y trabajo.<\/p>\n<p class=\"v-p\"><strong>&#8211; Como es su caso, que con apenas 19 a\u00f1os y apostando por un futuro en el balonmano, tuvo que cruzar el &#8216;charco&#8217;. Aterriz\u00f3 en el Aula Valladolid, \u00bfC\u00f3mo vivi\u00f3 ese cambio tan joven y sola?<\/strong><\/p>\n<p class=\"v-p\">&#8211; Sucedi\u00f3 todo muy r\u00e1pido. Me fui justo despu\u00e9s de la pandemia. All\u00ed est\u00e1bamos entren\u00e1ndonos en la casa y desmotivaba mucho. Me enter\u00e9 que aqu\u00ed ya se estaba jugando, me lleg\u00f3 una oferta y la acept\u00e9. Estaba buscando vivir una experiencia en el extranjero.<\/p>\n<p>\n\u00abEn Argentina no se puede tener el balonmano como un trabajo, lo que nos dificulta la carrera a los j\u00f3venes\u00bb\n<\/p>\n<p class=\"v-p\"><strong>-Cuando llega a Espa\u00f1a, \u00bfle sorprende la forma de vida aqu\u00ed con respecto a la realidad econ\u00f3mica y social que est\u00e1 viviendo Argentina? O, por el contrario, \u00bfsiente que es una situaci\u00f3n similar?<\/strong><\/p>\n<p class=\"v-p\">&#8211; Es distinto s\u00ed, m\u00e1s all\u00e1 de porque tuve que independizarme y empezar a hacerlo todo sola. La situaci\u00f3n all\u00e1 es complicada con los precios. Un d\u00eda te levantas y al d\u00eda siguiente el precio del mismo producto ya se encareci\u00f3, pero m\u00e1s all\u00e1 de eso, que se habla mucho de lo econ\u00f3mico, lo que destaco es la inseguridad en la calle. Eso es lo primero que not\u00e9 en comparaci\u00f3n entre ambos pa\u00edses cuando llegu\u00e9, es incre\u00edble que aqu\u00ed puedo salir a la calle con el m\u00f3vil tranquilamente y all\u00ed tengo que estar a mil ojos. Es una pena, pero en eso y en la inflaci\u00f3n, la realidad es mi pa\u00eds es as\u00ed.<\/p>\n<p><img decoding=\"async\" loading=\"lazy\" src=\"https:\/\/www.europesays.com\/es\/wp-content\/uploads\/2025\/10\/G2MknR9XIAAfRp0-U84831137556Bkw-748x524@Diario Sur.jpg\" class=\"v-a-img\" width=\"748\" height=\"524\" alt=\"El equipo organiz\u00f3 este mi\u00e9rcoles un encuentro con sus seguidores en la plaza de la Constituci\u00f3n.\" data-voc-vtm-id=\"in-text-traffic\"\/><\/p>\n<p>El equipo organiz\u00f3 este mi\u00e9rcoles un encuentro con sus seguidores en la plaza de la Constituci\u00f3n.<\/p>\n<p>BM COSTA DEL SOL<\/p>\n<p><img loading=\"lazy\" decoding=\"async\" src=\"https:\/\/www.europesays.com\/es\/wp-content\/uploads\/2025\/10\/G2MknR9XIAAfRp0-U84831137556Bkw-748x524@Diario Sur.jpg\" class=\"v-mdl__img-z\" width=\"748\" height=\"524\" alt=\"\"\/><\/p>\n<p class=\"v-p\"><strong>&#8211; Volviendo a lo deportivo. Durante su etapa en Valladolid es subcampeona de la Copa de la Reina, anota m\u00e1s de 50 goles en 100 partidos, participa en la competici\u00f3n europea y adem\u00e1s y se estrena con la selecci\u00f3n absoluta&#8230;<\/strong><\/p>\n<p class=\"v-p\">&#8211; S\u00ed, ya desde que estaba en Argentina iba con las categor\u00edas menores y ahora ya me han llamado varias veces con la adulta, hemos logrado ser campeonas panamericanas y ya he ido a un Mundial.<\/p>\n<p>\n\u00abCon el equipo aspiro a seguir creciendo como jugadora y a ganar t\u00edtulos, obviamente\u00bb\n<\/p>\n<p class=\"v-p\"><strong>&#8211; \u00bfSue\u00f1a con ser ol\u00edmpica?<\/strong><\/p>\n<p class=\"v-p\">&#8211; Ojal\u00e1, clasificarnos ser\u00eda un sue\u00f1o. Pero antes hay un Mundial, en noviembre de este a\u00f1o y espero que me convoquen. Ojal\u00e1 que s\u00ed.<\/p>\n<p class=\"v-p\">&#8211;<strong> \u00bfC\u00f3mo fue el momento en que recibi\u00f3 la llamada del Costa del Sol M\u00e1laga?<\/strong><\/p>\n<p class=\"v-p\">&#8211; Ya conoc\u00eda al equipo desde antes de venir a Espa\u00f1a, ve\u00eda partidos de la Liga y me gustaba mucho. Siempre pens\u00e9 que quer\u00eda jugar aqu\u00ed, M\u00e1laga ha sido &#8216;top&#8217; estos a\u00f1os. Ha estado compitiendo por los t\u00edtulos. Cuando me lleg\u00f3 la oferta, ten\u00eda que aprovechar la oportunidad. Lo ve\u00eda como un desaf\u00edo porque es un equipo que siempre pelea por estar arriba y por ganar. Adem\u00e1s, tambi\u00e9n me gust\u00f3 mucho el poder aprender como central de Silvia Arderius. <\/p>\n<p class=\"v-p\"><strong>-\u00bfA qu\u00e9 aspira con el equipo?<\/strong><\/p>\n<p class=\"v-p\">-A seguir creciendo como jugadora, formarme y aprender de mis compa\u00f1eras y conseguir t\u00edtulos obviamente. Ser\u00eda muy bonito.<\/p>\n<p class=\"v-p\">&#8211;<strong>\u00bfY qu\u00e9 le ha parecido M\u00e1laga de momento?<\/strong><\/p>\n<p class=\"v-p\">&#8211; Es hermosa, el clima, la ciudad, la playa, la cultura de la gente&#8230; <\/p>\n<p class=\"v-p\"><strong>&#8211; Si vinieran sus padres a visitarla, \u00bfad\u00f3nde les llevar\u00eda?<\/strong><\/p>\n<p class=\"v-p\">-A la playa, a pasear al Centro y a algunos bares a por unas tapas y cervecitas, y despu\u00e9s, a un partido en Carranque.<\/p>\n<p class=\"v-p\"><strong>-\u00bfSe ve viviendo en Espa\u00f1a en el futuro o volver\u00eda a Argentina?<\/strong><\/p>\n<p class=\"v-p\">-Es una buena pregunta, pero soy muy familiar. No me arrepiento de irme pero querr\u00e9 recuperar este tiempo con ellos, aunque tambi\u00e9n depender\u00e1 de c\u00f3mo est\u00e9 la situaci\u00f3n all\u00ed.<\/p>\n","protected":false},"excerpt":{"rendered":"Es algo t\u00edmida en lo personal, pero decidida y con las ideas muy claras. Una de las nuevas&hellip;\n","protected":false},"author":2,"featured_media":151563,"comment_status":"","ping_status":"","sticky":false,"template":"","format":"standard","meta":{"footnotes":""},"categories":[278],"tags":[376,10872,168,25,24,1141,375,12412,3105,10540,2634,1685,13603,16427,23,167],"class_list":{"0":"post-151562","1":"post","2":"type-post","3":"status-publish","4":"format-standard","5":"has-post-thumbnail","7":"category-balonmano","8":"tag-balonmano","9":"tag-calle","10":"tag-deportes","11":"tag-es","12":"tag-espana","13":"tag-estar","14":"tag-handball","15":"tag-martina","16":"tag-mil","17":"tag-movil","18":"tag-ojos","19":"tag-puedo","20":"tag-romero","21":"tag-salir","22":"tag-spain","23":"tag-sports"},"share_on_mastodon":{"url":"","error":""},"_links":{"self":[{"href":"https:\/\/www.europesays.com\/es\/wp-json\/wp\/v2\/posts\/151562","targetHints":{"allow":["GET"]}}],"collection":[{"href":"https:\/\/www.europesays.com\/es\/wp-json\/wp\/v2\/posts"}],"about":[{"href":"https:\/\/www.europesays.com\/es\/wp-json\/wp\/v2\/types\/post"}],"author":[{"embeddable":true,"href":"https:\/\/www.europesays.com\/es\/wp-json\/wp\/v2\/users\/2"}],"replies":[{"embeddable":true,"href":"https:\/\/www.europesays.com\/es\/wp-json\/wp\/v2\/comments?post=151562"}],"version-history":[{"count":0,"href":"https:\/\/www.europesays.com\/es\/wp-json\/wp\/v2\/posts\/151562\/revisions"}],"wp:featuredmedia":[{"embeddable":true,"href":"https:\/\/www.europesays.com\/es\/wp-json\/wp\/v2\/media\/151563"}],"wp:attachment":[{"href":"https:\/\/www.europesays.com\/es\/wp-json\/wp\/v2\/media?parent=151562"}],"wp:term":[{"taxonomy":"category","embeddable":true,"href":"https:\/\/www.europesays.com\/es\/wp-json\/wp\/v2\/categories?post=151562"},{"taxonomy":"post_tag","embeddable":true,"href":"https:\/\/www.europesays.com\/es\/wp-json\/wp\/v2\/tags?post=151562"}],"curies":[{"name":"wp","href":"https:\/\/api.w.org\/{rel}","templated":true}]}}