{"id":151564,"date":"2025-10-01T22:32:10","date_gmt":"2025-10-01T22:32:10","guid":{"rendered":"https:\/\/www.europesays.com\/es\/151564\/"},"modified":"2025-10-01T22:32:10","modified_gmt":"2025-10-01T22:32:10","slug":"khalil-rountree-espera-que-la-batalla-de-jiri-prochazka-no-sea-violenta-en-ufc-320","status":"publish","type":"post","link":"https:\/\/www.europesays.com\/es\/151564\/","title":{"rendered":"Khalil Rountree espera que la batalla de Jiri Prochazka no sea violenta en UFC 320"},"content":{"rendered":"<p>        <a href=\"https:\/\/www.europesays.com\/es\/wp-content\/uploads\/2025\/10\/gettyimages-2177026838.jpg\" data-caption=\"\"><img decoding=\"async\" post-id=\"54226\" fifu-featured=\"1\" width=\"640\" height=\"\" class=\"entry-thumb td-modal-image\" src=\"https:\/\/www.europesays.com\/es\/wp-content\/uploads\/2025\/10\/gettyimages-2177026838.jpg\" alt=\"Khalil Rountree espera que la batalla de Jiri Prochazka no sea violenta en UFC 320\" title=\"Khalil Rountree espera que la batalla de Jiri Prochazka no sea violenta en UFC 320\"\/><\/a><\/p>\n<p class=\"duet--article--dangerously-set-cms-markup duet--article--standard-paragraph _1nfb3k4i _16w9vov1 _16w9vov0 ls9zuh1\">No. 2 Final Battle Championship (UFC) Ligero liviano <strong>Jiri prochazka<\/strong> Y 4to lugar <strong>Rouncree Khalil<\/strong> Chocar\u00e1 en la tarjeta de pago por visi\u00f3n \u201cdestacada\u201d de UFC 320 este fin de semana (s\u00e1bado 4 de octubre de 2025) <strong>T-Mobile Arena<\/strong> en Las Vegas, Nevada.<\/p>\n<p class=\"duet--article--dangerously-set-cms-markup duet--article--standard-paragraph _1nfb3k4i _16w9vov1 _16w9vov0 ls9zuh1\">En el papel, Prochazka vs. Rountree parece un caos garantizado: un enfrentamiento violento y de alto octanaje entre dos m\u00e1quinas graduadas. Pero si dependiera del \u201ccaballo de guerra\u201d, preferir\u00eda no ver que las cosas se pongan demasiado feas.<\/p>\n<p class=\"duet--article--dangerously-set-cms-markup duet--article--standard-paragraph _1nfb3k4i _16w9vov1 _16w9vov0 ls9zuh1\">Durante el D\u00eda de los Medios de UFC 320 (ver aqu\u00ed), se le pregunt\u00f3 a Rountree si los fan\u00e1ticos deber\u00edan esperar una guerra en la sangre.<\/p>\n<p class=\"duet--article--dangerously-set-cms-markup duet--article--standard-paragraph _1nfb3k4i _16w9vov1 _16w9vov0 ls9zuh1\">\u201cEspero que no\u201d, dijo Ruentry con una sonrisa. \u201cEstoy listo. Honestamente, todo es f\u00e1cil ahora, pero estoy listo para cualquier cosa. Creo que despu\u00e9s de eso <strong>Alex<\/strong> (<strong>Pereira<\/strong>) Lucha, prob\u00e9 a m\u00ed mismo qu\u00e9 tan lejos puedo llegar y hasta d\u00f3nde estoy dispuesto a llegar, si la pelea va all\u00ed. \u00bfEstoy rezando por esta batalla violenta y sangrienta? En absoluto. Si fue all\u00ed, fui all\u00ed y estaba listo. \u201c<\/p>\n<p class=\"duet--article--dangerously-set-cms-markup duet--article--standard-paragraph _1nfb3k4i _16w9vov1 _16w9vov0 ls9zuh1\">Desafortunadamente para Rountree, su deseo puede estar en sus manos. Prochazka es uno de los combatientes m\u00e1s impredecibles y ca\u00f3ticos de la lista, un carrete destacado para la humanidad que simplemente no sabe c\u00f3mo frenar las cosas. Su enfoque totalmente lleno de correa ha llevado a la batalla m\u00e1s emocionante en la historia reciente de UFC.<\/p>\n<p class=\"duet--article--dangerously-set-cms-markup duet--article--standard-paragraph _1nfb3k4i _16w9vov1 _16w9vov0 ls9zuh1\">Dado que ambos trajeron potencia de fuego, incluso si uno de ellos quer\u00eda lograr resultados calmantes, no todos tuvieron que esperar mucho para ver que todo se fuera. Son solo tres d\u00edas antes de que UFC 320 responda preguntas.<\/p>\n<p class=\"duet--article--dangerously-set-cms-markup duet--article--standard-paragraph _1nfb3k4i _16w9vov1 _16w9vov0 ls9zuh1\">Recuerda esto <strong>mmamania.com<\/strong> Proporcionar\u00e1 una gama completa de c\u00edrculos en tiempo real, cobertura de golpe y disparo <strong>Card de batalla UFC 320<\/strong>,de <strong>ESPN\/ESPN+<\/strong> \u201c<strong>Preliminar<\/strong>\u201cMatriota en l\u00ednea, el plan de correspondencia es <strong>6 pm y<\/strong>,Antes <strong>Hora de inicio de la tarjeta principal<\/strong> existir <strong>A las 10 pm y<\/strong> (Tambi\u00e9n en <strong>ESPN+<\/strong>).<\/p>\n<p class=\"duet--article--dangerously-set-cms-markup duet--article--standard-paragraph _1nfb3k4i _16w9vov1 _16w9vov0 ls9zuh1\"><strong>Para ver las \u00faltimas noticias y notas de UFC 320: \u201cAnkalaev vs. Pereira 2\u201d, aseg\u00farese de hacer nuestro archivo integral de eventos aqu\u00ed.<\/strong><\/p>\n<p><a href=\"https:\/\/www.mmamania.com\/ufc-320-ankalaev-vs-pereira-rematch-start-time-full-results-espn-mma\/392967\/ufc-320s-khalil-rountree-hopes-to-avoid-a-violent-bloody-fight-with-jiri-prochazka?rand=115\" rel=\"nofollow noopener\" target=\"_blank\">Enlace de origen<\/a><\/p>\n","protected":false},"excerpt":{"rendered":"No. 2 Final Battle Championship (UFC) Ligero liviano Jiri prochazka Y 4to lugar Rouncree Khalil Chocar\u00e1 en la&hellip;\n","protected":false},"author":2,"featured_media":151565,"comment_status":"","ping_status":"","sticky":false,"template":"","format":"standard","meta":{"footnotes":""},"categories":[276],"tags":[168,25,24,23,167,343],"class_list":{"0":"post-151564","1":"post","2":"type-post","3":"status-publish","4":"format-standard","5":"has-post-thumbnail","7":"category-ufc","8":"tag-deportes","9":"tag-es","10":"tag-espana","11":"tag-spain","12":"tag-sports","13":"tag-ufc"},"share_on_mastodon":{"url":"","error":""},"_links":{"self":[{"href":"https:\/\/www.europesays.com\/es\/wp-json\/wp\/v2\/posts\/151564","targetHints":{"allow":["GET"]}}],"collection":[{"href":"https:\/\/www.europesays.com\/es\/wp-json\/wp\/v2\/posts"}],"about":[{"href":"https:\/\/www.europesays.com\/es\/wp-json\/wp\/v2\/types\/post"}],"author":[{"embeddable":true,"href":"https:\/\/www.europesays.com\/es\/wp-json\/wp\/v2\/users\/2"}],"replies":[{"embeddable":true,"href":"https:\/\/www.europesays.com\/es\/wp-json\/wp\/v2\/comments?post=151564"}],"version-history":[{"count":0,"href":"https:\/\/www.europesays.com\/es\/wp-json\/wp\/v2\/posts\/151564\/revisions"}],"wp:featuredmedia":[{"embeddable":true,"href":"https:\/\/www.europesays.com\/es\/wp-json\/wp\/v2\/media\/151565"}],"wp:attachment":[{"href":"https:\/\/www.europesays.com\/es\/wp-json\/wp\/v2\/media?parent=151564"}],"wp:term":[{"taxonomy":"category","embeddable":true,"href":"https:\/\/www.europesays.com\/es\/wp-json\/wp\/v2\/categories?post=151564"},{"taxonomy":"post_tag","embeddable":true,"href":"https:\/\/www.europesays.com\/es\/wp-json\/wp\/v2\/tags?post=151564"}],"curies":[{"name":"wp","href":"https:\/\/api.w.org\/{rel}","templated":true}]}}