{"id":151568,"date":"2025-10-01T22:35:11","date_gmt":"2025-10-01T22:35:11","guid":{"rendered":"https:\/\/www.europesays.com\/es\/151568\/"},"modified":"2025-10-01T22:35:11","modified_gmt":"2025-10-01T22:35:11","slug":"el-psn-de-tudela-exige-responsabilidades-a-toquero-tras-la-nulidad-definitiva-de-la-subvencion-al-ribera-navarra-fs","status":"publish","type":"post","link":"https:\/\/www.europesays.com\/es\/151568\/","title":{"rendered":"El PSN de Tudela exige responsabilidades a Toquero tras la nulidad definitiva de la subvenci\u00f3n al Ribera Navarra FS"},"content":{"rendered":"<p>\n        \u00a0El <strong>PSN de <\/strong><a href=\"https:\/\/www.noticiasdenavarra.com\/tags\/tudela\/\" title=\"Tudela\" target=\"_blank\" class=\"link copy\" rel=\"nofollow noopener\"><strong>Tudela <\/strong><\/a><strong>considera \u201cmuy grave\u201d la sentencia firme del Tribunal Contencioso Administrativo de Navarra que declara definitivamente nula la subvenci\u00f3n de 12.100 euros<\/strong> concedida en mayo de 2024 por <strong>el alcalde <\/strong><a href=\"https:\/\/www.noticiasdenavarra.com\/tags\/alejandro-toquero\/\" title=\"Alejandro Toquero\" target=\"_blank\" class=\"link copy\" rel=\"nofollow noopener\"><strong>Alejandro Toquero<\/strong><\/a><strong> al Ribera Navarra FS, <\/strong>con el objetivo de promocionar las Fiestas de la Verdura en camisetas cuando \u00e9stas ya hab\u00edan concluido.\n<\/p>\n<p class=\"article-body__text \">\n        As\u00ed ha reaccionado el Partido Socialista <strong>al<\/strong><a href=\"https:\/\/www.noticiasdenavarra.com\/navarra\/2025\/09\/30\/declara-nula-forma-definitiva-subvencion-10150582.html\" title=\"art\u00edculo publicado por DIARIO DE NOTICIAS\" class=\"link copy\" rel=\"nofollow noopener\" target=\"_blank\"> art\u00edculo publicado por DIARIO DE NOTICIAS<\/a>. \u201cEsta resoluci\u00f3n judicial <strong>desmonta, una vez m\u00e1s, la manera opaca y arbitraria de gobernar de Toquero.<\/strong> Lo advertimos en su d\u00eda y ahora la Justicia nos da la raz\u00f3n: se utiliz\u00f3 el dinero p\u00fablico sin transparencia, sin criterio y en beneficio de intereses particulares\u201d, dice la portavoz socialista Olga Chueca.\n<\/p>\n<p>        \u00abToquero gobierna a base de amiguismos y arbitrariedad, anteponiendo su propio inter\u00e9s al de la ciudadan\u00eda. Y ahora son los tudelanos y tudelanas quienes pagan las consecuencias de su irresponsabilidad\u201d<\/p>\n<p class=\"article-quote__author\">Olga Chueca &#8211; Concejala del PSN en Tudela<\/p>\n<p>  <strong>El Ayuntamiento deber\u00e1 reclamar al Club 12.100 euros<\/strong><\/p>\n<p class=\"article-body__text \">\n        Los socialistas de Tudela subrayan que <strong>las consecuencias de \u201cesta mala gesti\u00f3n son especialmente graves\u201d<\/strong>. Por este motivo afirman que el Ayuntamiento deber\u00e1 reclamar al Club los 12.100 euros abonados sin cobertura legal, mientras que <strong>la ciudadan\u00eda de Tudela tendr\u00e1 que asumir las costas judiciales derivadas de la defensa <\/strong>que el alcalde emprendi\u00f3 \u201cpara sostener lo insostenible\u201d.\n<\/p>\n<p class=\"article-body__text \">\n        \u201cEsta sentencia confirma lo que venimos denunciando desde hace tiempo: <strong>Toquero gobierna a base de amiguismos y arbitrariedad, anteponiendo su propio inter\u00e9s al de la ciudadan\u00eda.<\/strong> Y ahora son los tudelanos y tudelanas quienes pagan las consecuencias de su irresponsabilidad\u201d, a\u00f1ade Chueca. \u201cEl se\u00f1or <strong>Toquero confunde Tudela con su cortijo, pero la Justicia le ha vuelto a poner l\u00edmites<\/strong>. No se puede jugar con el dinero de todos ni gobernar a golpe de capricho. Tudela merece un Ayuntamiento serio, transparente y responsable\u201d, concluye.<\/p>\n","protected":false},"excerpt":{"rendered":"\u00a0El PSN de Tudela considera \u201cmuy grave\u201d la sentencia firme del Tribunal Contencioso Administrativo de Navarra que declara&hellip;\n","protected":false},"author":2,"featured_media":151569,"comment_status":"","ping_status":"","sticky":false,"template":"","format":"standard","meta":{"footnotes":""},"categories":[273],"tags":[313,312,168,25,24,5820,13841,45901,23,167,45902,44],"class_list":{"0":"post-151568","1":"post","2":"type-post","3":"status-publish","4":"format-standard","5":"has-post-thumbnail","7":"category-ciclismo","8":"tag-ciclismo","9":"tag-cycling","10":"tag-deportes","11":"tag-es","12":"tag-espana","13":"tag-exige","14":"tag-psn","15":"tag-responsabilidades","16":"tag-spain","17":"tag-sports","18":"tag-toquero","19":"tag-tudela"},"share_on_mastodon":{"url":"","error":""},"_links":{"self":[{"href":"https:\/\/www.europesays.com\/es\/wp-json\/wp\/v2\/posts\/151568","targetHints":{"allow":["GET"]}}],"collection":[{"href":"https:\/\/www.europesays.com\/es\/wp-json\/wp\/v2\/posts"}],"about":[{"href":"https:\/\/www.europesays.com\/es\/wp-json\/wp\/v2\/types\/post"}],"author":[{"embeddable":true,"href":"https:\/\/www.europesays.com\/es\/wp-json\/wp\/v2\/users\/2"}],"replies":[{"embeddable":true,"href":"https:\/\/www.europesays.com\/es\/wp-json\/wp\/v2\/comments?post=151568"}],"version-history":[{"count":0,"href":"https:\/\/www.europesays.com\/es\/wp-json\/wp\/v2\/posts\/151568\/revisions"}],"wp:featuredmedia":[{"embeddable":true,"href":"https:\/\/www.europesays.com\/es\/wp-json\/wp\/v2\/media\/151569"}],"wp:attachment":[{"href":"https:\/\/www.europesays.com\/es\/wp-json\/wp\/v2\/media?parent=151568"}],"wp:term":[{"taxonomy":"category","embeddable":true,"href":"https:\/\/www.europesays.com\/es\/wp-json\/wp\/v2\/categories?post=151568"},{"taxonomy":"post_tag","embeddable":true,"href":"https:\/\/www.europesays.com\/es\/wp-json\/wp\/v2\/tags?post=151568"}],"curies":[{"name":"wp","href":"https:\/\/api.w.org\/{rel}","templated":true}]}}