{"id":15157,"date":"2025-07-31T01:01:10","date_gmt":"2025-07-31T01:01:10","guid":{"rendered":"https:\/\/www.europesays.com\/es\/15157\/"},"modified":"2025-07-31T01:01:10","modified_gmt":"2025-07-31T01:01:10","slug":"la-contrarreloj-de-valladolid-llamada-a-ser-juez-de-la-vuelta-a-espana-ciclismo","status":"publish","type":"post","link":"https:\/\/www.europesays.com\/es\/15157\/","title":{"rendered":"La contrarreloj de Valladolid, llamada a ser juez de la Vuelta a Espa\u00f1a &#8211; Ciclismo"},"content":{"rendered":"<ol>\n<li><a href=\"https:\/\/news.google.com\/rss\/articles\/CBMiakFVX3lxTE1jOUk0aWlncktYRjNZSXk4SEpVcVhaVHBCZ2M4c1lYQUxzTXZEd2hQbktqeW5JMzNtWW8tclE4UnBCaVNmbGFoQ1pxbGlGQmFlTDRyRW8tWTdhUlVCUFVNU1JHNE8tWEdjRHc?oc=5\" target=\"_blank\" rel=\"nofollow noopener\">La contrarreloj de Valladolid, llamada a ser juez de la Vuelta a Espa\u00f1a<\/a>&nbsp;&nbsp;Ciclismo<\/li>\n<li><a href=\"https:\/\/news.google.com\/rss\/articles\/CBMilgFBVV95cUxQdy1tc0VKYkpPNzVzUEg3NkJJeXJqWncydVM3RldMX3BBM0kzQlVJd3lXWDAxcHFjOWlPS1JvRFZ2VllCeFVJWnFnRUxVWjZLVEpJbGRLYmpvTWVsY3JKb01zX3Y3RXBXOFFxWFRKZHFaNk9MZndZQk9SaDYzUXdKdGgtZVptLW1sOEcyRGZnMkgxQ08zMEHSAZsBQVVfeXFMTi1iR1MxNjBBSDhHR1FsZFVSMWJKbkNkdkRTQVBDQkstUHNEcnRneG9URGVGeXpxQU5OR3NfbnRTd29PeURiUEVHTXFEblI3dVR1VGl4U0NiVFNRVjBJTkRRZGZiNU9fb2ZRVE9ycDBOaDIwZkhYTFVScTVPMkZqclc5RWtmV01SdThJLVNuWDJIbkhoZUYzcXFCc3M?oc=5\" target=\"_blank\" rel=\"nofollow noopener\">La Vuelta a Espa\u00f1a 2025 se decidir\u00e1 en la contrarreloj de Valladolid, a solo tres d\u00edas del final<\/a>&nbsp;&nbsp;El Confidencial<\/li>\n<li><a href=\"https:\/\/news.google.com\/rss\/articles\/CBMiqwFBVV95cUxPakdtNEJycDRDRVZvMklIRU9iTWRlSDh3V2JsYVlwWk1TYTdxOHduckxXY2VxcmF2cVVFVjJ5Yk1EQlp4S2JnRFlsNlZFUENjWE5mNDY1TmNnVmhvQXIyV21vSTJFTThRZk92WUV6TDlUMEdhejZWencxR3BQRDJOZG1FcmlOeEd4TjRBcUxVTmJzSUpOMGw4bFlxQU9kSFFsY2I0TnNPNU03Z1E?oc=5\" target=\"_blank\" rel=\"nofollow noopener\">Valladolid presenta su crono de la Vuelta a Espa\u00f1a \u00abdecisiva para la general\u00bb<\/a>&nbsp;&nbsp;ABC<\/li>\n<li><a href=\"https:\/\/news.google.com\/rss\/articles\/CBMi5gFBVV95cUxNSzlYam1LWFQ3M1l4UHNmOUdsbWhlM3c5UHNSUUNJM2o2dWwxaVd0cHdNcml1VDRJX3lsekhXOE1EZDB4a1lUeHlWZTFDdkd3S001SllvVDZTcHRyb0dUVUxERkkzZVQ1Z2VIaFN5emlGNm9YdWNOQ0laUmtPbDgzcWlZb2d3akd2SVBFcFFqQjNaaVN6b25MNS1jck5HdmpPOTNXejMwdWpvbGFCWjg5Y0t6UXJNbWk2T2ZRdEdCRGFnc25rUktoeVVHQU1hMmR5VVdEU2lTbTFuYjBsTDdHLWM5bndnZw?oc=5\" target=\"_blank\" rel=\"nofollow noopener\">Valladolid se convertir\u00e1 en epicentro del ciclismo con la contrarreloj decisiva de La Vuelta 2025<\/a>&nbsp;&nbsp;La Raz\u00f3n<\/li>\n<li><a href=\"https:\/\/news.google.com\/rss\/articles\/CBMi_gFBVV95cUxNTjJYbXgyQnhma2RnM1ItUi0xWFo0a2hZd2Q2enJwMlhmVUVUWjRvN1p2SVdLUlN3cmdKbWFuVGQyQmg2YTNTYjlxbHZISzlrVzF4UDUyekFadVZJVDVQazR4QzFza0RmOHRrUWc2WDFxWUdPcE8wdmxkZ2RabVJRZTBXR21CMEtRaDE2Y09ZbjRocWxNV2NCN3hQRGQyUXBWM3VvV1RwVnVGZFVhSXV3UFkydVpQeVBCRWtySGY1amxENHJLSUVqSXJzWkVvNFpZa2VVOVk5VzRwcUVEX3pJTmRXXzNoMVczNmVIMWF5MXdkQkw1eUhtT0c2bnhEUQ?oc=5\" target=\"_blank\" rel=\"nofollow noopener\">La Vuelta a Espa\u00f1a se decide en Valladolid con una contrarreloj que recorrer\u00e1 la gran belleza de la ciudad: \u00abEs una etapa crucial\u00bb<\/a>&nbsp;&nbsp;El Espa\u00f1ol<\/li>\n<\/ol>\n","protected":false},"excerpt":{"rendered":"La contrarreloj de Valladolid, llamada a ser juez de la Vuelta a Espa\u00f1a&nbsp;&nbsp;Ciclismo La Vuelta a Espa\u00f1a 2025&hellip;\n","protected":false},"author":2,"featured_media":15158,"comment_status":"","ping_status":"","sticky":false,"template":"","format":"standard","meta":{"footnotes":""},"categories":[273],"tags":[296,10098,2230,313,1757,10099,312,10103,10102,168,2197,25,3871,24,7167,1058,317,10100,61,628,10101,1783,1179,549,2682,789,8642,1971,23,167,548,603,3001,1607,1357],"class_list":{"0":"post-15157","1":"post","2":"type-post","3":"status-publish","4":"format-standard","5":"has-post-thumbnail","7":"category-ciclismo","8":"tag-agosto","9":"tag-andorra","10":"tag-celebrara","11":"tag-ciclismo","12":"tag-ciclista","13":"tag-crono","14":"tag-cycling","15":"tag-deci","16":"tag-decisiva","17":"tag-deportes","18":"tag-edicion","19":"tag-es","20":"tag-esloveno","21":"tag-espana","22":"tag-etapas","23":"tag-final","24":"tag-francia","25":"tag-individual","26":"tag-internacional","27":"tag-italia","28":"tag-jornadas","29":"tag-la","30":"tag-mas","31":"tag-pogacar","32":"tag-presencia","33":"tag-puede","34":"tag-resultar","35":"tag-septiembre","36":"tag-spain","37":"tag-sports","38":"tag-tadej","39":"tag-tres","40":"tag-unica","41":"tag-valladolid","42":"tag-vuelta"},"share_on_mastodon":{"url":"","error":""},"_links":{"self":[{"href":"https:\/\/www.europesays.com\/es\/wp-json\/wp\/v2\/posts\/15157","targetHints":{"allow":["GET"]}}],"collection":[{"href":"https:\/\/www.europesays.com\/es\/wp-json\/wp\/v2\/posts"}],"about":[{"href":"https:\/\/www.europesays.com\/es\/wp-json\/wp\/v2\/types\/post"}],"author":[{"embeddable":true,"href":"https:\/\/www.europesays.com\/es\/wp-json\/wp\/v2\/users\/2"}],"replies":[{"embeddable":true,"href":"https:\/\/www.europesays.com\/es\/wp-json\/wp\/v2\/comments?post=15157"}],"version-history":[{"count":0,"href":"https:\/\/www.europesays.com\/es\/wp-json\/wp\/v2\/posts\/15157\/revisions"}],"wp:featuredmedia":[{"embeddable":true,"href":"https:\/\/www.europesays.com\/es\/wp-json\/wp\/v2\/media\/15158"}],"wp:attachment":[{"href":"https:\/\/www.europesays.com\/es\/wp-json\/wp\/v2\/media?parent=15157"}],"wp:term":[{"taxonomy":"category","embeddable":true,"href":"https:\/\/www.europesays.com\/es\/wp-json\/wp\/v2\/categories?post=15157"},{"taxonomy":"post_tag","embeddable":true,"href":"https:\/\/www.europesays.com\/es\/wp-json\/wp\/v2\/tags?post=15157"}],"curies":[{"name":"wp","href":"https:\/\/api.w.org\/{rel}","templated":true}]}}