{"id":151574,"date":"2025-10-01T22:38:12","date_gmt":"2025-10-01T22:38:12","guid":{"rendered":"https:\/\/www.europesays.com\/es\/151574\/"},"modified":"2025-10-01T22:38:12","modified_gmt":"2025-10-01T22:38:12","slug":"el-salamanca-cf-uds-tendra-que-modificar-la-imagen-de-la-fachada-de-la-universidad-en-su-camiseta","status":"publish","type":"post","link":"https:\/\/www.europesays.com\/es\/151574\/","title":{"rendered":"El Salamanca CF UDS tendr\u00e1 que modificar la imagen de la fachada de la Universidad en su camiseta"},"content":{"rendered":"<p class=\"paragraph-atom &#10;        A-500-300-700-N A-550-300-700-N--md  \">El Salamanca CF UDS tendr\u00e1 que variar la imagen de su camiseta. El club charro coloc\u00f3 la imagen de la fachada de la Universidad de Salamanca y, tal y como ha confirmado SALAMANCA24HORAS.COM a trav\u00e9s de fuentes acad\u00e9micas, ya saben que tendr\u00e1 que modificar el frontal de su camiseta.<\/p>\n<p class=\"paragraph-atom &#10;        A-500-300-700-N A-550-300-700-N--md  \">Por lo tanto, la entidad dirigida por Manuel Lovato tendr\u00e1 que cambiar sus camisetas del primer equipo en las pr\u00f3ximas fechas para no incurrir en un problema mayor con la Universidad de Salamanca y as\u00ed ha sido comunicado desde la propia USAL.<\/p>\n","protected":false},"excerpt":{"rendered":"El Salamanca CF UDS tendr\u00e1 que variar la imagen de su camiseta. El club charro coloc\u00f3 la imagen&hellip;\n","protected":false},"author":2,"featured_media":151575,"comment_status":"","ping_status":"","sticky":false,"template":"","format":"standard","meta":{"footnotes":""},"categories":[268],"tags":[13103,168,25,24,280,282,973,3614,281,23,167,602,45904],"class_list":{"0":"post-151574","1":"post","2":"type-post","3":"status-publish","4":"format-standard","5":"has-post-thumbnail","7":"category-futbol","8":"tag-cf","9":"tag-deportes","10":"tag-es","11":"tag-espana","12":"tag-football","13":"tag-futbol","14":"tag-modificar","15":"tag-salamanca","16":"tag-soccer","17":"tag-spain","18":"tag-sports","19":"tag-tendra","20":"tag-uds"},"share_on_mastodon":{"url":"","error":""},"_links":{"self":[{"href":"https:\/\/www.europesays.com\/es\/wp-json\/wp\/v2\/posts\/151574","targetHints":{"allow":["GET"]}}],"collection":[{"href":"https:\/\/www.europesays.com\/es\/wp-json\/wp\/v2\/posts"}],"about":[{"href":"https:\/\/www.europesays.com\/es\/wp-json\/wp\/v2\/types\/post"}],"author":[{"embeddable":true,"href":"https:\/\/www.europesays.com\/es\/wp-json\/wp\/v2\/users\/2"}],"replies":[{"embeddable":true,"href":"https:\/\/www.europesays.com\/es\/wp-json\/wp\/v2\/comments?post=151574"}],"version-history":[{"count":0,"href":"https:\/\/www.europesays.com\/es\/wp-json\/wp\/v2\/posts\/151574\/revisions"}],"wp:featuredmedia":[{"embeddable":true,"href":"https:\/\/www.europesays.com\/es\/wp-json\/wp\/v2\/media\/151575"}],"wp:attachment":[{"href":"https:\/\/www.europesays.com\/es\/wp-json\/wp\/v2\/media?parent=151574"}],"wp:term":[{"taxonomy":"category","embeddable":true,"href":"https:\/\/www.europesays.com\/es\/wp-json\/wp\/v2\/categories?post=151574"},{"taxonomy":"post_tag","embeddable":true,"href":"https:\/\/www.europesays.com\/es\/wp-json\/wp\/v2\/tags?post=151574"}],"curies":[{"name":"wp","href":"https:\/\/api.w.org\/{rel}","templated":true}]}}