{"id":151576,"date":"2025-10-01T22:39:11","date_gmt":"2025-10-01T22:39:11","guid":{"rendered":"https:\/\/www.europesays.com\/es\/151576\/"},"modified":"2025-10-01T22:39:11","modified_gmt":"2025-10-01T22:39:11","slug":"imanol-arias-reaparece-en-la-1-tras-cuentame-y-pide-perdon-a-rtve-me-vino-a-ver-el-diablo-la-razon","status":"publish","type":"post","link":"https:\/\/www.europesays.com\/es\/151576\/","title":{"rendered":"Imanol Arias reaparece en La 1 tras &#039;Cu\u00e9ntame&#039; y pide perd\u00f3n a RTVE: \u201cMe vino a ver el diablo\u201d &#8211; La Raz\u00f3n"},"content":{"rendered":"<ol>\n<li><a href=\"https:\/\/news.google.com\/rss\/articles\/CBMi1AFBVV95cUxPMWI1d3BYd2RramFYa2Faa1FnTHVfQ2sxQmpmQjJDTW0xcGVONkxveFdXbTU2aDlTSTBIRmZaWlRPNEZDUDI1YlR2c2ZBUWRBZFlVaEMyU0p6a2F3b0ZBSzB2bThHNjZrU3g4enhCb0ExZXBTNi1qLXExM0dVb3loQ25aNFc1dFJVYUh5MGNhQzB0TGlfYlV0eVB0RDdRRlNJY0NmMjl2VzJVWS1DcmZqQ2VxSm54cmQtMGwtUWxMWlZCaFU1WnZYZFNYRWRfRUlaNm9IX9IB6AFBVV95cUxORTVvaHVFX05LdFFacmdGRXJXUy1QcEtTb3FqQUxYS0hiU1dGb2szVWF6TTgxa1ZRdW5jZTl1OE1QTUlub3poUmhZVUNMVjRFOEVKWlFQUlBvZEEtamZSMHJLak1JbGxkVDRNeE1XU2c3WmM5NW0wdE13bmJGRjlXQjJrX0tlLU05bWZwUGVITnVEeUhPZXc3cGN0d2h5Y29EWWg3b1FSVzNud3BpbTZzOWNOb05MNUQxb1FFRU9vZXVkcl9qZU5Ia1dPNTNhU2s4VXQ2azVkRzVNQU5YQ2t2X24wVW9DejJn?oc=5\" target=\"_blank\" rel=\"nofollow noopener\">Imanol Arias reaparece en La 1 tras &#8216;Cu\u00e9ntame&#8217; y pide perd\u00f3n a RTVE: \u201cMe vino a ver el diablo\u201d<\/a>&nbsp;&nbsp;La Raz\u00f3n<\/li>\n<li><a href=\"https:\/\/news.google.com\/rss\/articles\/CBMiuwFBVV95cUxPU1JsUDVXLWNQMW5EMlhmS1pXUzQtM0FUeEw5aUYtYUIxUG1Gcjhtb2xJUndxVHhkaTNoNU5rUkxBVzhCWlBqZFNDQTI4WVMzOGI3OF9HeEt3VVlzOU5HdnRYT2tUankzQWRjUXVUekE2R2NDRzFrWVh1anNHWUJfQmcwTWJsZE8tWWJiWGhLNE9qeV8tMXVhd19vWGRVV0p5bXNTX2lZM08wOHJMbUxodG5aVjlXTFV0QXV30gHAAUFVX3lxTE5ucHBncFpZNmZITUlWYzgtYlo1b2JEVzVMaUZJdDczRlN2Y2V2d05OQ0l0MDNoZ0RRLWNwdlZBTjFVZVBHQUozcnpGWkJQV1RDck1ySFNHMjdETjJMV05UbXMzNXpQdG15d0NHRGkzbVRmZ1FFMklWTkFFMG5CU2dtU0NCTjEyS29ON3B1R255TW9XOVFkY3ZScVNCdi1SeVVxRVF2eVpsVzF6NjNpLTkxLVp0LWZQNmQwWDVUQUNzOA?oc=5\" target=\"_blank\" rel=\"nofollow noopener\">Imanol Arias regresa a La 1, dos a\u00f1os despu\u00e9s, pidiendo perd\u00f3n por sus incendiarias cr\u00edticas a TVE: \u00abMe vino a ver el diablo\u00bb<\/a>&nbsp;&nbsp;El Confidencial<\/li>\n<li><a href=\"https:\/\/news.google.com\/rss\/articles\/CBMif0FVX3lxTE5zQ3lOZVNJSUxhMURXNmhqTDQ3WFhZNHI0VVRRMUlFVVYxNHNHNE1VQlBQdG1QXzZyZmJIeHk1eWJleHVxS2ViTXFoeU9zdUNXWkFGRnF4M2F2c3p6bmpIYmJxbm5vZzJERGNGNWhIenhjV3NuU0RMaTlDQ1VFY03SAX9BVV95cUxNUWxlemdIdjNJWWVfVGR0UGxGdnFpbmpmTGNEVUkwbV9PZjMzS0J0NzZxNXFNaS0xRjBjczZ6eDJZbVRmVXBhY195WXlNUlFMcm1jcU5mdDh2bUJENnljWk1va0tiMHZFcHcydEFkYjdYQlNzcnZ5YklHajlPUmZ3?oc=5\" target=\"_blank\" rel=\"nofollow noopener\">Imanol Arias regresa a RTVE tres a\u00f1os despu\u00e9s de arremeter con dureza contra la televisi\u00f3n p\u00fablica: \u00abHay noches que te viene a ver el diablo\u00bb<\/a>&nbsp;&nbsp;El Mundo<\/li>\n<li><a href=\"https:\/\/news.google.com\/rss\/articles\/CBMiqgFBVV95cUxPSGpzNEtWbEtzbFJicllKZ1VDSEtNS1dYZHdtNUFoNnZFVFpmNjJRdmJsXzJBVkhtVU1TVnlycTVIS016OGo5OVB5QklFWGo2T3A5TUFRdlNfRFdiTUFNTTROd1RtWlBjelJPMmM1X2wzUC1kN0hPSU1kci10dEJNUzRaR2hadjBWRlFMM3BUbG1WMlNRTlBSVmdyQTZITXlPRVVJY1htZEFOZ9IBvgFBVV95cUxPUlJmU1pWZnZkWV9pa2JxbTNDdzQ3eGdUeUxnOEh5bWZ5VWNqRW1USk5vYlNTdHBSR2hjZ3JfajExXzJQMlZBSm13NFBMQWhjOXlIUEFReElkdHBBVzhGRnNrOU9zY21WaTJmZ1hrZFhJR19nQ1VjamJjSWtaRGZKRjJlbHNTbklqRUMtVEUyaEZaZkV4cXFDS3ljU0dPT0puRlZuWjA3RkhiQ0tPUExrRTJVdWh1UUtNb01hcHNn?oc=5\" target=\"_blank\" rel=\"nofollow noopener\">Imanol Arias pide perd\u00f3n a los trabajadores de TVE: \u00abHay noches en las que te viene a ver el diablo\u00bb<\/a>&nbsp;&nbsp;El HuffPost<\/li>\n<li><a href=\"https:\/\/news.google.com\/rss\/articles\/CBMieEFVX3lxTE9GbjBxUTdfYjE1Vk5xWnYyZTI1NEZDdkZqQ1k4eUtSN3V6RUFOZUc3bjNHT2R0UXdZdnBSWmFYNjJncnlLa2IzNWx0blZrajNUaVBqOUw3cFMxN29YaENKak95U3J2cTdkLWYxMHE1SHJRRkVoZkFqeA?oc=5\" target=\"_blank\" rel=\"nofollow noopener\">Imanol Arias volvi\u00f3 a RTVE tres a\u00f1os despu\u00e9s de cargar contra los responsables de la cadena: \u00abHe roto mi promesa y vuelvo a pedir disculpas\u00bb<\/a>&nbsp;&nbsp;SensaCine<\/li>\n<\/ol>\n","protected":false},"excerpt":{"rendered":"Imanol Arias reaparece en La 1 tras &#8216;Cu\u00e9ntame&#8217; y pide perd\u00f3n a RTVE: \u201cMe vino a ver el&hellip;\n","protected":false},"author":2,"featured_media":151577,"comment_status":"","ping_status":"","sticky":false,"template":"","format":"standard","meta":{"footnotes":""},"categories":[174],"tags":[255,146,147,25,24,256,23],"class_list":{"0":"post-151576","1":"post","2":"type-post","3":"status-publish","4":"format-standard","5":"has-post-thumbnail","7":"category-famosos","8":"tag-celebrities","9":"tag-entertainment","10":"tag-entretenimiento","11":"tag-es","12":"tag-espana","13":"tag-famosos","14":"tag-spain"},"share_on_mastodon":{"url":"","error":""},"_links":{"self":[{"href":"https:\/\/www.europesays.com\/es\/wp-json\/wp\/v2\/posts\/151576","targetHints":{"allow":["GET"]}}],"collection":[{"href":"https:\/\/www.europesays.com\/es\/wp-json\/wp\/v2\/posts"}],"about":[{"href":"https:\/\/www.europesays.com\/es\/wp-json\/wp\/v2\/types\/post"}],"author":[{"embeddable":true,"href":"https:\/\/www.europesays.com\/es\/wp-json\/wp\/v2\/users\/2"}],"replies":[{"embeddable":true,"href":"https:\/\/www.europesays.com\/es\/wp-json\/wp\/v2\/comments?post=151576"}],"version-history":[{"count":0,"href":"https:\/\/www.europesays.com\/es\/wp-json\/wp\/v2\/posts\/151576\/revisions"}],"wp:featuredmedia":[{"embeddable":true,"href":"https:\/\/www.europesays.com\/es\/wp-json\/wp\/v2\/media\/151577"}],"wp:attachment":[{"href":"https:\/\/www.europesays.com\/es\/wp-json\/wp\/v2\/media?parent=151576"}],"wp:term":[{"taxonomy":"category","embeddable":true,"href":"https:\/\/www.europesays.com\/es\/wp-json\/wp\/v2\/categories?post=151576"},{"taxonomy":"post_tag","embeddable":true,"href":"https:\/\/www.europesays.com\/es\/wp-json\/wp\/v2\/tags?post=151576"}],"curies":[{"name":"wp","href":"https:\/\/api.w.org\/{rel}","templated":true}]}}