{"id":151578,"date":"2025-10-01T22:42:09","date_gmt":"2025-10-01T22:42:09","guid":{"rendered":"https:\/\/www.europesays.com\/es\/151578\/"},"modified":"2025-10-01T22:42:09","modified_gmt":"2025-10-01T22:42:09","slug":"estar-en-la-oposicion-es-muy-complicado","status":"publish","type":"post","link":"https:\/\/www.europesays.com\/es\/151578\/","title":{"rendered":"Estar en la oposici\u00f3n es muy complicado"},"content":{"rendered":"<p><b>Vicente Vall\u00e9s<\/b> ha visitado El Hormiguero para hablar de periodismo, actualidad y del complejo momento pol\u00edtico que atraviesa nuestro pa\u00eds, siempre con su estilo claro y directo.<\/p>\n<p>En esta ocasi\u00f3n, despu\u00e9s de haber repasado la gesti\u00f3n de Pedro S\u00e1nchez y comentar c\u00f3mo ve al presidente, Pablo Motos ha querido saber la opini\u00f3n del invitado sobre Alberto N\u00fa\u00f1ez Feij\u00f3o y su papel en la oposici\u00f3n.<\/p>\n<p>Vicente ha querido romper una lanza a favor del l\u00edder del Partido Popular asegurando que el papel que toma un pol\u00edtico al otro lado del Gobierno no es nada sencillo: \u00abEstar en la oposici\u00f3n es estar en un lugar en el que hace mucho fr\u00edo, es muy dif\u00edcil acertar con la estrategia a seguir\u00bb, ha dicho. \u00a1No te lo pierdas!<\/p>\n","protected":false},"excerpt":{"rendered":"Vicente Vall\u00e9s ha visitado El Hormiguero para hablar de periodismo, actualidad y del complejo momento pol\u00edtico que atraviesa&hellip;\n","protected":false},"author":2,"featured_media":151579,"comment_status":"","ping_status":"","sticky":false,"template":"","format":"standard","meta":{"footnotes":""},"categories":[171],"tags":[146,147,25,24,23,214],"class_list":{"0":"post-151578","1":"post","2":"type-post","3":"status-publish","4":"format-standard","5":"has-post-thumbnail","7":"category-tv","8":"tag-entertainment","9":"tag-entretenimiento","10":"tag-es","11":"tag-espana","12":"tag-spain","13":"tag-tv"},"share_on_mastodon":{"url":"","error":""},"_links":{"self":[{"href":"https:\/\/www.europesays.com\/es\/wp-json\/wp\/v2\/posts\/151578","targetHints":{"allow":["GET"]}}],"collection":[{"href":"https:\/\/www.europesays.com\/es\/wp-json\/wp\/v2\/posts"}],"about":[{"href":"https:\/\/www.europesays.com\/es\/wp-json\/wp\/v2\/types\/post"}],"author":[{"embeddable":true,"href":"https:\/\/www.europesays.com\/es\/wp-json\/wp\/v2\/users\/2"}],"replies":[{"embeddable":true,"href":"https:\/\/www.europesays.com\/es\/wp-json\/wp\/v2\/comments?post=151578"}],"version-history":[{"count":0,"href":"https:\/\/www.europesays.com\/es\/wp-json\/wp\/v2\/posts\/151578\/revisions"}],"wp:featuredmedia":[{"embeddable":true,"href":"https:\/\/www.europesays.com\/es\/wp-json\/wp\/v2\/media\/151579"}],"wp:attachment":[{"href":"https:\/\/www.europesays.com\/es\/wp-json\/wp\/v2\/media?parent=151578"}],"wp:term":[{"taxonomy":"category","embeddable":true,"href":"https:\/\/www.europesays.com\/es\/wp-json\/wp\/v2\/categories?post=151578"},{"taxonomy":"post_tag","embeddable":true,"href":"https:\/\/www.europesays.com\/es\/wp-json\/wp\/v2\/tags?post=151578"}],"curies":[{"name":"wp","href":"https:\/\/api.w.org\/{rel}","templated":true}]}}