{"id":151586,"date":"2025-10-01T22:47:19","date_gmt":"2025-10-01T22:47:19","guid":{"rendered":"https:\/\/www.europesays.com\/es\/151586\/"},"modified":"2025-10-01T22:47:19","modified_gmt":"2025-10-01T22:47:19","slug":"con-una-sudadera-negra-y-una-minifalda-ana-de-armas-se-ha-convertida-en-la-mas-estilosa-de-paris","status":"publish","type":"post","link":"https:\/\/www.europesays.com\/es\/151586\/","title":{"rendered":"Con una sudadera negra y una minifalda, Ana de Armas se ha convertida en la m\u00e1s estilosa de Par\u00eds"},"content":{"rendered":"<p data-journey-content=\"true\" data-node-id=\"1\" class=\"body-dropcap css-1vn2egp emevuu60\">Kate Moss, Zoe Kravitz, Madonna, Zendaya, Emma Stone&#8230; La <a href=\"https:\/\/www.harpersbazaar.com\/es\/famosas\/el-estilo-de\/g66061073\/semana-moda-paris-invitadas-desfiles-looks-mejor-vestidas\/\" target=\"_blank\" data-vars-ga-outbound-link=\"https:\/\/www.harpersbazaar.com\/es\/famosas\/el-estilo-de\/g66061073\/semana-moda-paris-invitadas-desfiles-looks-mejor-vestidas\/\" data-vars-ga-ux-element=\"Hyperlink\" data-vars-ga-call-to-action=\"lista de invitadas\" data-node-id=\"1.1\" class=\"body-link css-156jt4g emevuu60\" rel=\"nofollow noopener\">lista de invitadas<\/a> a los desfiles de la <strong data-node-id=\"1.3\">Semana de la Moda de Par\u00eds<\/strong> puede presumir orgullosa de ser una de las m\u00e1s exclusivas y aclamadas por el p\u00fablico. La ciudad de la luz se convierte estos d\u00edas en una <strong data-node-id=\"1.5\">enorme pasarela<\/strong> en la que los <strong data-node-id=\"1.7\">looks de las celebridades<\/strong>, tanto en el front row como fuera del mismo, suponen una fuente de admiraci\u00f3n e inspiraci\u00f3n constante. Entre los ejemplos m\u00e1s recientes, <strong data-node-id=\"1.11\"><a href=\"https:\/\/www.harpersbazaar.com\/es\/famosas\/el-estilo-de\/a64752125\/ana-de-armas-looks-mocasines-primavera-verano-louis-vuitton\/\" target=\"_blank\" data-vars-ga-outbound-link=\"https:\/\/www.harpersbazaar.com\/es\/famosas\/el-estilo-de\/a64752125\/ana-de-armas-looks-mocasines-primavera-verano-louis-vuitton\/\" data-vars-ga-ux-element=\"Hyperlink\" data-vars-ga-call-to-action=\"Ana de Armas\" data-node-id=\"1.11.0\" class=\"body-link css-156jt4g emevuu60\" rel=\"nofollow noopener\">Ana de Armas<\/a><\/strong>, que se ha convertido en la asistente m\u00e1s estilosa (y c\u00f3moda) del <strong data-node-id=\"1.13\">desfile primavera-verano 2026 de Louis Vuitton <\/strong>en el museo del Louvre.  <\/p>\n<p data-journey-content=\"true\" data-node-id=\"4\" class=\"css-6wxqfj emevuu60\">El look elegido por la actriz hispano-cubana destac\u00f3 por su <a href=\"https:\/\/www.harpersbazaar.com\/es\/moda\/tendencias\/a64385846\/bolsillos-tendencia-temporada-moda-pasarela\/\" target=\"_blank\" data-vars-ga-outbound-link=\"https:\/\/www.harpersbazaar.com\/es\/moda\/tendencias\/a64385846\/bolsillos-tendencia-temporada-moda-pasarela\/\" data-vars-ga-ux-element=\"Hyperlink\" data-vars-ga-call-to-action=\"estilo utilitario\" data-node-id=\"4.3\" class=\"body-link css-156jt4g emevuu60\" rel=\"nofollow noopener\">estilo utilitario<\/a> y casi deportivo que, sin embargo, combinaba la dosis perfecta de elegancia y adecuaci\u00f3n al evento. La estrella de Hollywood apost\u00f3 por una <strong data-node-id=\"4.5\">sencilla sudadera negra <\/strong>adornada con delicadas tachuelas alrededor del cuello y las iniciales de Louis Vuitton en el pecho. Junto a esta, escogi\u00f3 una<strong data-node-id=\"4.7\"> <a href=\"https:\/\/www.harpersbazaar.com\/es\/moda\/tendencias\/a64766489\/falda-globo-favorecedora-zara-mango-tendencias-veranoz\/\" target=\"_blank\" data-vars-ga-outbound-link=\"https:\/\/www.harpersbazaar.com\/es\/moda\/tendencias\/a64766489\/falda-globo-favorecedora-zara-mango-tendencias-veranoz\/\" data-vars-ga-ux-element=\"Hyperlink\" data-vars-ga-call-to-action=\"minifalda\" data-node-id=\"4.7.1\" class=\"body-link css-156jt4g emevuu60\" rel=\"nofollow noopener\">minifalda<\/a> a juego<\/strong> de discreta estructura con tablas y bolsillos en contraste. Dos piezas que, combinadas, resultaban en un conjunto ciertamente <strong data-node-id=\"4.9\">colegial y del todo c\u00f3modo y apetecible<\/strong>. <\/p>\n<p><img draggable=\"true\" alt=\"ana de armas en el desfile de louis vuitton en paris\" title=\"ana de armas en el desfile de louis vuitton en paris\" loading=\"lazy\" width=\"5246\" height=\"7865\" decoding=\"async\" data-nimg=\"1\" style=\"color:transparent;width:100%;height:auto;\"   src=\"https:\/\/www.europesays.com\/es\/wp-content\/uploads\/2025\/10\/gettyimages-2238268209-68dcf524d4fb3.jpg\" class=\"css-0 e1g79fud0\"\/><\/p>\n<p>Pascal Le Segretain<\/p>\n<p data-journey-content=\"true\" data-node-id=\"7\" class=\"body-text css-6wxqfj emevuu60\">Para completar el conjunto, De Armas opt\u00f3 por un <strong data-node-id=\"7.1\">bolso de mano estructurado en forma de maleta <\/strong>de la firma francesa, que sirvi\u00f3 para elevar la sencillez del total look negro. Sin embargo, fueron sus <strong data-node-id=\"7.5\"><a href=\"https:\/\/www.harpersbazaar.com\/es\/moda\/compras\/g63391408\/botas-altas-tendencia-donde-comprar-descuento-rebajas-enero\/\" target=\"_blank\" data-vars-ga-outbound-link=\"https:\/\/www.harpersbazaar.com\/es\/moda\/compras\/g63391408\/botas-altas-tendencia-donde-comprar-descuento-rebajas-enero\/\" data-vars-ga-ux-element=\"Hyperlink\" data-vars-ga-call-to-action=\"botas de piel de ca\u00f1a alta\" data-node-id=\"7.5.0\" class=\"body-link css-156jt4g emevuu60\" rel=\"nofollow noopener\">botas de piel de ca\u00f1a alta<\/a><\/strong> las que aportaron la altura y continuidad a su look monocrom\u00e1tico. Mientras, su beauty look se mantuvo <strong data-node-id=\"7.11\">natural y elegante<\/strong>: <a href=\"https:\/\/www.harpersbazaar.com\/es\/belleza\/piel-belleza\/a63897286\/influencia-brillo-natural-piel-luminosa\/\" target=\"_blank\" data-vars-ga-outbound-link=\"https:\/\/www.harpersbazaar.com\/es\/belleza\/piel-belleza\/a63897286\/influencia-brillo-natural-piel-luminosa\/\" data-vars-ga-ux-element=\"Hyperlink\" data-vars-ga-call-to-action=\"piel luminosa\" data-node-id=\"7.13\" class=\"body-link css-156jt4g emevuu60\" rel=\"nofollow noopener\">piel luminosa<\/a>, sus ojos verdes marcados y una desenfadada coleta baja que reforzaba la conclusi\u00f3n de su conjunto: se puede acudir c\u00f3moda y favorecida a un desfile (y a cualquier otra ocasi\u00f3n).<\/p>\n<p>Minifalda y botas altas: la combinaci\u00f3n ganadora para el entretiempo<\/p>\n<p data-journey-content=\"true\" data-node-id=\"12\" class=\"css-6wxqfj emevuu60\">La <strong data-node-id=\"12.1\"><a href=\"https:\/\/www.harpersbazaar.com\/es\/moda\/tendencias\/a44782241\/minifalda-botas-media-cana-look-tendencia-otono\/\" target=\"_blank\" data-vars-ga-outbound-link=\"https:\/\/www.harpersbazaar.com\/es\/moda\/tendencias\/a44782241\/minifalda-botas-media-cana-look-tendencia-otono\/\" data-vars-ga-ux-element=\"Hyperlink\" data-vars-ga-call-to-action=\"combinaci\u00f3n de minifalda con botas altas\" data-node-id=\"12.1.0\" class=\"body-link css-156jt4g emevuu60\" rel=\"nofollow noopener\">combinaci\u00f3n de minifalda con botas altas<\/a><\/strong> se confirma como una de las f\u00f3rmulas m\u00e1s c\u00f3modas y favorecedoras para los <strong data-node-id=\"12.3\">meses de entretiempo<\/strong>. Y tambi\u00e9n como una de las favoritas de la actriz, que para acudir al desfile de Louis Vuitton en Par\u00eds en 2022 volvi\u00f3 a apostar por este mismo d\u00fao. Algo que no es de extra\u00f1ar ya que se trata de un <strong data-node-id=\"12.5\"><a href=\"https:\/\/www.harpersbazaar.com\/es\/moda\/tendencias\/a65816045\/pareo-pantalon-truco-estilo-expertas-moda-tendencia-otono\/\" target=\"_blank\" data-vars-ga-outbound-link=\"https:\/\/www.harpersbazaar.com\/es\/moda\/tendencias\/a65816045\/pareo-pantalon-truco-estilo-expertas-moda-tendencia-otono\/\" data-vars-ga-ux-element=\"Hyperlink\" data-vars-ga-call-to-action=\"truco de estilo\" data-node-id=\"12.5.0\" class=\"body-link css-156jt4g emevuu60\" rel=\"nofollow noopener\">truco de estilo<\/a><\/strong> que permite jugar con las capas, <strong data-node-id=\"12.7\">estiliza las piernas <\/strong>y se adapta a diferentes ocasiones, desde un paseo por la ciudad hasta un evento de alto perfil como el de Ana. <\/p>\n<p><img draggable=\"true\" alt=\"ana de armas en el desfile de louis vuitton en paris\" title=\"ana de armas en el desfile de louis vuitton en paris\" loading=\"lazy\" width=\"3611\" height=\"5416\" decoding=\"async\" data-nimg=\"1\" style=\"color:transparent;width:100%;height:auto;\"   src=\"https:\/\/www.europesays.com\/es\/wp-content\/uploads\/2025\/10\/gettyimages-1430976256-68dcfd0f07f10.jpg\" class=\"css-0 e1g79fud0\"\/><\/p>\n<p>Edward Berthelot<\/p>\n<p>Contenidos relacionados<\/p>\n","protected":false},"excerpt":{"rendered":"Kate Moss, Zoe Kravitz, Madonna, Zendaya, Emma Stone&#8230; La lista de invitadas a los desfiles de la Semana&hellip;\n","protected":false},"author":2,"featured_media":151587,"comment_status":"","ping_status":"","sticky":false,"template":"","format":"standard","meta":{"footnotes":""},"categories":[91],"tags":[253,146,147,25,24,23],"class_list":{"0":"post-151586","1":"post","2":"type-post","3":"status-publish","4":"format-standard","5":"has-post-thumbnail","7":"category-entretenimiento","8":"tag-discover","9":"tag-entertainment","10":"tag-entretenimiento","11":"tag-es","12":"tag-espana","13":"tag-spain"},"share_on_mastodon":{"url":"","error":""},"_links":{"self":[{"href":"https:\/\/www.europesays.com\/es\/wp-json\/wp\/v2\/posts\/151586","targetHints":{"allow":["GET"]}}],"collection":[{"href":"https:\/\/www.europesays.com\/es\/wp-json\/wp\/v2\/posts"}],"about":[{"href":"https:\/\/www.europesays.com\/es\/wp-json\/wp\/v2\/types\/post"}],"author":[{"embeddable":true,"href":"https:\/\/www.europesays.com\/es\/wp-json\/wp\/v2\/users\/2"}],"replies":[{"embeddable":true,"href":"https:\/\/www.europesays.com\/es\/wp-json\/wp\/v2\/comments?post=151586"}],"version-history":[{"count":0,"href":"https:\/\/www.europesays.com\/es\/wp-json\/wp\/v2\/posts\/151586\/revisions"}],"wp:featuredmedia":[{"embeddable":true,"href":"https:\/\/www.europesays.com\/es\/wp-json\/wp\/v2\/media\/151587"}],"wp:attachment":[{"href":"https:\/\/www.europesays.com\/es\/wp-json\/wp\/v2\/media?parent=151586"}],"wp:term":[{"taxonomy":"category","embeddable":true,"href":"https:\/\/www.europesays.com\/es\/wp-json\/wp\/v2\/categories?post=151586"},{"taxonomy":"post_tag","embeddable":true,"href":"https:\/\/www.europesays.com\/es\/wp-json\/wp\/v2\/tags?post=151586"}],"curies":[{"name":"wp","href":"https:\/\/api.w.org\/{rel}","templated":true}]}}