{"id":15159,"date":"2025-07-31T01:02:07","date_gmt":"2025-07-31T01:02:07","guid":{"rendered":"https:\/\/www.europesays.com\/es\/15159\/"},"modified":"2025-07-31T01:02:07","modified_gmt":"2025-07-31T01:02:07","slug":"antonelli-tiene-suerte-de-no-correr-para-red-bull","status":"publish","type":"post","link":"https:\/\/www.europesays.com\/es\/15159\/","title":{"rendered":"Antonelli tiene suerte de no correr para Red Bull"},"content":{"rendered":"<p><a href=\"https:\/\/lat.motorsport.com\/driver\/andrea-kimi-antonelli\/879465\/\" target=\"_blank\" rel=\"noopener nofollow\">Andrea Kimi Antonelli<\/a> atraviesa un momento complicado en su temporada de debut en la F\u00f3rmula 1 con <a href=\"https:\/\/lat.motorsport.com\/team\/mercedes-amg-f1\/25731\/\" target=\"_blank\" rel=\"noopener nofollow\">Mercedes<\/a>. A pesar de las dificultades, el joven italiano puede considerarse afortunado de competir para el equipo alem\u00e1n y no para <a href=\"https:\/\/lat.motorsport.com\/team\/red-bull-racing\/25735\/\" target=\"_blank\" rel=\"noopener nofollow\">Red Bull Racing<\/a>, seg\u00fan afirma el ex piloto y comentarista <a href=\"https:\/\/lat.motorsport.com\/driver\/martin-brundle-2\/625402\/\" target=\"_blank\" rel=\"noopener nofollow\">Martin Brundle<\/a>.<\/p>\n<p>Antonelli, que lleg\u00f3 a la categor\u00eda reina con grandes expectativas y considerado uno de los mayores talentos emergentes, comenz\u00f3 el a\u00f1o con buen pie: sum\u00f3 puntos en cinco de sus primeras seis carreras. Sin embargo, desde entonces su rendimiento ha ca\u00eddo en picada, acumulando seis carreras sin puntuar en los \u00faltimos siete fines de semana, con la \u00fanica excepci\u00f3n del Gran Premio de Canad\u00e1, donde logr\u00f3 subir al podio por primera vez.<\/p>\n<p>\u00abKimi Antonelli lo est\u00e1 pasando realmente mal en Mercedes. Solo ha sumado puntos una vez en las \u00faltimas siete carreras (un podio en Canad\u00e1), y no es dif\u00edcil notar que siente la presi\u00f3n sobre sus j\u00f3venes hombros\u00bb, analiz\u00f3 Brundle en su columna para Sky Sports F1 de Gran Breta\u00f1a.<\/p>\n<p>\u00abTiene suerte, porque est\u00e1 protegido dentro del equipo y no vive con el temor constante por su carrera, como s\u00ed suele ocurrir con los j\u00f3venes pilotos de Red Bull. Sospecho, adem\u00e1s, que no puede esperar a que comience el receso de verano\u00bb.<\/p>\n<p>La \u00faltima cita antes de la pausa ser\u00e1 el Gran Premio de Hungr\u00eda de este fin de semana. En Spa-Francorchamps, Antonelli qued\u00f3 eliminado dos veces en la Q1 y no logr\u00f3 sumar puntos ni en la carrera sprint ni en la competencia principal. El parate veraniego aparece ahora como una oportunidad clave para recargar energ\u00edas y tratar de revertir la tendencia negativa en la segunda mitad del campeonato.<\/p>\n<p>Sin embargo Brundle tambi\u00e9n cuestion\u00f3 la decisi\u00f3n de Mercedes de promoverlo tan r\u00e1pido.<\/p>\n<p>\u00abTodav\u00eda me pregunto por qu\u00e9 no le dieron a Kimi un par de a\u00f1os para aprender el oficio lejos de los focos, como hicieron con <a href=\"https:\/\/lat.motorsport.com\/driver\/george-russell\/468543\/\" target=\"_blank\" rel=\"noopener nofollow\">George Russell<\/a> en <a href=\"https:\/\/lat.motorsport.com\/team\/williams\/25737\/\" target=\"_blank\" rel=\"noopener nofollow\">Williams<\/a>\u00ab, se\u00f1al\u00f3, haciendo referencia al camino m\u00e1s gradual que sigui\u00f3 el otro actual piloto del equipo. \u00ab\u00c9l es el talento de esta generaci\u00f3n, como dir\u00eda mi compa\u00f1ero <a href=\"https:\/\/lat.motorsport.com\/driver\/nico-rosberg\/466067\/\" target=\"_blank\" rel=\"noopener nofollow\">Nico Rosberg<\/a>, pero no deber\u00edan volverlo m\u00e1s loco de lo necesario\u00bb.<\/p>\n<p>M\u00e1s de la F\u00f3rmula 1:<\/p>\n<p>En este art\u00edculo<\/p>\n<p>Sea el primero en enterarse y suscr\u00edbase para recibir actualizaciones por correo electr\u00f3nico en tiempo real sobre estos temas.<\/p>\n<p>    Suscr\u00edbase a nuevas alertas<\/p>\n","protected":false},"excerpt":{"rendered":"Andrea Kimi Antonelli atraviesa un momento complicado en su temporada de debut en la F\u00f3rmula 1 con Mercedes.&hellip;\n","protected":false},"author":2,"featured_media":15160,"comment_status":"","ping_status":"","sticky":false,"template":"","format":"standard","meta":{"footnotes":""},"categories":[270],"tags":[1229,168,25,24,306,271,272,1230,1231,10104,1228,2092,1232,23,167],"class_list":{"0":"post-15159","1":"post","2":"type-post","3":"status-publish","4":"format-standard","5":"has-post-thumbnail","7":"category-formula-1","8":"tag-andrea-kimi-antonelli","9":"tag-deportes","10":"tag-es","11":"tag-espana","12":"tag-f1","13":"tag-formula-1","14":"tag-formula1","15":"tag-fu00f3rmula-1","16":"tag-gp-de-bu00e9lgica","17":"tag-martin-brundle","18":"tag-mercedes","19":"tag-red-bull-racing","20":"tag-spa-francorchamps","21":"tag-spain","22":"tag-sports"},"share_on_mastodon":{"url":"","error":""},"_links":{"self":[{"href":"https:\/\/www.europesays.com\/es\/wp-json\/wp\/v2\/posts\/15159","targetHints":{"allow":["GET"]}}],"collection":[{"href":"https:\/\/www.europesays.com\/es\/wp-json\/wp\/v2\/posts"}],"about":[{"href":"https:\/\/www.europesays.com\/es\/wp-json\/wp\/v2\/types\/post"}],"author":[{"embeddable":true,"href":"https:\/\/www.europesays.com\/es\/wp-json\/wp\/v2\/users\/2"}],"replies":[{"embeddable":true,"href":"https:\/\/www.europesays.com\/es\/wp-json\/wp\/v2\/comments?post=15159"}],"version-history":[{"count":0,"href":"https:\/\/www.europesays.com\/es\/wp-json\/wp\/v2\/posts\/15159\/revisions"}],"wp:featuredmedia":[{"embeddable":true,"href":"https:\/\/www.europesays.com\/es\/wp-json\/wp\/v2\/media\/15160"}],"wp:attachment":[{"href":"https:\/\/www.europesays.com\/es\/wp-json\/wp\/v2\/media?parent=15159"}],"wp:term":[{"taxonomy":"category","embeddable":true,"href":"https:\/\/www.europesays.com\/es\/wp-json\/wp\/v2\/categories?post=15159"},{"taxonomy":"post_tag","embeddable":true,"href":"https:\/\/www.europesays.com\/es\/wp-json\/wp\/v2\/tags?post=15159"}],"curies":[{"name":"wp","href":"https:\/\/api.w.org\/{rel}","templated":true}]}}