{"id":151592,"date":"2025-10-01T22:50:10","date_gmt":"2025-10-01T22:50:10","guid":{"rendered":"https:\/\/www.europesays.com\/es\/151592\/"},"modified":"2025-10-01T22:50:10","modified_gmt":"2025-10-01T22:50:10","slug":"asi-ha-sido-greta-thunberg-detenida-y-trasladada-a-puerto-en-israel","status":"publish","type":"post","link":"https:\/\/www.europesays.com\/es\/151592\/","title":{"rendered":"As\u00ed ha sido Greta Thunberg detenida y trasladada a puerto en Israel"},"content":{"rendered":"<p>El <strong>Ministerio de Asuntos Exteriores<\/strong> de Israel ha anunciado que varias embarcaciones de la <strong>Flotilla Ham\u00e1s<\/strong> ya han sido detenidas sin problemas y sus pasajeros han sido trasladados a un <a href=\"https:\/\/okdiario.com\/internacional\/ultima-hora-flotilla-hacia-gaza-directo-israel-intercepta-barcos-principales-lanza-ultimatum-15510523\" rel=\"nofollow noopener\" target=\"_blank\">puerto israel\u00ed<\/a>. \u00ab<strong>Greta Thunberg<\/strong> y sus <strong>amigos<\/strong> se encuentran sanos y salvos\u00bb, ha destacado el comunicado del Gobierno de Israel.<\/p>\n<p>El ministerio de Asuntos Exteriores ha compartido un v\u00eddeo que <strong>muestra a un soldado israel\u00ed entregando<\/strong> sus pertenencias a la izquierdista sueca Greta Thunberg tras ser detenida.<\/p>\n<p>La gran flotilla ha intentado <strong>romper el bloqueo mar\u00edtimo israel\u00ed<\/strong> en la Franja de Gaza. Sus <a href=\"https:\/\/okdiario.com\/internacional\/quienes-van-flotilla-hacia-gaza-que-objetivos-tienen-15510139\" rel=\"nofollow noopener\" target=\"_blank\">pasajeros<\/a> han rechazado las peticiones de Italia para detenerse el martes por la noche, alegando que se acercaba a una \u00abzona cr\u00edtica\u00bb y esperando que Israel tomara medidas pronto para detener su avance.<\/p>\n<p>Las autoridades israel\u00edes se han preparado para interceptar las docenas de embarcaciones y llevar a los cientos de izquierdistas radicales a tierra para ser deportados o detenidos, en una compleja operaci\u00f3n que podr\u00eda llegar a su punto cumbre <strong>durante Yom Kipur<\/strong>, el d\u00eda m\u00e1s sagrado del a\u00f1o para el juda\u00edsmo, que comienza el mi\u00e9rcoles por la noche.<\/p>\n<blockquote class=\"twitter-tweet\">\n<p dir=\"ltr\" lang=\"en\">Already several vessels of the Hamas-Sumud flotilla have been safely stopped and their passengers are being transferred to an Israeli port.<br \/>Greta and her friends are safe and healthy. <a href=\"https:\/\/t.co\/PA1ezier9s\" rel=\"nofollow\">pic.twitter.com\/PA1ezier9s<\/a><\/p>\n<p>\u2014 Israel Foreign Ministry (@IsraelMFA) <a href=\"https:\/\/twitter.com\/IsraelMFA\/status\/1973479557622899030?ref_src=twsrc%5Etfw\" rel=\"nofollow noopener\" target=\"_blank\">October 1, 2025<\/a>\u00a0<\/p>\n<\/blockquote>\n<p>La <strong>Flotilla Global Sumud<\/strong>, compuesta por 47 embarcaciones, tiene previsto llegar a la Franja esta semana. Transporta a m\u00e1s de 500 izquierdistas radicales, entre ellos la activista sueca Greta Thunberg, as\u00ed como parlamentarios y abogados.<\/p>\n<p>La Armada israel\u00ed ha abordado varias embarcaciones de la Flotilla Global Sumud y ha detenido a los izquierdistas radicales a bordo, seg\u00fan ha informado el Ministerio de Asuntos Exteriores de Israel.<\/p>\n<p>\u00abVarias embarcaciones de la flotilla Ham\u00e1s-Sumud ya han sido detenidas sin contratiempos y sus pasajeros est\u00e1n siendo trasladados a un puerto israel\u00ed. Greta y sus amigos se encuentran sanos y salvos\u00bb, ha afirmado el Ministerio de Asuntos Exteriores. Una vez llevados a Israel, los <strong>izquierdistas radicales ser\u00e1n deportados<\/strong>.<\/p>\n<p>\t\t\t\t\t<script async src=\"https:\/\/platform.twitter.com\/widgets.js\" charset=\"utf-8\"><\/script><\/p>\n","protected":false},"excerpt":{"rendered":"El Ministerio de Asuntos Exteriores de Israel ha anunciado que varias embarcaciones de la Flotilla Ham\u00e1s ya han&hellip;\n","protected":false},"author":2,"featured_media":151593,"comment_status":"","ping_status":"","sticky":false,"template":"","format":"standard","meta":{"footnotes":""},"categories":[42],"tags":[17,18,13,14,11,61,62,63,64,19,20,9,10,15,16,12,21,22,65,66,67],"class_list":{"0":"post-151592","1":"post","2":"type-post","3":"status-publish","4":"format-standard","5":"has-post-thumbnail","7":"category-internacional","8":"tag-breaking-news","9":"tag-breakingnews","10":"tag-featured-news","11":"tag-featurednews","12":"tag-headlines","13":"tag-internacional","14":"tag-international","15":"tag-international-news","16":"tag-internationalnews","17":"tag-latest-news","18":"tag-latestnews","19":"tag-news","20":"tag-noticias","21":"tag-noticias-destacadas","22":"tag-noticiasdestacadas","23":"tag-titulares","24":"tag-ultimas-noticias","25":"tag-ultimasnoticias","26":"tag-world","27":"tag-world-news","28":"tag-worldnews"},"share_on_mastodon":{"url":"","error":""},"_links":{"self":[{"href":"https:\/\/www.europesays.com\/es\/wp-json\/wp\/v2\/posts\/151592","targetHints":{"allow":["GET"]}}],"collection":[{"href":"https:\/\/www.europesays.com\/es\/wp-json\/wp\/v2\/posts"}],"about":[{"href":"https:\/\/www.europesays.com\/es\/wp-json\/wp\/v2\/types\/post"}],"author":[{"embeddable":true,"href":"https:\/\/www.europesays.com\/es\/wp-json\/wp\/v2\/users\/2"}],"replies":[{"embeddable":true,"href":"https:\/\/www.europesays.com\/es\/wp-json\/wp\/v2\/comments?post=151592"}],"version-history":[{"count":0,"href":"https:\/\/www.europesays.com\/es\/wp-json\/wp\/v2\/posts\/151592\/revisions"}],"wp:featuredmedia":[{"embeddable":true,"href":"https:\/\/www.europesays.com\/es\/wp-json\/wp\/v2\/media\/151593"}],"wp:attachment":[{"href":"https:\/\/www.europesays.com\/es\/wp-json\/wp\/v2\/media?parent=151592"}],"wp:term":[{"taxonomy":"category","embeddable":true,"href":"https:\/\/www.europesays.com\/es\/wp-json\/wp\/v2\/categories?post=151592"},{"taxonomy":"post_tag","embeddable":true,"href":"https:\/\/www.europesays.com\/es\/wp-json\/wp\/v2\/tags?post=151592"}],"curies":[{"name":"wp","href":"https:\/\/api.w.org\/{rel}","templated":true}]}}