{"id":151594,"date":"2025-10-01T22:51:10","date_gmt":"2025-10-01T22:51:10","guid":{"rendered":"https:\/\/www.europesays.com\/es\/151594\/"},"modified":"2025-10-01T22:51:10","modified_gmt":"2025-10-01T22:51:10","slug":"bea-desaparecida-oliva-la-guardia-civil-sospecha-que-el-cuerpo-calcinado-de-una-mujer-hallado-en-oliva-pertenece-a-bea","status":"publish","type":"post","link":"https:\/\/www.europesays.com\/es\/151594\/","title":{"rendered":"Bea desaparecida Oliva | La Guardia Civil sospecha que el cuerpo calcinado de una mujer hallado en Oliva pertenece a Bea"},"content":{"rendered":"<p class=\"ft-text\">Justo cuando se cumplen <a class=\"ft-link ft-link--decoration\" href=\"https:\/\/www.levante-emv.com\/sucesos\/2025\/09\/21\/bea-desaparecida-oliva-peor-incertidumbre-pareja-juanjo-jimenez-121606476.html\" target=\"_blank\" rel=\"nofollow noopener\">53 d\u00edas de la desaparici\u00f3n de Beatriz Guijarro, la joven madre de Oliva que se encuentra en paradero desconocido desde la madrugada del 9 de agosto<\/a>, una pareja de senderistas ha encontrado los <strong>restos calcinados de una mujer en una zona pr\u00f3xima al \u00faltimo punto donde fue vista Bea<\/strong> por \u00faltima vez. Se trata de la monta\u00f1a de la Creu, en la <strong>parte alta del casco antiguo de Oliva<\/strong>, a menos de 500 metros, monte a trav\u00e9s, de <strong>donde Bea se habr\u00eda bajado del coche del amigo<\/strong> con el que estuvo esa noche.<\/p>\n<p class=\"ft-text\">Aunque a\u00fan es pronto para determinar la identidad del cuerpo hallado, lo que parece claro es que los restos pertenecen a una mujer, tanto por el cr\u00e1neo como por la pelvis. Eso s\u00ed, apenas quedan trazas de posibles restos textiles, aunque sobre el cuerpo<strong>, ca\u00eddo bocabajo, al pie de la valla que evita la entrada de animales salvajes en la autopista AP-7, <\/strong>ha sido encontrado lo que podr\u00edan ser los <strong>restos quemados de una mochila<\/strong>, complemento que llevaba Beatriz la noche de su desaparici\u00f3n. Adem\u00e1s, esa cercan\u00eda al punto del \u00faltimo avistamiento y algunos elementos hallados sobre el cuerpo han llevado a los investigadores a <strong>sospechar con un alto grado de convencimiento que se tratar\u00eda de los restos de Beatriz, <\/strong>aunque ser\u00e1 la autopsia, con los an\u00e1lisis odontol\u00f3gicos y de <a class=\"ft-link ft-link--decoration\" href=\"https:\/\/www.levante-emv.com\/tags\/adn\/\" target=\"_blank\" rel=\"nofollow noopener\">ADN<\/a>, la que permitir\u00e1 la confirmaci\u00f3n oficial de la identidad del cuerpo hallado este mi\u00e9rcoles.<\/p>\n<p>El autor del incendio fue detenido<\/p>\n<p class=\"ft-text\">En principio, el cad\u00e1ver estar\u00eda calcinado por la acci\u00f3n del fuego intencionado que arras\u00f3 buena parte de esa monta\u00f1a el pasado 4 de septiembre, casi un mes despu\u00e9s de la desaparici\u00f3n. Seg\u00fan la informaci\u00f3n a la que ha tenido acceso <a class=\"ft-link ft-link--decoration\" href=\"https:\/\/www.levante-emv.com\/\" target=\"_blank\" rel=\"nofollow noopener\"><strong>Levante-EMV<\/strong><\/a>, ese incendio fue provocado por un vecino de Oliva, detenido por estos hechos, que pretend\u00eda causar da\u00f1os en la propiedad de un hombre con el que manten\u00eda un conflicto, por lo que, en principio, <strong>nada tendr\u00eda que ver con la desaparici\u00f3n de Bea.<\/strong><\/p>\n<p class=\"ft-text\">De hecho, el incendio comenz\u00f3 junto a las \u00faltimas casas de la calle Alta, justo donde empieza la monta\u00f1a, a unos 240 metros del punto donde estaba el cuerpo que se cree es el de Bea. Hay que recordar que el fuego consumi\u00f3 la vegetaci\u00f3n de toda la loma, y que subi\u00f3 ladera arriba empujado por el viento hasta la bajada escarpada sobre la autopista, arras\u00e1ndolo todo a su paso.<\/p>\n<p class=\"ft-text\">La zona ha sido acordonada por la <a class=\"ft-link ft-link--decoration\" href=\"https:\/\/web.guardiacivil.es\/es\" target=\"_blank\" rel=\"nofollow noopener\">Guardia Civil<\/a>, mientras la m\u00e9dico forense realizaba una primera inspecci\u00f3n y realizaba el levantamiento del cad\u00e1ver ordenado por la jueza de guardia de Gandia. Una vez concluida la <strong>meticulosa recogida de los restos humanos, labor que finaliz\u00f3 poco antes de la medianoche,<\/strong> han sido guardados en el sudario y trasladados al Instituto de Medicina Legal (<a class=\"ft-link ft-link--decoration\" href=\"https:\/\/www.levante-emv.com\/tags\/instituto-de-medicina-legal\/\" target=\"_blank\" rel=\"nofollow noopener\">IML<\/a>) de Val\u00e8ncia, donde se realizar\u00e1 la autopsia, que se prev\u00e9 complicada por el deteriorado estado del cuerpo, tanto por la acci\u00f3n del fuego como por el tiempo transcurrido, a lo que se suma la tromba de agua ca\u00edda en la madrugada de este martes sobre Oliva, durante el paso de los restos de la <a class=\"ft-link ft-link--decoration\" href=\"https:\/\/www.levante-emv.com\/comunitat-valenciana\/2025\/09\/30\/alerta-roja-lluvias-valencia-122085530.html\" target=\"_blank\" rel=\"nofollow noopener\">borrasca Gabrielle que oblig\u00f3 a decretar la alerta roja<\/a> en toda la provincia de Valencia y en la de Castell\u00f3n.<\/p>\n<p>\u00bfHomicidio o muerte accidental?<\/p>\n<p class=\"ft-text\">Nada m\u00e1s recibir el aviso, se desplazaron agentes del puesto de Oliva y, poco despu\u00e9s, acudieron los investigadores que llevan el caso de Bea, esto es, el Equipo de <a class=\"ft-link ft-link--decoration\" href=\"https:\/\/www.levante-emv.com\/tags\/policia-judicial\/\" target=\"_blank\" rel=\"nofollow noopener\">Polic\u00eda Judicial<\/a> de Gandia, adem\u00e1s de agentes del laboratorio de <a class=\"ft-link ft-link--decoration\" href=\"https:\/\/www.levante-emv.com\/tags\/criminalistica\/\" target=\"_blank\" rel=\"nofollow noopener\">Criminal\u00edstica<\/a> de Val\u00e8ncia. Este jueves est\u00e1 previsto que se sumen, por fin, a la investigaci\u00f3n los especialistas del <a class=\"ft-link ft-link--decoration\" href=\"https:\/\/www.levante-emv.com\/tags\/grupo-de-homicidios\/\" target=\"_blank\" rel=\"nofollow noopener\">grupo de Homicidios<\/a> de la Comandancia de Valencia, <strong>a los que no se hab\u00eda activado para resolver este caso<\/strong>.<\/p>\n<p class=\"ft-text\">De momento, la Guardia Civil no ha cerrado ninguna hip\u00f3tesis, ya que no est\u00e1 claro si <strong>la muerte de la joven pudo ser accidental o si ha sido v\u00edctima de un homicidio<\/strong>, aunque, a falta de la autopsia, cada vez gana m\u00e1s peso la tesis del accidente.<\/p>\n<p>Informaci\u00f3n en elaboraci\u00f3n<\/p>\n<p class=\"ft-text\">En Levante-EMV estamos trabajando para completar esta informaci\u00f3n, en unos instantes podr\u00e1s leer la noticia completa. Puedes compartirla con tus contactos, que recibir\u00e1n la noticia actualizada con la \u00faltima versi\u00f3n.<\/p>\n<p class=\"ft-text\">Adem\u00e1s, si todav\u00eda no recibes las alertas de \u00faltima hora en tu m\u00f3vil, puedes inscribirte de forma sencilla y sin ning\u00fan coste a nuestro canal de Telegram <a href=\"https:\/\/telegram.me\/LevanteEMV_bot?start=alta\" class=\"ft-link ft-link--decoration\" rel=\"nofollow noopener\" target=\"_blank\">pinchando aqu\u00ed<\/a>o <a href=\"https:\/\/whatsapp.com\/channel\/0029VaAQ1OoBvvsWUad8ms42\" class=\"ft-link ft-link--decoration\" rel=\"nofollow noopener\" target=\"_blank\">Whatsapp<\/a>.\u00a0Adem\u00e1s sigue la <a href=\"https:\/\/www.levante-emv.com\/\" class=\"ft-link ft-link--decoration\" rel=\"nofollow noopener\" target=\"_blank\">informaci\u00f3n actualizada en la web del diario<\/a>, as\u00ed como en las redes sociales: <a href=\"https:\/\/www.facebook.com\/levante.emv\/\" class=\"ft-link ft-link--decoration\" rel=\"nofollow noopener\" target=\"_blank\">Facebook<\/a>, <a href=\"https:\/\/twitter.com\/levante_emv\" class=\"ft-link ft-link--decoration\" rel=\"nofollow noopener\" target=\"_blank\">Twitter<\/a>e <a href=\"https:\/\/www.instagram.com\/levanteemv\/\" class=\"ft-link ft-link--decoration\" rel=\"nofollow noopener\" target=\"_blank\">Instagram<\/a>.<\/p>\n<p><script async src=\"https:\/\/platform.twitter.com\/widgets.js\" charset=\"utf-8\"><\/script><script async src=\"\/\/www.instagram.com\/embed.js\"><\/script><\/p>\n","protected":false},"excerpt":{"rendered":"Justo cuando se cumplen 53 d\u00edas de la desaparici\u00f3n de Beatriz Guijarro, la joven madre de Oliva que&hellip;\n","protected":false},"author":2,"featured_media":151595,"comment_status":"","ping_status":"","sticky":false,"template":"","format":"standard","meta":{"footnotes":""},"categories":[8],"tags":[8681,12752,45913,45911,17,18,45912,2804,45915,873,6250,8056,25,24,13,14,26256,2803,1160,37003,11,24733,2129,45917,1294,19,20,707,45916,12893,4920,4809,2461,45914,9,10,15,16,2931,23,12,21,22],"class_list":{"0":"post-151594","1":"post","2":"type-post","3":"status-publish","4":"format-standard","5":"has-post-thumbnail","7":"category-espana","8":"tag-adn","9":"tag-autopsia","10":"tag-bea","11":"tag-bea-desaparecida-oliva","12":"tag-breaking-news","13":"tag-breakingnews","14":"tag-calcinado","15":"tag-civil","16":"tag-criminalistica","17":"tag-cuerpo","18":"tag-desaparecida","19":"tag-desaparecidos","20":"tag-es","21":"tag-espana","22":"tag-featured-news","23":"tag-featurednews","24":"tag-forense","25":"tag-guardia","26":"tag-guardia-civil","27":"tag-hallado","28":"tag-headlines","29":"tag-homicidio","30":"tag-homicidios","31":"tag-instituto-de-medicina-legal","32":"tag-investigacion","33":"tag-latest-news","34":"tag-latestnews","35":"tag-levante-emv","36":"tag-medicina-forense","37":"tag-monte","38":"tag-muerte","39":"tag-muertes","40":"tag-mujer","41":"tag-mujer-muerta","42":"tag-news","43":"tag-noticias","44":"tag-noticias-destacadas","45":"tag-noticiasdestacadas","46":"tag-sospecha","47":"tag-spain","48":"tag-titulares","49":"tag-ultimas-noticias","50":"tag-ultimasnoticias"},"share_on_mastodon":{"url":"","error":""},"_links":{"self":[{"href":"https:\/\/www.europesays.com\/es\/wp-json\/wp\/v2\/posts\/151594","targetHints":{"allow":["GET"]}}],"collection":[{"href":"https:\/\/www.europesays.com\/es\/wp-json\/wp\/v2\/posts"}],"about":[{"href":"https:\/\/www.europesays.com\/es\/wp-json\/wp\/v2\/types\/post"}],"author":[{"embeddable":true,"href":"https:\/\/www.europesays.com\/es\/wp-json\/wp\/v2\/users\/2"}],"replies":[{"embeddable":true,"href":"https:\/\/www.europesays.com\/es\/wp-json\/wp\/v2\/comments?post=151594"}],"version-history":[{"count":0,"href":"https:\/\/www.europesays.com\/es\/wp-json\/wp\/v2\/posts\/151594\/revisions"}],"wp:featuredmedia":[{"embeddable":true,"href":"https:\/\/www.europesays.com\/es\/wp-json\/wp\/v2\/media\/151595"}],"wp:attachment":[{"href":"https:\/\/www.europesays.com\/es\/wp-json\/wp\/v2\/media?parent=151594"}],"wp:term":[{"taxonomy":"category","embeddable":true,"href":"https:\/\/www.europesays.com\/es\/wp-json\/wp\/v2\/categories?post=151594"},{"taxonomy":"post_tag","embeddable":true,"href":"https:\/\/www.europesays.com\/es\/wp-json\/wp\/v2\/tags?post=151594"}],"curies":[{"name":"wp","href":"https:\/\/api.w.org\/{rel}","templated":true}]}}