{"id":151600,"date":"2025-10-01T22:55:09","date_gmt":"2025-10-01T22:55:09","guid":{"rendered":"https:\/\/www.europesays.com\/es\/151600\/"},"modified":"2025-10-01T22:55:09","modified_gmt":"2025-10-01T22:55:09","slug":"khalil-rountree-jr-quiere-evitar-la-eliminacion-contra-jiri-prochazka","status":"publish","type":"post","link":"https:\/\/www.europesays.com\/es\/151600\/","title":{"rendered":"Khalil Rountree Jr. quiere evitar la eliminaci\u00f3n contra Jiri Prochazka"},"content":{"rendered":"<p><img decoding=\"async\" style=\"position:absolute;top:0;left:0;right:0;bottom:0;width:100%;height:100%;z-index:2\" src=\"https:\/\/www.europesays.com\/es\/wp-content\/uploads\/2025\/10\/86463187007-khalil.jpg\"\/><br \/>\n<img decoding=\"async\" class=\"vidplayicon\" src=\"https:\/\/www.gannett-cdn.com\/appservices\/universal-web\/universal\/icons\/icon-play-alt-white.svg\" alt=\"jugar\" style=\"height:40px;margin:auto 18px auto 27px;width:40px\"\/><\/p>\n<p>Khalil Rountree Jr. No b\u00fasqueda la eliminaci\u00f3n con Jiri Prochazka, pero sagaz para ello<\/p>\n<p>El contendiente de UFC 320 Khalil Rountree Jr. habl\u00f3 con MMA Junkie y reporteros en el D\u00eda de los Medios de Media por su habitaci\u00f3n vs. Jiri Prochazka el s\u00e1bado en Las Vegas.<\/p>\n<p>LAS VEGAS \u2013 Khalil Rountree Jr. quiere evitar tener que entrar en una eliminaci\u00f3n con el quim\u00e9rico contendiente Jiri Prochazka, y comprensiblemente.<\/p>\n<p>Prochazka (31-5-1 MMA, 5-2 UFC) se ha construido una gran reputaci\u00f3n para s\u00ed mismo en MMA, entrando en numerosas peleas violentas donde, la mayor\u00eda de las veces, obtiene acabados violentos. Sin confiscaci\u00f3n, si eso es lo que se necesita para obtener la vencimiento, Rountree Jr. (14-6 MMA, 10-6 UFC) est\u00e1 dispuesto a suceder por el incendio para que su mano se este en el UFC 320 del s\u00e1bado, que tiene motivo en T-Mobile Arena.<\/p>\n<p>\u201cEspero que no, (pero) estoy sagaz para lo que sea\u201d, dijo Rouncree Jr. a MMA Junkie y otros medios en el D\u00eda de los Medios del mi\u00e9rcoles. \u201cHonestamente, todo en este momento es alegre, pero como estoy preparado para lo que sea. Creo que luego de esa pelea de Alex, demostr\u00e9 a m\u00ed mismo hasta d\u00f3nde puedo demorar y hasta d\u00f3nde estoy dispuesto a demorar si la pelea va all\u00ed, \u00bfsabes a qu\u00e9 me refiero? Pero estoy rezando por este partido violento y sangriento? Absolutamente no. Si va all\u00ed.<\/p>\n<p>Rountree Jr. viene de una vencimiento por valent\u00eda acorde sobre el ex campe\u00f3n de peso semipesado de UFC Jamahal Hill en junio. Anta\u00f1o de eso, ten\u00eda un desaf\u00edo por el t\u00edtulo, perdiendo delante el entonces campe\u00f3n Alex Pereira por TKO. En esa pelea del campeonato, Rountree Jr. super\u00f3 las expectativas de muchos, dando a \u201cPoatan\u201d una salida dura mientras recib\u00eda una gran cantidad de da\u00f1o. Rountree Jr. demostr\u00f3 al mundo y a s\u00ed mismo su vasta durabilidad.<\/p>\n<p>Rountree Jr. est\u00e1 emocionado de regresar a la trullo. Le gusta este emparejamiento con Prochazka y lo que podr\u00eda hacer por sus aspiraciones de t\u00edtulo.<\/p>\n<p>\u201cGran pelea, gran pelea\u201d, dijo Rountree Jr. \u201cMusculoso competidor. Gran enfrentamiento. Emocionante enfrentamiento\u201d.<\/p>\n","protected":false},"excerpt":{"rendered":"Khalil Rountree Jr. No b\u00fasqueda la eliminaci\u00f3n con Jiri Prochazka, pero sagaz para ello El contendiente de UFC&hellip;\n","protected":false},"author":2,"featured_media":151601,"comment_status":"","ping_status":"","sticky":false,"template":"","format":"standard","meta":{"footnotes":""},"categories":[276],"tags":[168,25,24,23,167,343],"class_list":{"0":"post-151600","1":"post","2":"type-post","3":"status-publish","4":"format-standard","5":"has-post-thumbnail","7":"category-ufc","8":"tag-deportes","9":"tag-es","10":"tag-espana","11":"tag-spain","12":"tag-sports","13":"tag-ufc"},"share_on_mastodon":{"url":"","error":""},"_links":{"self":[{"href":"https:\/\/www.europesays.com\/es\/wp-json\/wp\/v2\/posts\/151600","targetHints":{"allow":["GET"]}}],"collection":[{"href":"https:\/\/www.europesays.com\/es\/wp-json\/wp\/v2\/posts"}],"about":[{"href":"https:\/\/www.europesays.com\/es\/wp-json\/wp\/v2\/types\/post"}],"author":[{"embeddable":true,"href":"https:\/\/www.europesays.com\/es\/wp-json\/wp\/v2\/users\/2"}],"replies":[{"embeddable":true,"href":"https:\/\/www.europesays.com\/es\/wp-json\/wp\/v2\/comments?post=151600"}],"version-history":[{"count":0,"href":"https:\/\/www.europesays.com\/es\/wp-json\/wp\/v2\/posts\/151600\/revisions"}],"wp:featuredmedia":[{"embeddable":true,"href":"https:\/\/www.europesays.com\/es\/wp-json\/wp\/v2\/media\/151601"}],"wp:attachment":[{"href":"https:\/\/www.europesays.com\/es\/wp-json\/wp\/v2\/media?parent=151600"}],"wp:term":[{"taxonomy":"category","embeddable":true,"href":"https:\/\/www.europesays.com\/es\/wp-json\/wp\/v2\/categories?post=151600"},{"taxonomy":"post_tag","embeddable":true,"href":"https:\/\/www.europesays.com\/es\/wp-json\/wp\/v2\/tags?post=151600"}],"curies":[{"name":"wp","href":"https:\/\/api.w.org\/{rel}","templated":true}]}}