{"id":151602,"date":"2025-10-01T22:57:16","date_gmt":"2025-10-01T22:57:16","guid":{"rendered":"https:\/\/www.europesays.com\/es\/151602\/"},"modified":"2025-10-01T22:57:16","modified_gmt":"2025-10-01T22:57:16","slug":"el-detalle-de-alcaraz-con-juanjo-moreno-el-artifice-de-que-haya-podido-ganar-en-tokio-aun-estando-lesionado","status":"publish","type":"post","link":"https:\/\/www.europesays.com\/es\/151602\/","title":{"rendered":"El detalle de Alcaraz con Juanjo Moreno, el art\u00edfice de que haya podido ganar en Tokio aun estando lesionado"},"content":{"rendered":"<p class=\"paragraph\">Siempre se ha dicho que es de buen nacido ser agradecido y <b>Carlos Alcaraz<\/b> lo cumple a rajatabla. El tenista murciano, n\u00famero 1 del mundo, ha conquistado este martes el <b>ATP 500 de Tokio<\/b> y lo primero que ha hecho ha sido ir a abrazar a su fisio, <b>Juanjo Moreno<\/b>. Y es que \u00e9l ha sido el gran art\u00edfice de que Carlitos haya podido competir en la capital de Jap\u00f3n despu\u00e9s de una fea torcedura de tobillo.<\/p>\n<p class=\"paragraph\">Durante el partido de primera ronda, frente a <b>Sebasti\u00e1n B\u00e1ez<\/b>, <b>Carlos Alcaraz<\/b> fue a por una bola y en la carrera se torci\u00f3 su tobillo izquierdo. Se fue al suelo y estuvo tendido en la pista durante unos minutos, dejando la sensaci\u00f3n de que no iba a poder continuar. No quiso tirar la toalla el murciano y decidi\u00f3 seguir, aparentemente con normalidad, aunque favorecido porque la zona todav\u00eda estaba caliente y no se hab\u00eda hinchado.<\/p>\n<p>            <a href=\"#\" title=\"\"><br \/>\n                <img decoding=\"async\" loading=\"lazy\" width=\"120px\" height=\"90px\" alt=\"Carlos Alcaraz, durante la final del ATP 500 de Tokio\" src=\"https:\/\/imagenes.eldebate.com\/files\/related_image\/files\/fp\/uploads\/2025\/09\/30\/68dbea59db0ee.r_d.756-497.jpeg\" data-full-src=\"https:\/\/www.europesays.com\/es\/wp-content\/uploads\/2025\/10\/68dbea59db0ee.jpeg\"\/><br \/>\n            <\/a><\/p>\n<p class=\"paragraph\">Sin embargo, tras ganar el encuentro en primera ronda, la zona se empez\u00f3 a hinchar e incluso le recomendaron que abandonara el torneo. <b>No quer\u00eda explorar esa opci\u00f3n Alcaraz<\/b> porque no ten\u00eda ning\u00fan esguince y se puso en manos de <b>Juanjo Moreno<\/b>, su fisio que le acompa\u00f1a a todos los torneos. Juntos idearon un plan para que Alcaraz pudiese competir sin que le molestara la zona inflamada y lo mejor fue utilizar un vendaje.<\/p>\n<p class=\"paragraph\">As\u00ed pues, Carlitos ha jugado todo el ATP 500 de Tokio con un vendaje que le fijaba el tobillo izquierdo, pero que le ha permitido competir. Tambi\u00e9n recibiendo masajes antes y despu\u00e9s de cada partido y sabiendo que no pod\u00eda exigir en exceso esa zona. De ah\u00ed que el murciano <b>haya apostado por un tenis m\u00e1s directo de lo habitual <\/b>y con menos movilidad. Esta vez no tocaba correr las bolas imposibles, pero aun as\u00ed le ha valido para ganar.<\/p>\n<p class=\"paragraph\">Sali\u00f3 bien el plan de Carlos Alcaraz y Juanjo Moreno y por ello el murciano fue a quien primero abraz\u00f3. Sabe que sin \u00e9l no habr\u00eda sido posible seguir en Tokio ni sumar el t\u00edtulo n\u00famero 24 de su carrera. <b>Juanjo Moreno ha sido el art\u00edfice<\/b> y Carlitos se lo ha reconocido.<\/p>\n","protected":false},"excerpt":{"rendered":"Siempre se ha dicho que es de buen nacido ser agradecido y Carlos Alcaraz lo cumple a rajatabla.&hellip;\n","protected":false},"author":2,"featured_media":151603,"comment_status":"","ping_status":"","sticky":false,"template":"","format":"standard","meta":{"footnotes":""},"categories":[274],"tags":[168,25,24,23,167,327,326],"class_list":{"0":"post-151602","1":"post","2":"type-post","3":"status-publish","4":"format-standard","5":"has-post-thumbnail","7":"category-tenis","8":"tag-deportes","9":"tag-es","10":"tag-espana","11":"tag-spain","12":"tag-sports","13":"tag-tenis","14":"tag-tennis"},"share_on_mastodon":{"url":"","error":""},"_links":{"self":[{"href":"https:\/\/www.europesays.com\/es\/wp-json\/wp\/v2\/posts\/151602","targetHints":{"allow":["GET"]}}],"collection":[{"href":"https:\/\/www.europesays.com\/es\/wp-json\/wp\/v2\/posts"}],"about":[{"href":"https:\/\/www.europesays.com\/es\/wp-json\/wp\/v2\/types\/post"}],"author":[{"embeddable":true,"href":"https:\/\/www.europesays.com\/es\/wp-json\/wp\/v2\/users\/2"}],"replies":[{"embeddable":true,"href":"https:\/\/www.europesays.com\/es\/wp-json\/wp\/v2\/comments?post=151602"}],"version-history":[{"count":0,"href":"https:\/\/www.europesays.com\/es\/wp-json\/wp\/v2\/posts\/151602\/revisions"}],"wp:featuredmedia":[{"embeddable":true,"href":"https:\/\/www.europesays.com\/es\/wp-json\/wp\/v2\/media\/151603"}],"wp:attachment":[{"href":"https:\/\/www.europesays.com\/es\/wp-json\/wp\/v2\/media?parent=151602"}],"wp:term":[{"taxonomy":"category","embeddable":true,"href":"https:\/\/www.europesays.com\/es\/wp-json\/wp\/v2\/categories?post=151602"},{"taxonomy":"post_tag","embeddable":true,"href":"https:\/\/www.europesays.com\/es\/wp-json\/wp\/v2\/tags?post=151602"}],"curies":[{"name":"wp","href":"https:\/\/api.w.org\/{rel}","templated":true}]}}