{"id":151606,"date":"2025-10-01T22:59:07","date_gmt":"2025-10-01T22:59:07","guid":{"rendered":"https:\/\/www.europesays.com\/es\/151606\/"},"modified":"2025-10-01T22:59:07","modified_gmt":"2025-10-01T22:59:07","slug":"con-un-argentino-los-5-mejores-pilotos-de-la-historia-de-la-formula-1-segun-isack-hadjar-no-hay-comparacion","status":"publish","type":"post","link":"https:\/\/www.europesays.com\/es\/151606\/","title":{"rendered":"Con un argentino, los 5 mejores pilotos de la historia de la F\u00f3rmula 1, seg\u00fan Isack Hadjar: \u00abNo hay comparaci\u00f3n\u00bb"},"content":{"rendered":"<p><strong><a href=\"https:\/\/bolavip.com\/ar\/tema\/isack-hadjar\" target=\"_blank\" title=\"Isack Hadjar\" rel=\"nofollow noopener\">Isack Hadjar<\/a><\/strong> es una de las grandes sorpresas en la temporada 2025 de la <strong><a href=\"https:\/\/bolavip.com\/ar\/formula-1\" target=\"_blank\" title=\"F\u00f3rmula 1\" rel=\"nofollow noopener\">F\u00f3rmula 1<\/a><\/strong>. Con solo algunos tests en campa\u00f1as anteriores, el piloto franc\u00e9s compite por primera vez a bordo de un Racing Bulls y ya super\u00f3 tanto a Liam Lawson como a Yuki Tsunoda, sus compa\u00f1eros este a\u00f1o.<\/p>\n<p>Subcampe\u00f3n en la temporada 2024 de la F\u00f3rmula 2, Hadjar sum\u00f3 puntos en 8 de los grandes premios de la m\u00e1xima categor\u00eda este a\u00f1o, consiguiendo incluso llegar al podio en Pa\u00edses Bajos. Por eso, con solo 21 a\u00f1os, demostr\u00f3 ser uno de los pilotos con mayor proyecci\u00f3n de la parrilla.<\/p>\n<p>Mientras el nacido en Par\u00eds se prepara para volver a subirse en el monoplaza para competir en el Gran Premio de Singapur de este fin de semana, le concedi\u00f3 una entrevista a Bilel Jkitou para su canal de YouTube en la que se la jug\u00f3 a revelar cu\u00e1les son los mejores de la historia desde su perspectiva.<\/p>\n<p>\u201cEs dif\u00edcil hacerlo en todos los deportes. Ni siquiera se puede comparar. De su generaci\u00f3n, Hamilton. No hay comparaci\u00f3n. Puedo nombrarte cinco grandes, como <strong><a href=\"https:\/\/bolavip.com\/ar\/tema\/ayrton-senna\" target=\"_blank\" title=\"Ayrton Senna\" rel=\"nofollow noopener\">Ayrton Senna<\/a><\/strong>, <strong><a href=\"https:\/\/bolavip.com\/ar\/tema\/michael-schumacher\" target=\"_blank\" title=\"Michael Schumacher\" rel=\"nofollow noopener\">Michael Schumacher<\/a><\/strong>, <strong><a href=\"https:\/\/bolavip.com\/ar\/tema\/lewis-hamilton\" target=\"_blank\" title=\"Lewis Hamilton\" rel=\"nofollow noopener\">Lewis Hamilton<\/a><\/strong>, y ahora incluyo a <strong><a href=\"https:\/\/bolavip.com\/ar\/tema\/max-verstappen\" target=\"_blank\" title=\"Max (Verstappen)\" rel=\"nofollow noopener\">Max (Verstappen)<\/a><\/strong>\u201c, comenz\u00f3 Hadjar.<\/p>\n<p>Y luego, para completar con el pedido y sumar al quinto de esta lista, se refiri\u00f3 a <strong><a href=\"https:\/\/bolavip.com\/ar\/tema\/juan-manuel-fangio\" target=\"_blank\" title=\"Juan Manuel Fangio\" rel=\"nofollow noopener\">Juan Manuel Fangio<\/a><\/strong>, la leyenda argentina: \u201cPodr\u00eda tener en cuenta el pasado, eso es lo que pas\u00f3 en los a\u00f1os 60, 50. Ni siquiera tengo un v\u00eddeo, nada, pero estaba Fangio, cinco veces campe\u00f3n del mundo de F\u00f3rmula 1, as\u00ed que lo pondr\u00eda entre los cinco primeros\u201d.<\/p>\n<p> <strong>A qu\u00e9 hora se corre el GP de Singapur<\/strong> <\/p>\n<p>Al no haber carrera este fin de semana, la F\u00f3rmula 1 reanudar\u00e1 su campeonato el pr\u00f3ximo 5 de octubre, con las pr\u00e1cticas y la clasificaci\u00f3n llev\u00e1ndose a cabo el 3 y el 4. Debido a que Singapur se encuentra en tierras asi\u00e1ticas, la diferencia de horario con Argentina es de 11 horas, por lo que el GP ser\u00e1 m\u00e1s temprano que los que se disputan en Europa. A continuaci\u00f3n, los horarios.<\/p>\n<ul>\n<li>Pr\u00e1ctica libre 1: viernes 3 de octubre 6:30 AM.<\/li>\n<li>Pr\u00e1ctica libre 2: viernes 3 de octubre 10:00 AM.<\/li>\n<li>Pr\u00e1ctica libre 3: s\u00e1bado 4 de octubre 6:30 AM.<\/li>\n<li>Clasificaci\u00f3n: s\u00e1bado 4 de octubre 10:00 AM<\/li>\n<li><strong>Carrera: domingo 5 de octubre 09:00 AM.<\/strong><\/li>\n<\/ul>\n<p> <strong>Calendario completo de la temporada 2025 de la F\u00f3rmula 1<\/strong> <\/p>\n<ul>\n<li>Gran Premio de Singapur \u2013 Marina Bay \u2013 5 de octubre<\/li>\n<li>Gran Premio de Estados Unidos \u2013 Austin \u2013 19 de octubre<\/li>\n<li>Gran Premio de la Ciudad de M\u00e9xico \u2013 Ciudad de M\u00e9xico \u2013 26 de octubre<\/li>\n<li>Gran Premio de Brasil \u2013 Interlagos \u2013 9 de noviembre<\/li>\n<li>Gran Premio de Las Vegas \u2013 Las Vegas \u2013 22 de noviembre<\/li>\n<li>Gran Premio de Qatar \u2013 Losail \u2013 30 de noviembre<\/li>\n<li>Gran Premio de Abu Dabi \u2013 Yas Marina \u2013 7 de diciembre<\/li>\n<\/ul>\n","protected":false},"excerpt":{"rendered":"Isack Hadjar es una de las grandes sorpresas en la temporada 2025 de la F\u00f3rmula 1. Con solo&hellip;\n","protected":false},"author":2,"featured_media":151607,"comment_status":"","ping_status":"","sticky":false,"template":"","format":"standard","meta":{"footnotes":""},"categories":[270],"tags":[6519,168,25,24,306,271,272,2109,38328,2097,2099,14598,23,167],"class_list":{"0":"post-151606","1":"post","2":"type-post","3":"status-publish","4":"format-standard","5":"has-post-thumbnail","7":"category-formula-1","8":"tag-ayrton-senna","9":"tag-deportes","10":"tag-es","11":"tag-espana","12":"tag-f1","13":"tag-formula-1","14":"tag-formula1","15":"tag-isack-hadjar","16":"tag-juan-manuel-fangio","17":"tag-lewis-hamilton","18":"tag-max-verstappen","19":"tag-michael-schumacher","20":"tag-spain","21":"tag-sports"},"share_on_mastodon":{"url":"","error":""},"_links":{"self":[{"href":"https:\/\/www.europesays.com\/es\/wp-json\/wp\/v2\/posts\/151606","targetHints":{"allow":["GET"]}}],"collection":[{"href":"https:\/\/www.europesays.com\/es\/wp-json\/wp\/v2\/posts"}],"about":[{"href":"https:\/\/www.europesays.com\/es\/wp-json\/wp\/v2\/types\/post"}],"author":[{"embeddable":true,"href":"https:\/\/www.europesays.com\/es\/wp-json\/wp\/v2\/users\/2"}],"replies":[{"embeddable":true,"href":"https:\/\/www.europesays.com\/es\/wp-json\/wp\/v2\/comments?post=151606"}],"version-history":[{"count":0,"href":"https:\/\/www.europesays.com\/es\/wp-json\/wp\/v2\/posts\/151606\/revisions"}],"wp:featuredmedia":[{"embeddable":true,"href":"https:\/\/www.europesays.com\/es\/wp-json\/wp\/v2\/media\/151607"}],"wp:attachment":[{"href":"https:\/\/www.europesays.com\/es\/wp-json\/wp\/v2\/media?parent=151606"}],"wp:term":[{"taxonomy":"category","embeddable":true,"href":"https:\/\/www.europesays.com\/es\/wp-json\/wp\/v2\/categories?post=151606"},{"taxonomy":"post_tag","embeddable":true,"href":"https:\/\/www.europesays.com\/es\/wp-json\/wp\/v2\/tags?post=151606"}],"curies":[{"name":"wp","href":"https:\/\/api.w.org\/{rel}","templated":true}]}}