{"id":151608,"date":"2025-10-01T23:00:15","date_gmt":"2025-10-01T23:00:15","guid":{"rendered":"https:\/\/www.europesays.com\/es\/151608\/"},"modified":"2025-10-01T23:00:15","modified_gmt":"2025-10-01T23:00:15","slug":"una-de-sus-estrellas-se-perdera-el-inicio-de-temporada","status":"publish","type":"post","link":"https:\/\/www.europesays.com\/es\/151608\/","title":{"rendered":"una de sus estrellas se perder\u00e1 el inicio de temporada"},"content":{"rendered":"<p data-gtm-element-container=\"modulo-texto-link\" class=\"paragraph\">Los <strong>San Antonio Spurs<\/strong> que debutar\u00e1n el primer partido de la temporada 2025-2026 sin su estrella <strong>De\u2019Aaron Fox<\/strong>. El estadounidense que habl\u00f3 durante el <strong>Media Day <\/strong>y coment\u00f3 que esta sufriendo una lesi\u00f3n en un tend\u00f3n de su pierna derecha que le impedir\u00e1 poder arrancar la temporada con normalidad.<\/p>\n<p data-gtm-element-container=\"modulo-texto-link\" class=\"paragraph\">\u00c9l se siente con buenas sensaciones y para jugar. Sin embargo, el base deber\u00e1 esperar.\u00a0\u00abLo estamos llevando d\u00eda a d\u00eda, pero me siento muy bien.\u00a0<strong>No creo que est\u00e9 listo para la pretemporada ni para la noche inaugural<\/strong>. Bueno, yo s\u00ed me siento listo, pero no soy el experto. Tendremos que ver c\u00f3mo me siento, pero yo me veo para jugar ahora mismo\u00bb, afirm\u00f3 el base.<\/p>\n<blockquote class=\"twitter-tweet\" data-lang=\"es\"><p>\n<a href=\"https:\/\/twitter.com\/JaredWeissNBA\/status\/1972709754888753521\" rel=\"nofollow noopener\" target=\"_blank\">\n<\/p><\/blockquote>\n<blockquote>\n<p>        \u00ab\u00c9l est\u00e1 mejor, pero vamos a ser muy conscientes y conservadores\u00bb<\/p>\n<p>            Mitch Johnson, t\u00e9cnico de los Spurs<\/p>\n<\/blockquote>\n<p data-gtm-element-container=\"modulo-texto-link\" class=\"paragraph\">Aunque se siente bien y mejorando, van a llevar la recuperaci\u00f3n con precauci\u00f3n y no se arriesgar\u00e1 nada para evitar una reca\u00edda, y as\u00ed lo hizo saber el entrenador <strong>Mitch Johnson<\/strong>: \u00ab\u00c9l est\u00e1 mejor, <strong>pero vamos a ser muy conscientes y conservadores,<\/strong> como siempre lo somos. Si fuese por \u00e9l, podr\u00eda entrenar ma\u00f1ana, pero estamos pensando en general\u00bb.<\/p>\n<p data-gtm-element-container=\"modulo-texto-link\" class=\"paragraph\">Tambi\u00e9n habl\u00f3 del retorno de <strong>Victor\u00a0Wembanyama<\/strong> y de las ganas que tiene de volver a compartir pista con el gigante franc\u00e9s:\u00a0\u00ab<strong>\u00c9l fue una gran raz\u00f3n por la que quise venir aqu\u00ed\u00bb.\u00a0<\/strong><\/p>\n<p>    Lee tambi\u00e9n<\/p>\n<p data-gtm-element-container=\"modulo-texto-link\" class=\"paragraph\">Debido a una cirug\u00eda de dedo del estadounidense, la pareja de estrellas de los <strong>Spurs <\/strong>s\u00f3lo pudieron coincidir en cinco partidos la temporada pasada. Ahora con esta lesi\u00f3n se retrasar\u00e1 esta combinaci\u00f3n, que sumados a la duda de <strong>Dylan Harper<\/strong>, el conjunto de <strong>San Antonio<\/strong> llegar\u00e1 tocado al inicio de liga.<\/p>\n<p data-gtm-element-container=\"modulo-texto-link\" class=\"paragraph\">En la madrugada del 22 al\u00a0<strong>23 de octubre<\/strong> empezar\u00e1 oficialmente la temporada regular para los de\u00a0<strong>Johnson <\/strong>ante los <strong>Dallas Mavericks<\/strong>, un duelo que servir\u00e1 para ver donde est\u00e1 el equipo y a que aspiraciones pueden aspirar tras la vuelta de su mejor jugador, aun sabiendo las bajas con las que llega.<\/p>\n<p><script async src=\"https:\/\/platform.twitter.com\/widgets.js\" charset=\"utf-8\"><\/script><\/p>\n","protected":false},"excerpt":{"rendered":"Los San Antonio Spurs que debutar\u00e1n el primer partido de la temporada 2025-2026 sin su estrella De\u2019Aaron Fox.&hellip;\n","protected":false},"author":2,"featured_media":151609,"comment_status":"","ping_status":"","sticky":false,"template":"","format":"standard","meta":{"footnotes":""},"categories":[269],"tags":[299,298,168,25,24,23,167],"class_list":{"0":"post-151608","1":"post","2":"type-post","3":"status-publish","4":"format-standard","5":"has-post-thumbnail","7":"category-baloncesto","8":"tag-baloncesto","9":"tag-basketball","10":"tag-deportes","11":"tag-es","12":"tag-espana","13":"tag-spain","14":"tag-sports"},"share_on_mastodon":{"url":"","error":""},"_links":{"self":[{"href":"https:\/\/www.europesays.com\/es\/wp-json\/wp\/v2\/posts\/151608","targetHints":{"allow":["GET"]}}],"collection":[{"href":"https:\/\/www.europesays.com\/es\/wp-json\/wp\/v2\/posts"}],"about":[{"href":"https:\/\/www.europesays.com\/es\/wp-json\/wp\/v2\/types\/post"}],"author":[{"embeddable":true,"href":"https:\/\/www.europesays.com\/es\/wp-json\/wp\/v2\/users\/2"}],"replies":[{"embeddable":true,"href":"https:\/\/www.europesays.com\/es\/wp-json\/wp\/v2\/comments?post=151608"}],"version-history":[{"count":0,"href":"https:\/\/www.europesays.com\/es\/wp-json\/wp\/v2\/posts\/151608\/revisions"}],"wp:featuredmedia":[{"embeddable":true,"href":"https:\/\/www.europesays.com\/es\/wp-json\/wp\/v2\/media\/151609"}],"wp:attachment":[{"href":"https:\/\/www.europesays.com\/es\/wp-json\/wp\/v2\/media?parent=151608"}],"wp:term":[{"taxonomy":"category","embeddable":true,"href":"https:\/\/www.europesays.com\/es\/wp-json\/wp\/v2\/categories?post=151608"},{"taxonomy":"post_tag","embeddable":true,"href":"https:\/\/www.europesays.com\/es\/wp-json\/wp\/v2\/tags?post=151608"}],"curies":[{"name":"wp","href":"https:\/\/api.w.org\/{rel}","templated":true}]}}