{"id":151610,"date":"2025-10-01T23:01:08","date_gmt":"2025-10-01T23:01:08","guid":{"rendered":"https:\/\/www.europesays.com\/es\/151610\/"},"modified":"2025-10-01T23:01:08","modified_gmt":"2025-10-01T23:01:08","slug":"fc-barcelona-balde-lamine-ya-es-el-mejor-del-mundo-pero-a-veces-hay-que-tirarle-de-la-oreja","status":"publish","type":"post","link":"https:\/\/www.europesays.com\/es\/151610\/","title":{"rendered":"FC Barcelona | Balde: \u00abLamine ya es el mejor del mundo, pero a veces hay que tirarle de la oreja\u00bb"},"content":{"rendered":"<p data-gtm-element-container=\"modulo-texto-link\" class=\"paragraph\"><strong>Alejandro Balde<\/strong>, lateral zurdo de 21 a\u00f1os que ha recibido el alta m\u00e9dica este mi\u00e9rcoles y que estar\u00e1 en el banquillo del <strong>Bar\u00e7a <\/strong>ante el <strong>PSG<\/strong>, habl\u00f3 en Movistar Liga de Campeones a su llegada al Estadi Ol\u00edmpic Llu\u00eds Companys de <strong>Montju\u00efc<\/strong>. Preguntado por las palabras de<strong> Hansi Flick<\/strong> en la previa sobre su amigo y compa\u00f1ero <strong>Lamine Yamal<\/strong> (\u00abes excepcional, pero debe centrarse en trabajar\u00bb), el defensa lo entendi\u00f3 al mismo tiempo que elogi\u00f3 al extremo de 18 a\u00f1os.<\/p>\n<p data-gtm-element-container=\"modulo-texto-link\" class=\"paragraph\">\u00ab<strong>Lamine <\/strong>es un jugador muy joven, pero para m\u00ed ya es el mejor del mundo. A veces es bueno decirle esas cosas y tirarle un poco de la oreja, pero lo que est\u00e1 haciendo a esta edad es incre\u00edble. Espero que siga ayud\u00e1ndonos a este nivel\u00bb, apunt\u00f3, valorando el papel de <strong>Hansi Flick<\/strong> con los j\u00f3venes: \u00abSomos un grupo grande de jugadores j\u00f3venes, y nadie nace sabi\u00e9ndolo todo. \u00c9l nos ense\u00f1a mucho, y se podr\u00eda decir que es como un padre en el vestuario\u00bb.<\/p>\n<p data-gtm-element-container=\"modulo-texto-link\" class=\"paragraph\">Sobre las rotaciones, <strong>Balde <\/strong>explic\u00f3 que \u00abcreo que no importa qui\u00e9n juegue. Tenemos una plantilla incre\u00edble y muy completa. Lo importante es que, aunque falten jugadores importantes, quien los sustituya d\u00e9 lo mejor de s\u00ed para que nadie sienta la ausencia\u00bb.<\/p>\n<p data-gtm-element-container=\"modulo-texto-link\" class=\"paragraph\">Sobre el jugador con el que mejor se compenetra en la banda izquierda explic\u00f3 que \u00abme llev\u00e9 muy bien con <strong>Raphinha<\/strong>, y formamos una dupla fuerte en el lateral izquierdo, pero tambi\u00e9n con <strong>Marcus (Rashford)<\/strong> es muy f\u00e1cil, es un jugador de talla mundial, y con jugadores de este nivel siempre es f\u00e1cil llevarse bien\u00bb.<\/p>\n<p>    Lee tambi\u00e9n<\/p>\n<p data-gtm-element-container=\"modulo-texto-link\" class=\"paragraph\">Por \u00faltimo, no ocult\u00f3 <strong>Balde <\/strong>la espina que tiene la plantilla con la pasada Champions: \u00abLa eliminaci\u00f3n en Milan fue un golpe muy duro, pero este a\u00f1o lo intentaremos de nuevo. Conf\u00edo en que lograremos grandes cosas en la Champions League\u00bb.<\/p>\n","protected":false},"excerpt":{"rendered":"Alejandro Balde, lateral zurdo de 21 a\u00f1os que ha recibido el alta m\u00e9dica este mi\u00e9rcoles y que estar\u00e1&hellip;\n","protected":false},"author":2,"featured_media":151611,"comment_status":"","ping_status":"","sticky":false,"template":"","format":"standard","meta":{"footnotes":""},"categories":[268],"tags":[168,25,24,280,282,281,23,167],"class_list":{"0":"post-151610","1":"post","2":"type-post","3":"status-publish","4":"format-standard","5":"has-post-thumbnail","7":"category-futbol","8":"tag-deportes","9":"tag-es","10":"tag-espana","11":"tag-football","12":"tag-futbol","13":"tag-soccer","14":"tag-spain","15":"tag-sports"},"share_on_mastodon":{"url":"","error":""},"_links":{"self":[{"href":"https:\/\/www.europesays.com\/es\/wp-json\/wp\/v2\/posts\/151610","targetHints":{"allow":["GET"]}}],"collection":[{"href":"https:\/\/www.europesays.com\/es\/wp-json\/wp\/v2\/posts"}],"about":[{"href":"https:\/\/www.europesays.com\/es\/wp-json\/wp\/v2\/types\/post"}],"author":[{"embeddable":true,"href":"https:\/\/www.europesays.com\/es\/wp-json\/wp\/v2\/users\/2"}],"replies":[{"embeddable":true,"href":"https:\/\/www.europesays.com\/es\/wp-json\/wp\/v2\/comments?post=151610"}],"version-history":[{"count":0,"href":"https:\/\/www.europesays.com\/es\/wp-json\/wp\/v2\/posts\/151610\/revisions"}],"wp:featuredmedia":[{"embeddable":true,"href":"https:\/\/www.europesays.com\/es\/wp-json\/wp\/v2\/media\/151611"}],"wp:attachment":[{"href":"https:\/\/www.europesays.com\/es\/wp-json\/wp\/v2\/media?parent=151610"}],"wp:term":[{"taxonomy":"category","embeddable":true,"href":"https:\/\/www.europesays.com\/es\/wp-json\/wp\/v2\/categories?post=151610"},{"taxonomy":"post_tag","embeddable":true,"href":"https:\/\/www.europesays.com\/es\/wp-json\/wp\/v2\/tags?post=151610"}],"curies":[{"name":"wp","href":"https:\/\/api.w.org\/{rel}","templated":true}]}}