{"id":151612,"date":"2025-10-01T23:02:11","date_gmt":"2025-10-01T23:02:11","guid":{"rendered":"https:\/\/www.europesays.com\/es\/151612\/"},"modified":"2025-10-01T23:02:11","modified_gmt":"2025-10-01T23:02:11","slug":"del-pelo-de-las-axilas-tenido-al-velo-negro-que-levita","status":"publish","type":"post","link":"https:\/\/www.europesays.com\/es\/151612\/","title":{"rendered":"del pelo de las axilas te\u00f1ido al velo negro que levita"},"content":{"rendered":"<p data-start=\"310\" data-end=\"954\"><a href=\"https:\/\/www.instagram.com\/rosalia.vt\/?hl=es\" target=\"_blank\" rel=\"nofollow noopener noreferrer\"><strong>Rosal\u00eda<\/strong> <\/a>lo ha vuelto a hacer. La cantante catalana se ha convertido en la protagonista absoluta de la Semana de la Moda de Par\u00eds, confirmando que cada una de sus apariciones es un espect\u00e1culo tan esperado como los propios desfiles. Esta vez, la artista ha sorprendido con un estilismo inesperado: <a href=\"https:\/\/okdiario.com\/look\/actualidad\/reina-letizia-triunfa-fuerzas-armadas-look-impresionante-2310246\" rel=\"nofollow noopener\" target=\"_blank\">un vestido blanco satinado de aire nupcial<\/a> combinado con un velo de tul negro, que no cubr\u00eda su rostro de manera tradicional, sino que se elevaba en el aire creando un efecto escultural y casi surrealista. Una apuesta rompedora que ha generado titulares y que, una vez m\u00e1s, sit\u00faa a Rosal\u00eda como una de las grandes musas de la moda contempor\u00e1nea.<\/p>\n<p data-start=\"956\" data-end=\"1453\">La cantante, que se encuentra en la capital francesa disfrutando de los desfiles m\u00e1s esperados de la temporada, apareci\u00f3 ante decenas de fot\u00f3grafos y fans con este look que no tard\u00f3 en hacerse viral. El contraste entre el blanco puro del vestido y <strong>el negro radical del tul remite a una est\u00e9tica entre novia rebelde y performance art\u00edstica.<\/strong> Una declaraci\u00f3n visual que conecta con la narrativa que Rosal\u00eda viene desarrollando en sus \u00faltimos meses: no hay l\u00edmites entre moda, espect\u00e1culo y mensaje.<\/p>\n<p>\n<img decoding=\"async\" loading=\"lazy\" class=\"size-full wp-image-2392504\" alt=\"Rosal\u00eda en Par\u00eds. (Foto: Gtres)\" width=\"1710\" height=\"2560\"  src=\"https:\/\/www.europesays.com\/es\/wp-content\/uploads\/2025\/09\/1758214691_923_placeholder.jpg\"  bad-src=\"https:\/\/www.europesays.com\/es\/wp-content\/uploads\/2025\/09\/1758214691_923_placeholder.jpg\"\/><\/p>\n<p><img decoding=\"async\" loading=\"lazy\" class=\"size-full wp-image-2392504\" src=\"https:\/\/www.europesays.com\/es\/wp-content\/uploads\/2025\/10\/u592304_006-2-scaled.jpg\" alt=\"Rosal\u00eda en Par\u00eds. (Foto: Gtres)\" width=\"1710\" height=\"2560\"  \/><\/p>\n<p> Rosal\u00eda en Par\u00eds. (Foto: Gtres)\n<\/p>\n<p data-start=\"1455\" data-end=\"2004\">El vestido, de corte lencero con tirantes fin\u00edsimos y escote en pico, recuerda al slip dress de los noventa, aunque con un giro mucho m\u00e1s teatral gracias al movimiento del tejido. El tul negro, convertido en protagonista inesperado, aportaba dramatismo y una sensaci\u00f3n casi fantasmal, como si de un <a href=\"https:\/\/okdiario.com\/look\/actualidad\/pedro-almodovar-fan-jefe-pedro-sanchez-sorprendente-imposicion-del-director-gobierno-2366300\" rel=\"nofollow noopener\" target=\"_blank\">personaje de Almod\u00f3var<\/a> o un fotograma de Lars von Trier se tratara. Lejos de ser un accesorio accesorio, el velo en movimiento era un manifiesto: la tradici\u00f3n se retuerce, la feminidad se redefine y la moda se convierte en un escenario de libertad.<\/p>\n<p data-start=\"2006\" data-end=\"2502\">Este look llega apenas unos d\u00edas despu\u00e9s de que <a href=\"https:\/\/okdiario.com\/look\/estilo\/rosalia-causa-furor-pelo-axilas-tenido-blanco-moda-rebeldia-exceso-2390733\" rel=\"nofollow noopener\" target=\"_blank\">la artista encendiera las redes sociales al aparecer en otro evento parisino con las axilas te\u00f1idas de blanco<\/a>, un gesto que fue interpretado por muchos como una provocaci\u00f3n est\u00e9tica, una reivindicaci\u00f3n feminista y, para otros, simplemente una excentricidad. El debate, como suele ocurrir con Rosal\u00eda, no se hizo esperar. Y es que la catalana juega con la moda como con la m\u00fasica. La aparici\u00f3n de Rosal\u00eda no solo revolucion\u00f3 a los asistentes al desfile, que no dudaron en sacar sus m\u00f3viles para inmortalizar el momento, sino que tambi\u00e9n confirm\u00f3 algo que ya se sospechaba: <strong>la cantante no solo acude a Par\u00eds como invitada de lujo, sino como creadora de tendencia.<\/strong> Mientras otros celebrities desfilan por el front row con looks m\u00e1s predecibles, ella se atreve con estilismos que dividen opiniones pero que siempre dejan huella.<\/p>\n<p>\n<img decoding=\"async\" loading=\"lazy\" class=\"size-full wp-image-2392505\" alt=\"Rosal\u00eda en Par\u00eds. (Foto: Gtres)\" width=\"1707\" height=\"2560\"  src=\"https:\/\/www.europesays.com\/es\/wp-content\/uploads\/2025\/09\/1758214691_923_placeholder.jpg\"  bad-src=\"https:\/\/www.europesays.com\/es\/wp-content\/uploads\/2025\/09\/1758214691_923_placeholder.jpg\"\/><\/p>\n<p><img decoding=\"async\" loading=\"lazy\" class=\"size-full wp-image-2392505\" src=\"https:\/\/www.europesays.com\/es\/wp-content\/uploads\/2025\/10\/u592165_012-2-1-scaled.jpg\" alt=\"Rosal\u00eda en Par\u00eds. (Foto: Gtres)\" width=\"1707\" height=\"2560\"  \/><\/p>\n<p> Rosal\u00eda en Par\u00eds. (Foto: Gtres)\n<\/p>\n<p data-start=\"136\" data-end=\"897\">Sea como fuere, lo cierto es que cada aparici\u00f3n de Rosal\u00eda en Par\u00eds no solo revoluciona la moda, sino que<a href=\"https:\/\/okdiario.com\/look\/actualidad\/omar-montes-rosalia-dueto-que-promete-revolucionar-musica-977363\" rel=\"nofollow noopener\" target=\"_blank\"> tambi\u00e9n alimenta la expectaci\u00f3n sobre su futuro musical.<\/a> Sus estilismos recientes, cargados de simbolismo y minimalismo han hecho que muchos fans los interpreten como pistas de una nueva era art\u00edstica. Y esta vez no ha sido solo cuesti\u00f3n de intuiciones: en pleno encuentro con sus seguidores durante la Semana de la Moda, una fan le grit\u00f3 \u00abestamos esperando R4\u00bb, a lo que Rosal\u00eda respondi\u00f3 con complicidad: <strong>\u00abMuchas gracias, prontito, si Dios quiere\u00bb.<\/strong> Una declaraci\u00f3n breve pero suficiente para encender la cuenta atr\u00e1s hacia su pr\u00f3ximo disco y confirmar que, m\u00e1s all\u00e1 del espect\u00e1culo visual, la catalana ya prepara su regreso musical.<\/p>\n<p>\t\t\t\t\t\t\t<script async src=\"\/\/www.instagram.com\/embed.js\"><\/script><\/p>\n","protected":false},"excerpt":{"rendered":"Rosal\u00eda lo ha vuelto a hacer. La cantante catalana se ha convertido en la protagonista absoluta de la&hellip;\n","protected":false},"author":2,"featured_media":151613,"comment_status":"","ping_status":"","sticky":false,"template":"","format":"standard","meta":{"footnotes":""},"categories":[174],"tags":[255,146,147,25,24,256,4147,23],"class_list":{"0":"post-151612","1":"post","2":"type-post","3":"status-publish","4":"format-standard","5":"has-post-thumbnail","7":"category-famosos","8":"tag-celebrities","9":"tag-entertainment","10":"tag-entretenimiento","11":"tag-es","12":"tag-espana","13":"tag-famosos","14":"tag-rosalia","15":"tag-spain"},"share_on_mastodon":{"url":"","error":""},"_links":{"self":[{"href":"https:\/\/www.europesays.com\/es\/wp-json\/wp\/v2\/posts\/151612","targetHints":{"allow":["GET"]}}],"collection":[{"href":"https:\/\/www.europesays.com\/es\/wp-json\/wp\/v2\/posts"}],"about":[{"href":"https:\/\/www.europesays.com\/es\/wp-json\/wp\/v2\/types\/post"}],"author":[{"embeddable":true,"href":"https:\/\/www.europesays.com\/es\/wp-json\/wp\/v2\/users\/2"}],"replies":[{"embeddable":true,"href":"https:\/\/www.europesays.com\/es\/wp-json\/wp\/v2\/comments?post=151612"}],"version-history":[{"count":0,"href":"https:\/\/www.europesays.com\/es\/wp-json\/wp\/v2\/posts\/151612\/revisions"}],"wp:featuredmedia":[{"embeddable":true,"href":"https:\/\/www.europesays.com\/es\/wp-json\/wp\/v2\/media\/151613"}],"wp:attachment":[{"href":"https:\/\/www.europesays.com\/es\/wp-json\/wp\/v2\/media?parent=151612"}],"wp:term":[{"taxonomy":"category","embeddable":true,"href":"https:\/\/www.europesays.com\/es\/wp-json\/wp\/v2\/categories?post=151612"},{"taxonomy":"post_tag","embeddable":true,"href":"https:\/\/www.europesays.com\/es\/wp-json\/wp\/v2\/tags?post=151612"}],"curies":[{"name":"wp","href":"https:\/\/api.w.org\/{rel}","templated":true}]}}