{"id":151614,"date":"2025-10-01T23:04:10","date_gmt":"2025-10-01T23:04:10","guid":{"rendered":"https:\/\/www.europesays.com\/es\/151614\/"},"modified":"2025-10-01T23:04:10","modified_gmt":"2025-10-01T23:04:10","slug":"testigos-del-horror-letras-libres","status":"publish","type":"post","link":"https:\/\/www.europesays.com\/es\/151614\/","title":{"rendered":"Testigos del horror | Letras Libres"},"content":{"rendered":"<p>\t\t\t\t\t<a data-redirect-url=\"https:\/\/letraslibres.com\/politica\/arroyo-testigos-del-horror\/\" data-display-label=\"1\" data-show-count=\"0\" data-bookmark-label=\"A\u00d1ADIR A FAVORITOS\" data-bookmarked-label=\"Favoritos\" data-loggedin=\"0\" data-type=\"post\" data-object_id=\"149756\" class=\"cbxwpbkmarktrig  cbxwpbkmarktrig-button-addto ld-ext-left\" title=\"Bookmark This\" href=\"#\">A\u00d1ADIR A FAVORITOS<\/a> Please login to bookmark<a class=\"cbxwpbkmarkguesttrig_close\" role=\"button\" title=\"Click to close bookmark panel\/modal\" href=\"#\"><br \/>\nClose<\/a>\t\t\t\t\t<\/p>\n<p>Con este texto acompa\u00f1o a la periodista mexicana Sandra Romand\u00eda. No solo porque forma parte de mi red profesional, sino porque su m\u00e1s reciente libro, Testigos del horror, es un acto de valent\u00eda period\u00edstica, de rigor en condiciones extremas y, tambi\u00e9n \u2013aunque menos visible\u2013 de resistencia emocional. Al sumergirse en los m\u00e1rgenes de lo que revel\u00f3 el rancho Izaguirre, en Jalisco, Sandra rebas\u00f3 los riesgos habituales que ya ha enfrentado frente a grupos de poder, y esta vez puso en juego tambi\u00e9n su estabilidad interior.\u00a0<\/p>\n<p>La investigaci\u00f3n parte del hallazgo del rancho en Teuchitl\u00e1n, desde el que colectivos de madres buscadoras difundieron fotos desgarradoras de cientos de zapatos que hac\u00edan pensar en Auschwitz. El sitio fue descrito oficialmente como campo de entrenamiento del crimen organizado, pero los colectivos lo calificaron como un campo de exterminio. La inquietud l\u00f3gica period\u00edstica ser\u00eda determinar cu\u00e1l de las versiones es cierta, pero Romand\u00eda opt\u00f3 por otro camino: mostrar el alcance del problema, no solo el per\u00edmetro del rancho. La ropa, los restos \u00f3seos, los objetos abandonados no son la evidencia de una pesadilla contenida en una hect\u00e1rea, sino rastros de una descomposici\u00f3n sanguinolenta extendida en el cuerpo social.<\/p>\n<p>Sandra recogi\u00f3 testimonios de madres buscadoras, vecinos, desertores, sicarios activos y arrepentidos, taxistas, sobrevivientes y v\u00edctimas colaterales con los que recogi\u00f3 historias que van desde gotcha con bolas congeladas hasta desmembramientos completos, pasando por voluntades rotas, almas en el infierno y hasta tr\u00e1fico de \u00f3rganos infantiles.<\/p>\n<p>Avanzar por la primera parte del libro es hundirse en un pantano. La autora no edulcora nada. La crudeza de las escenas \u2013que por momentos a m\u00ed me recuerda a la versi\u00f3n m\u00e1s sombr\u00eda de Pierre Lemaitre o al horror japon\u00e9s\u2013 no es literaria: es real. El lector apenas roza lo que la autora debi\u00f3 procesar.\u00a0<\/p>\n<p>Terminar esa parte del libro es desafiante para esp\u00edritus sensibles, pero luego hay otro horror, no menos perturbador, pero quiz\u00e1 m\u00e1s complejo porque es el v\u00f3rtice del que se vomita el anterior. Se trata del sistema. No del sistema pol\u00edtico, jur\u00eddico, policial. Esos tambi\u00e9n, pero sobre todo, el sistema de la desaparici\u00f3n forzada, el reclutamiento y la anomal\u00eda como elementos de una maquinaria funcional, mucho mejor organizada, por cierto, que las instituciones que deber\u00edan garantizar seguridad.\u00a0<\/p>\n<p>Izaguirre no es el horror, es un bot\u00f3n de lo que Sandra llama \u201cel modelo de log\u00edstica criminal\u201d arraigado profundamente m\u00e1s all\u00e1 de Jalisco, como lo demuestran sus datos sobre campamentos clandestinos detectados y asegurados por las autoridades; como lo corroboran sus registros de expropiaciones, como lo evidencian los datos oficiales a los que tuvo acceso para mostrar que el fen\u00f3meno tiene, al menos, 10 a\u00f1os.<\/p>\n<p>Y no son solo testimonios. Sandra junta evidencia por todos lados: reportes de inteligencia, estudios acad\u00e9micos, investigaciones civiles. Hay literatura especializada, kilos y kilos (o gigas y gigas) de trabajo period\u00edstico coyuntural, archivos fotogr\u00e1ficos, registros p\u00fablicos y fotos satelitales. A todo eso alude la periodista en la segunda parte del libro, para eliminar cualquier margen de duda: el rancho Izaguirre no es una ficci\u00f3n montada por intereses perversos. Si hay montaje, es el del encubrimiento. Y a\u00fan si el rancho desapareciera de la narrativa, la evidencia restante bastar\u00eda para mostrar lo esencial: no estamos ante un campo, sino ante un sistema de exterminio.<\/p>\n<p>Esta columna es un reconocimiento. Porque s\u00e9 lo que significa asumir un riesgo as\u00ed sin red. Porque en un entorno donde abundan la desmemoria, la fatiga y el acoso al periodismo, Testigos del horror se levanta como un acto de valor y una prueba irrefutable de que no hay \u201cotros datos\u201d. Esto es lo que hay.<\/p>\n<p>Quien se atrevi\u00f3 a ponerlo por escrito no s\u00f3lo merece respeto. Merece respaldo y compa\u00f1\u00eda porque, en aras de la verdad, se ech\u00f3 a cuestas el horror.\u00a0~<\/p>\n<p>Nota: El libro se presenta este 2 de octubre en Madrid, Espa\u00f1a, en Caf\u00e9 Libertad 8 a las 17:30h<\/p>\n","protected":false},"excerpt":{"rendered":"A\u00d1ADIR A FAVORITOS Please login to bookmark Close Con este texto acompa\u00f1o a la periodista mexicana Sandra Romand\u00eda.&hellip;\n","protected":false},"author":2,"featured_media":151615,"comment_status":"","ping_status":"","sticky":false,"template":"","format":"standard","meta":{"footnotes":""},"categories":[172],"tags":[224,27522,45919,146,147,25,24,225,23],"class_list":{"0":"post-151614","1":"post","2":"type-post","3":"status-publish","4":"format-standard","5":"has-post-thumbnail","7":"category-libros","8":"tag-books","9":"tag-crimen-organizado","10":"tag-desapariciones","11":"tag-entertainment","12":"tag-entretenimiento","13":"tag-es","14":"tag-espana","15":"tag-libros","16":"tag-spain"},"share_on_mastodon":{"url":"","error":""},"_links":{"self":[{"href":"https:\/\/www.europesays.com\/es\/wp-json\/wp\/v2\/posts\/151614","targetHints":{"allow":["GET"]}}],"collection":[{"href":"https:\/\/www.europesays.com\/es\/wp-json\/wp\/v2\/posts"}],"about":[{"href":"https:\/\/www.europesays.com\/es\/wp-json\/wp\/v2\/types\/post"}],"author":[{"embeddable":true,"href":"https:\/\/www.europesays.com\/es\/wp-json\/wp\/v2\/users\/2"}],"replies":[{"embeddable":true,"href":"https:\/\/www.europesays.com\/es\/wp-json\/wp\/v2\/comments?post=151614"}],"version-history":[{"count":0,"href":"https:\/\/www.europesays.com\/es\/wp-json\/wp\/v2\/posts\/151614\/revisions"}],"wp:featuredmedia":[{"embeddable":true,"href":"https:\/\/www.europesays.com\/es\/wp-json\/wp\/v2\/media\/151615"}],"wp:attachment":[{"href":"https:\/\/www.europesays.com\/es\/wp-json\/wp\/v2\/media?parent=151614"}],"wp:term":[{"taxonomy":"category","embeddable":true,"href":"https:\/\/www.europesays.com\/es\/wp-json\/wp\/v2\/categories?post=151614"},{"taxonomy":"post_tag","embeddable":true,"href":"https:\/\/www.europesays.com\/es\/wp-json\/wp\/v2\/tags?post=151614"}],"curies":[{"name":"wp","href":"https:\/\/api.w.org\/{rel}","templated":true}]}}