{"id":151616,"date":"2025-10-01T23:05:05","date_gmt":"2025-10-01T23:05:05","guid":{"rendered":"https:\/\/www.europesays.com\/es\/151616\/"},"modified":"2025-10-01T23:05:05","modified_gmt":"2025-10-01T23:05:05","slug":"la-insolita-peticion-de-una-comensal-de-first-dates-que-conoce-a-julio-iglesias","status":"publish","type":"post","link":"https:\/\/www.europesays.com\/es\/151616\/","title":{"rendered":"La ins\u00f3lita petici\u00f3n de una comensal de &#8216;First Dates&#8217; que conoce a Julio Iglesias"},"content":{"rendered":"<p>Hay quien se muda por amor.\u00a0<strong>Bella <\/strong>(59 a\u00f1os) cambi\u00f3 Catalu\u00f1a por Canarias\u00a0para vivir en verano todo el a\u00f1o. En el amor, no le ha ido bien desde que est\u00e1 en la isla. Por eso, <a href=\"https:\/\/www.lecturas.com\/television\/siento-por-esta-primera-cita-motivo-por-que-comensal-first-dates-se-ha-disculpado-tras-su-cena_181987\" target=\"_self\" rel=\"nofollow noopener\">ha recurrido a &#8216;First Dates&#8217;<\/a>.\u00a0\u00abNo encajo mucho con la gente canaria\u00bb, le ha confesado a <a href=\"https:\/\/www.lecturas.com\/actualidad\/carlos-sobera-explica-motivo-su-reciente-viaje-miami-junto-su-mujer_181942\" target=\"_self\" rel=\"nofollow noopener\">Carlos Sobera<\/a> (65 a\u00f1os). \u00abEllos chocan con una catalana\u00bb, ha a\u00f1adido tras las c\u00e1maras. Se\u00a0define como una mujer valiente, luchadora, aventurera y sensible, pero tambi\u00e9n advierte que tiene mucho car\u00e1cter: \u00abSoy de armas tomar\u00bb. Busca una relaci\u00f3n estable.\u00a0<\/p>\n<p>Con todo esto en mente, el <a href=\"https:\/\/www.lecturas.com\/television\/equipo-first-dates-obligado-parar-uno-sus-comensales-hay-que-frenar-esto_177747\" target=\"_self\" rel=\"nofollow noopener\">equipo de &#8216;First Dates&#8217;<\/a> le ha preparado una cita con <strong>Manuel <\/strong>(57 a\u00f1os). El andaluz se mud\u00f3 a Santa Cruz de Tenerife despu\u00e9s de pasar unas vacaciones en la isla. Se considera una persona agradable, comprensiva y tranquilita: \u00abMe gusta conocer un poquito de todo\u00bb.<\/p>\n<p>La primera impresi\u00f3n no ha sido buena, al menos no para Bella: \u00abMe hubiera gustado que hubiera venido un poquito m\u00e1s elegante\u00bb. A Manuel s\u00ed que le ha parecido bien su cita: \u00abEs una mujer atractiva,\u00a0exuberante\u00bb.\u00a0<\/p>\n<p>Bella ha estado inc\u00f3moda durante buena parte de la cita. Manuel pensaba que eran nervios, pero la catalana no estaba a gusto: \u00abLe he gustado demasiado\u00bb. Ha comenzado a sudar, tanto que se ha tenido que secar con una servilleta. La situaci\u00f3n no mejoraba. Ella segu\u00eda sudando <strong>mientras \u00e9l trataba de calmarla<\/strong>: \u00abEst\u00e1s fant\u00e1stica. Te acabo de conocer, pero est\u00e1s genial\u00bb. \u00abMe imagino que ser\u00e1n un poquito los nervios de la situaci\u00f3n\u00bb, ha a\u00f1adido a las c\u00e1maras del dating show.\u00a0<\/p>\n<p>La catalana estaba tan inc\u00f3moda que ha hecho una <a href=\"https:\/\/www.lecturas.com\/television\/momento-tierra-tragame-que-ha-sufrido-comensal-first-dates-escuchar-esta-peticion-su-cita_178059\" target=\"_self\" rel=\"nofollow noopener\">petici\u00f3n ins\u00f3lita al equipo de &#8216;First Dates&#8217;<\/a>. \u00ab\u00bfEs posible pedir un ventilador o un abanico?\u00bb, le ha dicho a Laura Boado. La camarera ha ido a preguntar r\u00e1pidamente al equipo de producci\u00f3n del programa. Unos minutos m\u00e1s tarde, Laura ha reaparecido en escena <strong>con un ventilador que ha puesto en la mesa<\/strong>. \u00abGloria divina. A ti no te molesta, \u00bfno?\u00bb, le ha cuestionado a su cita. Manuel, lejos de molestarse, ha seguido reconfort\u00e1ndola: \u00abTu sonrisa ha crecido desde que est\u00e1 el ventilador. Lo llego a saber y hubiera comprado yo uno\u00bb.\u00a0<\/p>\n<p>Crisis superada, la cita ha continuado. Se han dado cuenta de que tienen m\u00e1s en com\u00fan de lo que a priori pensaban. Manuel tiene una peque\u00f1a tienda de arte y decoraci\u00f3n; Bella es fot\u00f3grafa. \u00abMe ha gustado conocerte\u00bb, le ha confesado Manuel. Eso ha sido as\u00ed hasta que <a href=\"https:\/\/www.lecturas.com\/television\/isabel-sevillana-es-rechazada-por-gabi-first-dates-por-su-posicion-neutral-politica-acaso-eres-tu-ministro-interior_180240\" target=\"_self\" rel=\"nofollow noopener\">ha salido la pol\u00edtica como tema de conversaci\u00f3n<\/a>. \u00abEstoy a favor del independentismo, de la independencia de Catalu\u00f1a. Totalmente a favor. Soy espa\u00f1ola porque lo pone en mi DNI, pero mi sangre es catalana\u00bb, le ha afirmado. Manuel, en un tono respetuoso, le ha preguntado: \u00ab\u00bfEn base a qu\u00e9?, \u00bfcu\u00e1l es el fundamento de esa independencia?\u00bb.<\/p>\n<p>Bella le ha contestado tajante: \u00ab\u00c9ramos un estado antes de ser absorvidos por Espa\u00f1a. En 1714\u00bb. Manuel ha seguido cuestionando su argumento: \u00abEntonces, si retrocedemos entonces todas las partes espa\u00f1olas ser\u00eda estados anteriores\u00bb. La catalana ha asegurado que no tiene intenci\u00f3n de cambiar de opini\u00f3n y le ha dado una lecci\u00f3n de historia a su cita. Le ha hablado del pol\u00edtico\u00a0Alexandre Deulofeu. \u00abComo Nostradamus, pero catal\u00e1n. Seg\u00fan sus predicciones, en el a\u00f1o 2029, en cuatro a\u00f1itos, Espa\u00f1a como se conoce desaparece\u00bb.\u00a0<\/p>\n<p>El apodo que Manuel le ha puesto a su cita<\/p>\n<p>Manuel ha capoteado la situaci\u00f3n como ha podido. \u00abMe sorprende conocer a alguien con esa idiolog\u00eda tan agarrada. Personalmente no gana nada. No tiene ning\u00fan beneficio y m\u00e1s que veo que vive en el exterior de la historia\u00bb, ha confesado a las c\u00e1maras de &#8216;First Dates&#8217;. Tras esto, la ha apodado \u2013en un tono cari\u00f1oso\u2013 como <strong>una &#8216;princesa catalana&#8217;<\/strong>.\u00a0<\/p>\n<p>Han compartido un momento divertido en el reservado al ritmo de Julio Iglesias. Bella se ha emocionado: \u00abHe vivido momentos muy bonitos con las giras de Julio\u00bb. Esto le ha llevado a pensar a Manuel que tiene muy buen coraz\u00f3n. Ha descubierto la verdad con un v\u00eddeo que ella le ha mostrado. Se trataba de una recopilaci\u00f3n de fotograf\u00edas de la catalana con el cantante: \u00ab<strong>Conozco a Julio Iglesias<\/strong>. Nunca lo he considerado mi amigo, me considero su fan\u00bb.\u00a0<\/p>\n<p>La decisi\u00f3n final no ha acabado como a Manuel le hubiera gustado. Pese a que ambos han asegurado haber pasado una velada \u00abagradable\u00bb, ella no ha querido volver a verle en una cita. \u00abMe gustar\u00eda tener una segunda cita como amigo. No he sentido esa qu\u00edmica, esa mariposa, pero <strong>me ha gustado mucho conocerte<\/strong>\u00ab.\u00a0<\/p>\n","protected":false},"excerpt":{"rendered":"Hay quien se muda por amor.\u00a0Bella (59 a\u00f1os) cambi\u00f3 Catalu\u00f1a por Canarias\u00a0para vivir en verano todo el a\u00f1o.&hellip;\n","protected":false},"author":2,"featured_media":151617,"comment_status":"","ping_status":"","sticky":false,"template":"","format":"standard","meta":{"footnotes":""},"categories":[171],"tags":[146,147,25,24,23,214],"class_list":{"0":"post-151616","1":"post","2":"type-post","3":"status-publish","4":"format-standard","5":"has-post-thumbnail","7":"category-tv","8":"tag-entertainment","9":"tag-entretenimiento","10":"tag-es","11":"tag-espana","12":"tag-spain","13":"tag-tv"},"share_on_mastodon":{"url":"","error":""},"_links":{"self":[{"href":"https:\/\/www.europesays.com\/es\/wp-json\/wp\/v2\/posts\/151616","targetHints":{"allow":["GET"]}}],"collection":[{"href":"https:\/\/www.europesays.com\/es\/wp-json\/wp\/v2\/posts"}],"about":[{"href":"https:\/\/www.europesays.com\/es\/wp-json\/wp\/v2\/types\/post"}],"author":[{"embeddable":true,"href":"https:\/\/www.europesays.com\/es\/wp-json\/wp\/v2\/users\/2"}],"replies":[{"embeddable":true,"href":"https:\/\/www.europesays.com\/es\/wp-json\/wp\/v2\/comments?post=151616"}],"version-history":[{"count":0,"href":"https:\/\/www.europesays.com\/es\/wp-json\/wp\/v2\/posts\/151616\/revisions"}],"wp:featuredmedia":[{"embeddable":true,"href":"https:\/\/www.europesays.com\/es\/wp-json\/wp\/v2\/media\/151617"}],"wp:attachment":[{"href":"https:\/\/www.europesays.com\/es\/wp-json\/wp\/v2\/media?parent=151616"}],"wp:term":[{"taxonomy":"category","embeddable":true,"href":"https:\/\/www.europesays.com\/es\/wp-json\/wp\/v2\/categories?post=151616"},{"taxonomy":"post_tag","embeddable":true,"href":"https:\/\/www.europesays.com\/es\/wp-json\/wp\/v2\/tags?post=151616"}],"curies":[{"name":"wp","href":"https:\/\/api.w.org\/{rel}","templated":true}]}}