{"id":151618,"date":"2025-10-01T23:06:07","date_gmt":"2025-10-01T23:06:07","guid":{"rendered":"https:\/\/www.europesays.com\/es\/151618\/"},"modified":"2025-10-01T23:06:07","modified_gmt":"2025-10-01T23:06:07","slug":"un-detalle-en-la-voz-de-taylor-swift-revela-un-cambio-inesperado-en-las-personas","status":"publish","type":"post","link":"https:\/\/www.europesays.com\/es\/151618\/","title":{"rendered":"Un detalle en la voz de Taylor Swift revela un cambio inesperado en las personas"},"content":{"rendered":"<p class=\"description\"><b>Oferta especial<\/b>: Suscr\u00edbete por solo 1\u20ac al mes a la revista National Geographic. <b>-76% de descuento. \u00a1\u00daltimos d\u00edas!<\/b><\/p>\n<p class=\"description\"><b>\u00a1NOVEDAD!<\/b> Ya disponible la edici\u00f3n especial <b>El cerebro infantil<\/b> de la colecci\u00f3n Los Secretos del Cerebro de National Geographic.<\/p>\n<p>Con 149 conciertos en 5 continentes, \u201cThe Eras Tour\u201d ha sido uno de los eventos musicales m\u00e1s masivos y relevantes de la historia. <strong>Taylor Swift es un fen\u00f3meno<\/strong> art\u00edstico, cultural, del marketing, de atracci\u00f3n tur\u00edstica y ahora tambi\u00e9n cinematogr\u00e1fico. Sin embargo, todav\u00eda no hab\u00eda sido objeto de estudio en el campo de la ciencia.<\/p>\n<p>Dos investigadores de la <strong>Universidad de Minnesota<\/strong>, especializados en lenguaje discursivo y oratoria, fueron pioneros. No lo hicieron por su condici\u00f3n de \u2018swifties\u2019 -que no lo eran-, sino porque vieron la oportunidad de hacer un estudio longitudinal sin precedentes.<\/p>\n<p>C\u00f3mo estudiar a Taylor Swift<\/p>\n<p>A trav\u00e9s de las entrevistas que brind\u00f3 a lo largo de su carrera <a href=\"https:\/\/pubs.aip.org\/asa\/jasa\/article\/158\/3\/2278\/3364297\/Acoustic-analysis-of-Taylor-Swift-s-dialect\" target=\"_blank\" rel=\"nofollow noopener\">estudiaron <\/a>si es cierto que las personas modifican su manera de hablar seg\u00fan el paso del tiempo y la ubicaci\u00f3n geogr\u00e1fica.<\/p>\n<p>&#13;<img decoding=\"async\" src=\"https:\/\/www.europesays.com\/es\/wp-content\/uploads\/2025\/10\/jane-goodall_00000000_251001204110_800x800.webp.webp\" alt=\"Jane Goodall\" class=\"image lazyload\"\/><\/p>\n<p>Est\u00e1 claro que el lugar de nacimiento determina ciertas caracter\u00edsticas en el habla. No hace falta escuchar al otro en un idioma diferente para saber que no pertenece a nuestro terru\u00f1o. Pero lo que estos investigadores quer\u00edan averiguar era si, adem\u00e1s, las <strong>mudanzas pod\u00edan influir en la manera de hablar<\/strong>.<\/p>\n<p>\u201cEs perfecta para este tipo de estudios longitudinales porque <strong>ha sido entrevistada muchas veces con el paso del tiempo <\/strong>y ha tenido motivaciones para cambiar su acento en momentos espec\u00edficos\u201d, explic\u00f3 uno de los autores. Los resultados hubieran sido virtualmente imposibles de conseguir mediante un estudio de laboratorio controlado.<\/p>\n<p><strong>Taylor Swift naci\u00f3 en Pensilvania, pero vivi\u00f3 en Nashville, Filadelfia y Nueva York.<\/strong> Su estilo musical cambi\u00f3, pero no fue lo \u00fanico. La investigaci\u00f3n se centr\u00f3 en el estudio de las entrevistas que la cantante dio durante once a\u00f1os (2008-2019). Con un software pudieron medir y hacer un seguimiento de los cambios en la pronunciaci\u00f3n y la resonancia vocal.<\/p>\n<p>Los cambios de Taylor Swift a lo largo de su vida<\/p>\n<p>Durante su estad\u00eda en <strong>Nashville <\/strong>(2009), per\u00edodo m\u00e1s vinculado con la m\u00fasica country, los investigadores encontraron <strong>marcas de un dialecto sure\u00f1o<\/strong>. El ejemplo que mencionan es que la palabra \u201cride\u201d suena como \u201crod\u201d. O que la palabra \u201ctwo\u201d se asemeja en su sonido a \u201ctee-you\u201d. Sutilezas del idioma ingl\u00e9s que cualquier estadounidense podr\u00eda reconocer.<\/p>\n<p>&#13;<img decoding=\"async\" src=\"https:\/\/www.europesays.com\/es\/wp-content\/uploads\/2025\/10\/mujer-embarazada_367faade_250312133941_800x800.webp.webp\" alt=\"Mujer embarazada\" class=\"image lazyload\"\/><\/p>\n<p>Dos a\u00f1os despu\u00e9s, cuando ya hab\u00eda regresado a <strong>Pensilvania<\/strong>, en una entrevista identifican que <strong>su tono sure\u00f1o era mucho menor<\/strong>. Puede que su manera de hablar haya sido una forma de integrarse a la comunidad art\u00edstica de Nashville o conectar con la ciudad. La segunda Era est\u00e1 asociada a Filadelfia, con entrevistas de 2012. Sin embargo, el <strong>cambio m\u00e1s grande se ver\u00eda en Nueva York<\/strong> cuando, a partir de 2019, su tono de voz es m\u00e1s bajo.<\/p>\n<p>En ese tiempo, tom\u00f3 partido pol\u00edticamente, habl\u00f3 de feminismo y cuestiones sociales. \u201cEs interesante notar que el cambio <strong>no es espec\u00edficamente por la locaci\u00f3n, sino c\u00f3mo ella se posiciona a s\u00ed mismo<\/strong>\u201d, describen los autores, que tambi\u00e9n reconocen que las personas con un tono m\u00e1s bajo son percibidas con m\u00e1s autoridad.<\/p>\n<p>En los sonidos estudiados, encontraron que palabras como \u201ccot\u201d y \u201ccaught\u201d se hab\u00eda ampliado la distinci\u00f3n entre las vocales.<\/p>\n<p>El an\u00e1lisis a lo largo del tiempo permite concluir que <strong>influye el lugar, la profesi\u00f3n y los objetivos en el dialecto<\/strong> que una persona adapta en determinadas etapas de su vida. \u201cSugiere que las formas en que las personas usan el lenguaje para transmitir identidad y pertenencia comunitaria son adaptables dentro de plazos y objetivos espec\u00edficos\u201d, concluyen.<\/p>\n<p>Confirmado: Taylor Swift ya no la que era. Y posiblemente t\u00fa tampoco.<\/p>\n","protected":false},"excerpt":{"rendered":"Oferta especial: Suscr\u00edbete por solo 1\u20ac al mes a la revista National Geographic. -76% de descuento. \u00a1\u00daltimos d\u00edas!&hellip;\n","protected":false},"author":2,"featured_media":151619,"comment_status":"","ping_status":"","sticky":false,"template":"","format":"standard","meta":{"footnotes":""},"categories":[170],"tags":[119,146,147,25,24,1408,448,184,185,1407,1409,23,226],"class_list":{"0":"post-151618","1":"post","2":"type-post","3":"status-publish","4":"format-standard","5":"has-post-thumbnail","7":"category-musica","8":"tag-ciencia","9":"tag-entertainment","10":"tag-entretenimiento","11":"tag-es","12":"tag-espana","13":"tag-geographic","14":"tag-historia","15":"tag-music","16":"tag-musica","17":"tag-national","18":"tag-naturaleza","19":"tag-spain","20":"tag-viajes"},"share_on_mastodon":{"url":"","error":""},"_links":{"self":[{"href":"https:\/\/www.europesays.com\/es\/wp-json\/wp\/v2\/posts\/151618","targetHints":{"allow":["GET"]}}],"collection":[{"href":"https:\/\/www.europesays.com\/es\/wp-json\/wp\/v2\/posts"}],"about":[{"href":"https:\/\/www.europesays.com\/es\/wp-json\/wp\/v2\/types\/post"}],"author":[{"embeddable":true,"href":"https:\/\/www.europesays.com\/es\/wp-json\/wp\/v2\/users\/2"}],"replies":[{"embeddable":true,"href":"https:\/\/www.europesays.com\/es\/wp-json\/wp\/v2\/comments?post=151618"}],"version-history":[{"count":0,"href":"https:\/\/www.europesays.com\/es\/wp-json\/wp\/v2\/posts\/151618\/revisions"}],"wp:featuredmedia":[{"embeddable":true,"href":"https:\/\/www.europesays.com\/es\/wp-json\/wp\/v2\/media\/151619"}],"wp:attachment":[{"href":"https:\/\/www.europesays.com\/es\/wp-json\/wp\/v2\/media?parent=151618"}],"wp:term":[{"taxonomy":"category","embeddable":true,"href":"https:\/\/www.europesays.com\/es\/wp-json\/wp\/v2\/categories?post=151618"},{"taxonomy":"post_tag","embeddable":true,"href":"https:\/\/www.europesays.com\/es\/wp-json\/wp\/v2\/tags?post=151618"}],"curies":[{"name":"wp","href":"https:\/\/api.w.org\/{rel}","templated":true}]}}