{"id":151627,"date":"2025-10-01T23:12:06","date_gmt":"2025-10-01T23:12:06","guid":{"rendered":"https:\/\/www.europesays.com\/es\/151627\/"},"modified":"2025-10-01T23:12:06","modified_gmt":"2025-10-01T23:12:06","slug":"tres-nuevos-comercios-se-incorporan-a-estepark-castello","status":"publish","type":"post","link":"https:\/\/www.europesays.com\/es\/151627\/","title":{"rendered":"Tres nuevos comercios se incorporan a Estepark Castell\u00f3"},"content":{"rendered":"<p class=\"ft-text\">El centro comercial<a class=\"ft-link ft-link--decoration\" href=\"https:\/\/www.elperiodicomediterraneo.com\/ocio\/2025\/06\/26\/estepark-impulsa-verano-nuevos-eventos-119044631.html\" rel=\"nofollow noopener\" target=\"_blank\"> Estepark de Castell\u00f3<\/a> mantiene su crecimiento y cada vez atrae a m\u00e1s visitantes. As\u00ed, entre enero y septiembre, <strong>el parque ha superado los 3,6 millones de visitas<\/strong>, lo que supone un aumento del 6% respecto al mismo periodo de 2024. Esta cifra confirma el s\u00f3lido posicionamiento de Estepark como el espacio de ocio, compras y restauraci\u00f3n de referencia en Castell\u00f3.<\/p>\n<p class=\"ft-text\">Adem\u00e1s, el espacio comercial muestra su compromiso con la comunidad, a trav\u00e9s de eventos solidarios y culturales.<strong> Estepark consolida su rol como agente social activo mediante la organizaci\u00f3n y colaboraci\u00f3n en diversos eventos solidarios<\/strong>, caso de campa\u00f1as de recogida de alimentos<\/p>\n<p class=\"ft-text\">Tambi\u00e9n, en colaboraci\u00f3n con diferentes organizaciones de Castell\u00f3, Estepark impulsa campa\u00f1as solidarias para apoyar a las familias en situaci\u00f3n de vulnerabilidad, con puntos de recogida y participaci\u00f3n de los operadores. <strong>A esto se unen colaboraciones con entidades sociales y <\/strong><a class=\"ft-link ft-link--decoration\" href=\"https:\/\/www.facebook.com\/EsteparkCastellon\/posts\/estepark-solidario-nuevas-oportunidades-para-colaborar-con-causas-solidariaswwf-\/1257062233093901\/\" rel=\"nofollow noopener\" target=\"_blank\"><strong>eventos ben\u00e9ficos<\/strong><\/a><strong> integrados en la programaci\u00f3n.<\/strong><\/p>\n<p>Ocio familiar y cultural<\/p>\n<p class=\"ft-text\">Por su parte, las campa\u00f1as de ocio familiar y cultural <strong>incorporan acciones solidarias complementarias como son estands informativos, puntos de donaci\u00f3n y colaboraci\u00f3n con ONGs locales<\/strong>. Adem\u00e1s, cuenta con un parque vivo que a\u00fana cultura, sostenibilidad y experiencia.<\/p>\n<p class=\"ft-text\">El parque mantiene un calendario cultural y familiar activo, con eventos destacados como los que tendr\u00e1n pr\u00f3ximamente, caso de Halloween en Estepark, con la tradicional actividad de truco o trato y una programaci\u00f3n especial para todos los p\u00fablicos. <strong>Tambi\u00e9n se celebrar\u00e1 pronto la IV edici\u00f3n del Museo de Arte al Aire Libre<\/strong>, que reunir\u00e1 a m\u00e1s de veinte artistas de la provincia en una exposici\u00f3n \u00fanica en Castell\u00f3n.<\/p>\n<p class=\"ft-text\">Estepark destaca por su dise\u00f1o abierto, accesible y sostenible, <strong>con instalaciones modernas, zonas verdes, energ\u00eda solar y una apuesta clara por el entorno.<\/strong> Aparte, cuenta con operadores de primer nivel como Mercadona, Leroy Merlin, Maisons du Monde, Gifi, Tramas, KFC, Ocine Premium, 100 Montaditos, Llaollao, El Salero, Vinnela Park, The Jumper, Kidom, KeasyFit, Splash Lavander\u00eda, AK Peluquer\u00eda o Tecnicars y Karting.<\/p>\n<p class=\"ft-text\">\u201cLos datos de afluencia, <strong>las nuevas incorporaciones y nuestra implicaci\u00f3n social nos impulsan a seguir trabajando por los castellonenses y visitantes.<\/strong> Queremos que Estepark sea no solo un lugar de compras y ocio, sino un espacio de comunidad y responsabilidad compartida\u201d, ha destacado M\u00aaAngeles Palm\u00ed Collado, directora del parque comercial y de ocio.<\/p>\n<p>M\u00e1s oferta<\/p>\n<p class=\"ft-text\">Este crecimiento se traduce <strong>en nuevas marcas que refuerzan la apuesta por una oferta diversa, accesible y orientada a la experiencia del cliente.<\/strong> As\u00ed, el centro ha incorporado los comercios Action, Chihiro y V\u00e9rtigo Bowling Park.<\/p>\n<p class=\"ft-text\">En el caso de la primera firma, se trata de una cadena internacional que llega a Estepark con una tienda que ofrecer\u00e1 miles de productos. Por su parte, Chihiro <strong>es un restaurante japon\u00e9s de 1.200\u202fmetros cuadrados<\/strong>, con un dise\u00f1o cuidado, que aspira a convertirse en un gran destino gastron\u00f3mico provincial.<\/p>\n<p class=\"ft-text\">Finalmente, V\u00e9rtigo Bowling Park es <strong>un espacio de ocio familiar con bolera y zona de recreativos<\/strong>, pensado para convivir con la oferta comercial y de restauraci\u00f3n.<\/p>\n<p class=\"ft-text\">Con estas incorporaciones, Estepark reafirma <strong>su modelo de parque comercial y de ocio que integra comercio, gastronom\u00eda, cultura y entretenimiento<\/strong>, contribuyendo de forma directa al dinamismo econ\u00f3mico y social de Castell\u00f3n.<\/p>\n","protected":false},"excerpt":{"rendered":"El centro comercial Estepark de Castell\u00f3 mantiene su crecimiento y cada vez atrae a m\u00e1s visitantes. As\u00ed, entre&hellip;\n","protected":false},"author":2,"featured_media":151628,"comment_status":"","ping_status":"","sticky":false,"template":"","format":"standard","meta":{"footnotes":""},"categories":[80],"tags":[82,4232,31003,245,5057,4105,95,94,25,24,45921,45920,2733,5024,3799,6046,23,603],"class_list":{"0":"post-151627","1":"post","2":"type-post","3":"status-publish","4":"format-standard","5":"has-post-thumbnail","7":"category-economia","8":"tag-business","9":"tag-campanas","10":"tag-castello","11":"tag-centro","12":"tag-comercial","13":"tag-comercios","14":"tag-economia","15":"tag-economy","16":"tag-es","17":"tag-espana","18":"tag-estepark","19":"tag-incorporan","20":"tag-negocios","21":"tag-nuevos","22":"tag-ocio","23":"tag-oferta","24":"tag-spain","25":"tag-tres"},"share_on_mastodon":{"url":"","error":""},"_links":{"self":[{"href":"https:\/\/www.europesays.com\/es\/wp-json\/wp\/v2\/posts\/151627","targetHints":{"allow":["GET"]}}],"collection":[{"href":"https:\/\/www.europesays.com\/es\/wp-json\/wp\/v2\/posts"}],"about":[{"href":"https:\/\/www.europesays.com\/es\/wp-json\/wp\/v2\/types\/post"}],"author":[{"embeddable":true,"href":"https:\/\/www.europesays.com\/es\/wp-json\/wp\/v2\/users\/2"}],"replies":[{"embeddable":true,"href":"https:\/\/www.europesays.com\/es\/wp-json\/wp\/v2\/comments?post=151627"}],"version-history":[{"count":0,"href":"https:\/\/www.europesays.com\/es\/wp-json\/wp\/v2\/posts\/151627\/revisions"}],"wp:featuredmedia":[{"embeddable":true,"href":"https:\/\/www.europesays.com\/es\/wp-json\/wp\/v2\/media\/151628"}],"wp:attachment":[{"href":"https:\/\/www.europesays.com\/es\/wp-json\/wp\/v2\/media?parent=151627"}],"wp:term":[{"taxonomy":"category","embeddable":true,"href":"https:\/\/www.europesays.com\/es\/wp-json\/wp\/v2\/categories?post=151627"},{"taxonomy":"post_tag","embeddable":true,"href":"https:\/\/www.europesays.com\/es\/wp-json\/wp\/v2\/tags?post=151627"}],"curies":[{"name":"wp","href":"https:\/\/api.w.org\/{rel}","templated":true}]}}