{"id":151629,"date":"2025-10-01T23:13:08","date_gmt":"2025-10-01T23:13:08","guid":{"rendered":"https:\/\/www.europesays.com\/es\/151629\/"},"modified":"2025-10-01T23:13:08","modified_gmt":"2025-10-01T23:13:08","slug":"senado-rechaza-extender-gasto-presupuestario-dw-01-10-2025","status":"publish","type":"post","link":"https:\/\/www.europesays.com\/es\/151629\/","title":{"rendered":"Senado rechaza extender gasto presupuestario \u2013 DW \u2013 01\/10\/2025"},"content":{"rendered":"<p>El Senado de <a class=\"internal-link\" href=\"https:\/\/www.dw.com\/es\/estados-unidos\/t-17411942\" rel=\"nofollow noopener\" target=\"_blank\">EE.UU.<\/a> tumb\u00f3 este mi\u00e9rcoles (01.10.2025) sendas propuestas presupuestarias presentadas respectivamente por dem\u00f3cratas y republicanos para tratar de levantar el cierre parcial del Gobierno Federal, el primer intento desde que se suspendieran las funciones no esenciales de la administraci\u00f3n central la pasada medianoche.<\/p>\n<p>Al igual que sucedi\u00f3 ayer martes en los dos \u00faltimos intentos por evitar el cierre, la propuesta de los dem\u00f3cratas fue derrotada por 53 votos frente a 47 y la de los republicanos no prosper\u00f3 al sumar solo 55 votos a favor y 45 en contra, cinco apoyos por debajo de los 60 que son necesarios para la aprobaci\u00f3n del proyecto de ley.<\/p>\n<p>Shutdown<\/p>\n<p><a class=\"internal-link\" href=\"https:\/\/www.dw.com\/es\/trump-el-gobierno-cerrar\u00e1-probablemente-desde-el-mi\u00e9rcoles\/a-74193712\" rel=\"nofollow noopener\" target=\"_blank\">Estados Unidos entr\u00f3 este mi\u00e9rcoles en par\u00e1lisis presupuestaria<\/a>, sin que una nueva votaci\u00f3n en el Senado desbloqueara la situaci\u00f3n, lo que presagia una dura pugna entre los republicanos del presidente Donald Trump y la oposici\u00f3n dem\u00f3crata. Es el primer cierre o \u00abshutdown\u00bb desde 2019, cuando <a class=\"internal-link\" href=\"https:\/\/www.dw.com\/es\/reabre-la-administraci\u00f3n-de-eeuu-tras-35-d\u00edas-de-cierre\/a-47244275\" rel=\"nofollow noopener\" target=\"_blank\">se produjo el m\u00e1s largo en la historia (35 d\u00edas)<\/a>.<\/p>\n<p>El proyecto provisional de extensi\u00f3n del gasto p\u00fablico, hasta el 21 de noviembre, lleva semanas bloqueado, desde que la C\u00e1mara de Representantes la aprob\u00f3 por una corta mayor\u00eda republicana.<\/p>\n<p>Cientos de miles de empleados gubernamentales pertenecientes a departamentos y agencias federales cesaron de trabajar, o peor incluso, estaban obligados a acudir a sus puestos (los relacionados con la seguridad del pa\u00eds, por ejemplo), sin derecho a sueldo.<\/p>\n<p>(mn\/efe, afp)\u00a0\u00a0\u00a0\u00a0\u00a0<\/p>\n<p>\u00a0<\/p>\n","protected":false},"excerpt":{"rendered":"El Senado de EE.UU. tumb\u00f3 este mi\u00e9rcoles (01.10.2025) sendas propuestas presupuestarias presentadas respectivamente por dem\u00f3cratas y republicanos para&hellip;\n","protected":false},"author":2,"featured_media":151630,"comment_status":"","ping_status":"","sticky":false,"template":"","format":"standard","meta":{"footnotes":""},"categories":[42],"tags":[17,18,13,14,11,61,62,63,64,19,20,9,10,15,16,12,21,22,65,66,67],"class_list":{"0":"post-151629","1":"post","2":"type-post","3":"status-publish","4":"format-standard","5":"has-post-thumbnail","7":"category-internacional","8":"tag-breaking-news","9":"tag-breakingnews","10":"tag-featured-news","11":"tag-featurednews","12":"tag-headlines","13":"tag-internacional","14":"tag-international","15":"tag-international-news","16":"tag-internationalnews","17":"tag-latest-news","18":"tag-latestnews","19":"tag-news","20":"tag-noticias","21":"tag-noticias-destacadas","22":"tag-noticiasdestacadas","23":"tag-titulares","24":"tag-ultimas-noticias","25":"tag-ultimasnoticias","26":"tag-world","27":"tag-world-news","28":"tag-worldnews"},"share_on_mastodon":{"url":"","error":""},"_links":{"self":[{"href":"https:\/\/www.europesays.com\/es\/wp-json\/wp\/v2\/posts\/151629","targetHints":{"allow":["GET"]}}],"collection":[{"href":"https:\/\/www.europesays.com\/es\/wp-json\/wp\/v2\/posts"}],"about":[{"href":"https:\/\/www.europesays.com\/es\/wp-json\/wp\/v2\/types\/post"}],"author":[{"embeddable":true,"href":"https:\/\/www.europesays.com\/es\/wp-json\/wp\/v2\/users\/2"}],"replies":[{"embeddable":true,"href":"https:\/\/www.europesays.com\/es\/wp-json\/wp\/v2\/comments?post=151629"}],"version-history":[{"count":0,"href":"https:\/\/www.europesays.com\/es\/wp-json\/wp\/v2\/posts\/151629\/revisions"}],"wp:featuredmedia":[{"embeddable":true,"href":"https:\/\/www.europesays.com\/es\/wp-json\/wp\/v2\/media\/151630"}],"wp:attachment":[{"href":"https:\/\/www.europesays.com\/es\/wp-json\/wp\/v2\/media?parent=151629"}],"wp:term":[{"taxonomy":"category","embeddable":true,"href":"https:\/\/www.europesays.com\/es\/wp-json\/wp\/v2\/categories?post=151629"},{"taxonomy":"post_tag","embeddable":true,"href":"https:\/\/www.europesays.com\/es\/wp-json\/wp\/v2\/tags?post=151629"}],"curies":[{"name":"wp","href":"https:\/\/api.w.org\/{rel}","templated":true}]}}