{"id":15163,"date":"2025-07-31T01:04:07","date_gmt":"2025-07-31T01:04:07","guid":{"rendered":"https:\/\/www.europesays.com\/es\/15163\/"},"modified":"2025-07-31T01:04:07","modified_gmt":"2025-07-31T01:04:07","slug":"segunda-victoria-en-dos-amistosos-del-sanse-de-jon-ansotegi-ante-unionistas","status":"publish","type":"post","link":"https:\/\/www.europesays.com\/es\/15163\/","title":{"rendered":"Segunda victoria en dos amistosos del Sanse de Jon Ansotegi ante Unionistas"},"content":{"rendered":"<p>El Sanse de Jon Ansotegi mantiene el pleno de victorias en la pretemporada de preparaci\u00f3n para la exigente Segunda Divisi\u00f3n. El filial realista, sin varios  &#8230; de sus futbolistas m\u00e1s importantes, se impuso este mi\u00e9rcoles en Varea al Unionistas de Salamanca por 0-3 con un doblete de Carrera y el tard\u00edo gol de Osazuwa. Todav\u00eda solo se ha enfrentado a rivales de Primera RFEF \u2013Osasuna Promesas y Unionistas\u2013, pero las primeras sensaciones en el estreno del de Berriatua en los banquillos son positivas.<\/p>\n<p class=\"v-p\">Sin Rup\u00e9rez, Mikel Rodr\u00edguez y Fraga, convocados con el primer equipo, Ansotegi dio continuidad a la prueba de Dadie en el lateral derecho que ya utiliz\u00f3 en el primer amistoso. En el otro flanco prob\u00f3 con Astigarraga, central por naturaleza, que lleva dos temporadas casi en blanco en el Sanse. Mariezkurrena, que iba a ser titular, se cay\u00f3 de la alineaci\u00f3n en el calentamiento. Le sustituy\u00f3 Eceizabarrena. Dani D\u00edaz, tras la gira en Jap\u00f3n, fue suplente.<\/p>\n<p class=\"v-p\">El primer gol lleg\u00f3 en la primera parte. Dadie, mostrando que en su regreso tras haber estado cedido en el Mirand\u00e9s puede reconvertirse al lateral cuando Rup\u00e9rez juegue con el primer equipo, le puso un centro medido a Carrera, que no perdon\u00f3 al primer toque. El errenteriarra, que anot\u00f3 dos goles en la recta final de la pasada campa\u00f1a con el Sanse, est\u00e1 demostrando su val\u00eda tras ver puerta en los dos primeros amistosos.<\/p>\n<p class=\"v-p\">Nada m\u00e1s arrancar la segunda parte, cuando no se hab\u00eda cumplido el primer minuto, el errenteriarra firm\u00f3 su doblete particular. Ya en el descuento, Osazuwa, el delantero del 2007 que firm\u00f3 la Real el verano pasado del Legan\u00e9s, puso el 0-3 definitivo. El canario Dar\u00edo Ram\u00edrez, pese a las informaciones que le colocan en la cantera del Real Madrid, disput\u00f3 minutos en la segunda parte. El s\u00e1bado, a las 11 horas, siguiente amistoso ante el Rennes en Zubieta.<\/p>\n","protected":false},"excerpt":{"rendered":"El Sanse de Jon Ansotegi mantiene el pleno de victorias en la pretemporada de preparaci\u00f3n para la exigente&hellip;\n","protected":false},"author":2,"featured_media":15164,"comment_status":"","ping_status":"","sticky":false,"template":"","format":"standard","meta":{"footnotes":""},"categories":[268],"tags":[5741,10106,4860,168,1354,1563,25,24,280,282,2837,10105,3745,281,23,167,1261],"class_list":{"0":"post-15163","1":"post","2":"type-post","3":"status-publish","4":"format-standard","5":"has-post-thumbnail","7":"category-futbol","8":"tag-amistosos","9":"tag-ansotegi","10":"tag-carrera","11":"tag-deportes","12":"tag-doblete","13":"tag-dos","14":"tag-es","15":"tag-espana","16":"tag-football","17":"tag-futbol","18":"tag-gracias","19":"tag-sanse","20":"tag-segunda","21":"tag-soccer","22":"tag-spain","23":"tag-sports","24":"tag-victoria"},"share_on_mastodon":{"url":"","error":""},"_links":{"self":[{"href":"https:\/\/www.europesays.com\/es\/wp-json\/wp\/v2\/posts\/15163","targetHints":{"allow":["GET"]}}],"collection":[{"href":"https:\/\/www.europesays.com\/es\/wp-json\/wp\/v2\/posts"}],"about":[{"href":"https:\/\/www.europesays.com\/es\/wp-json\/wp\/v2\/types\/post"}],"author":[{"embeddable":true,"href":"https:\/\/www.europesays.com\/es\/wp-json\/wp\/v2\/users\/2"}],"replies":[{"embeddable":true,"href":"https:\/\/www.europesays.com\/es\/wp-json\/wp\/v2\/comments?post=15163"}],"version-history":[{"count":0,"href":"https:\/\/www.europesays.com\/es\/wp-json\/wp\/v2\/posts\/15163\/revisions"}],"wp:featuredmedia":[{"embeddable":true,"href":"https:\/\/www.europesays.com\/es\/wp-json\/wp\/v2\/media\/15164"}],"wp:attachment":[{"href":"https:\/\/www.europesays.com\/es\/wp-json\/wp\/v2\/media?parent=15163"}],"wp:term":[{"taxonomy":"category","embeddable":true,"href":"https:\/\/www.europesays.com\/es\/wp-json\/wp\/v2\/categories?post=15163"},{"taxonomy":"post_tag","embeddable":true,"href":"https:\/\/www.europesays.com\/es\/wp-json\/wp\/v2\/tags?post=15163"}],"curies":[{"name":"wp","href":"https:\/\/api.w.org\/{rel}","templated":true}]}}