{"id":151635,"date":"2025-10-01T23:16:31","date_gmt":"2025-10-01T23:16:31","guid":{"rendered":"https:\/\/www.europesays.com\/es\/151635\/"},"modified":"2025-10-01T23:16:31","modified_gmt":"2025-10-01T23:16:31","slug":"paula-ostiz-logra-la-medalla-de-oro-en-el-mundial-junior-en-linea","status":"publish","type":"post","link":"https:\/\/www.europesays.com\/es\/151635\/","title":{"rendered":"Paula Ostiz logra la medalla de oro en el Mundial J\u00fanior en l\u00ednea"},"content":{"rendered":"<p>Actualizado  S\u00e1bado,<br \/>\n27<br \/>\nseptiembre<br \/>\n2025<br \/>\n&#8211;<br \/>\n12:16<\/p>\n<p class=\"ue-c-article__paragraph\">La navarra <strong>Paula Ostiz<\/strong> se ha hecho con la <strong>medalla de oro<\/strong> en el <strong>Mundial J\u00fanior en l\u00ednea,<\/strong> disputado este s\u00e1bado en Ruanda. La deportista se impuso en el sprint del grupo de cinco corredoras que llegaron por delante a la l\u00ednea de meta de Kigali, informa la agencia Efe. Obtuvieron sus respectivas medallas la italiana<strong> Chantal Pegolo (<\/strong>plata), y la suiza <strong>Anja Grossmann<\/strong> (bronce).<\/p>\n<p class=\"ue-c-article__paragraph\">Ostiz (Pamplona, 2007) complet\u00f3 los<strong> 74 kil\u00f3metros de carrera<\/strong>, con las cotas de Kigali Golf, Kimihurura y el Muro final de Kigali como puntos m\u00e1s relevantes, en<strong> 2 horas, 9 nueve minutos y 19 segundos<\/strong>, a un promedio de 34,334 kil\u00f3metros por hora. La suya fue una carrera muy t\u00e1ctica, muy controlada y que se decidi\u00f3 con un sprint casi de pista porque as\u00ed lo decidi\u00f3 Ostiz. Quien, bien respaldada por la gallega <strong>Alejandra Neira,<\/strong> duod\u00e9cima al final, se mostr\u00f3 en todo momento dominadora del grupo cabecero.<\/p>\n<p class=\"ue-c-article__paragraph\">Un pelot\u00f3n, en el que mandaba en la carrera, siempre muy numeroso y al que, ya en la parte decisiva, apenas buscaron desarbolar Grossmann y la neerlandesa<strong> Roos Muller,<\/strong> todo el rato de atr\u00e1s hacia adelante.<\/p>\n<p class=\"ue-c-article__paragraph\">Fue tal la calma hasta el final, o el dominio de Ostiz, que la carrera se lanz\u00f3 a poco de meta, lo que dur\u00f3 el sprint incontestable de la ganadora en el pulso de cinco en el que fue cuarta la canadiense <strong>Sidney Swierenga<\/strong> y del que se qued\u00f3 la segunda italiana <strong>Giada Silo<\/strong>, al final cazada por el grupo perseguidor que lleg\u00f3 a meta a 3 segundos.<\/p>\n<p class=\"ue-c-article__paragraph\"><strong>Neira<\/strong>, la segunda espa\u00f1ola y colosal apoyo para Ostiz, lleg\u00f3 en el siguiente, el que finaliz\u00f3 a 6 segundos de las medallistas. <\/p>\n<p>Las medallas de Ostiz<\/p>\n<p class=\"ue-c-article__paragraph\">La de oro es la segunda de las medallas que obtiene Ostiz en estos campeonatos, y la tercera mundialista de su carrera. Su anterior palmar\u00e9s dorado lo obtuvo en la prueba j\u00fanior contrarreloj de los Europeos de Limburgo (B\u00e9lgica). Y en el<a href=\"https:\/\/www.elmundo.es\/deportes\/ciclismo\/2024\/09\/26\/66f53ad0e4d4d8c30a8b45b7.html\" target=\"_blank\" rel=\"nofollow noopener\"> lado de la plata,<\/a> suma las medallas mundialistas en l\u00ednea del pasado a\u00f1o en Z\u00farich (Suiza), y este a\u00f1o en la crono de esta misma semana en Ruanda. <\/p>\n<p class=\"ue-c-article__paragraph\">\u00c9sta <strong>la tercera medalla de Espa\u00f1a<\/strong> tras la que sum\u00f3 la catalana <strong>Paula Blasi <\/strong>en la carrera en l\u00ednea sub-23<\/p>\n","protected":false},"excerpt":{"rendered":"Actualizado S\u00e1bado, 27 septiembre 2025 &#8211; 12:16 La navarra Paula Ostiz se ha hecho con la medalla de&hellip;\n","protected":false},"author":2,"featured_media":151636,"comment_status":"","ping_status":"","sticky":false,"template":"","format":"standard","meta":{"footnotes":""},"categories":[278],"tags":[376,168,25,24,375,23,167],"class_list":{"0":"post-151635","1":"post","2":"type-post","3":"status-publish","4":"format-standard","5":"has-post-thumbnail","7":"category-balonmano","8":"tag-balonmano","9":"tag-deportes","10":"tag-es","11":"tag-espana","12":"tag-handball","13":"tag-spain","14":"tag-sports"},"share_on_mastodon":{"url":"","error":""},"_links":{"self":[{"href":"https:\/\/www.europesays.com\/es\/wp-json\/wp\/v2\/posts\/151635","targetHints":{"allow":["GET"]}}],"collection":[{"href":"https:\/\/www.europesays.com\/es\/wp-json\/wp\/v2\/posts"}],"about":[{"href":"https:\/\/www.europesays.com\/es\/wp-json\/wp\/v2\/types\/post"}],"author":[{"embeddable":true,"href":"https:\/\/www.europesays.com\/es\/wp-json\/wp\/v2\/users\/2"}],"replies":[{"embeddable":true,"href":"https:\/\/www.europesays.com\/es\/wp-json\/wp\/v2\/comments?post=151635"}],"version-history":[{"count":0,"href":"https:\/\/www.europesays.com\/es\/wp-json\/wp\/v2\/posts\/151635\/revisions"}],"wp:featuredmedia":[{"embeddable":true,"href":"https:\/\/www.europesays.com\/es\/wp-json\/wp\/v2\/media\/151636"}],"wp:attachment":[{"href":"https:\/\/www.europesays.com\/es\/wp-json\/wp\/v2\/media?parent=151635"}],"wp:term":[{"taxonomy":"category","embeddable":true,"href":"https:\/\/www.europesays.com\/es\/wp-json\/wp\/v2\/categories?post=151635"},{"taxonomy":"post_tag","embeddable":true,"href":"https:\/\/www.europesays.com\/es\/wp-json\/wp\/v2\/tags?post=151635"}],"curies":[{"name":"wp","href":"https:\/\/api.w.org\/{rel}","templated":true}]}}