{"id":151638,"date":"2025-10-01T23:18:08","date_gmt":"2025-10-01T23:18:08","guid":{"rendered":"https:\/\/www.europesays.com\/es\/151638\/"},"modified":"2025-10-01T23:18:08","modified_gmt":"2025-10-01T23:18:08","slug":"alex-pereira-va-por-su-revancha-contra-ankalaev-cuando-donde-y-como-ver-en-vivo-online-y-en-tv-el-ufc-320","status":"publish","type":"post","link":"https:\/\/www.europesays.com\/es\/151638\/","title":{"rendered":"Alex Pereira va por su revancha contra Ankalaev: \u00bfCu\u00e1ndo, d\u00f3nde y c\u00f3mo ver en vivo, online y en TV el UFC 320?"},"content":{"rendered":"<p>Este fin de semana, luego de casi un mes y medio, <b>volver\u00e1n las luchas titulares en el <\/b><a href=\"https:\/\/www.adnradio.cl\/2025\/09\/20\/chileno-fue-confirmado-en-el-dana-whites-contender-series-y-luchara-para-ganar-un-contrato-en-la-ufc\/\" target=\"_self\" rel=\"nofollow noopener\" title=\"https:\/\/www.adnradio.cl\/2025\/09\/20\/chileno-fue-confirmado-en-el-dana-whites-contender-series-y-luchara-para-ganar-un-contrato-en-la-ufc\/\"><b>UFC<\/b><\/a><b> 320 de Las Vegas<\/b>. En total ser\u00e1n dos combates por cintur\u00f3n que prometen una cartelera llena de acci\u00f3n.<\/p>\n<p>Encabezando el evento estar\u00e1 la pelea por el <b>t\u00edtulo del peso semipesado<\/b>, donde el brasile\u00f1o <b>Alex Pereira<\/b> <b>buscar\u00e1 revancha ante el ruso Magomed Ankalaev<\/b>, quien le arrebat\u00f3 el cintur\u00f3n a principios de a\u00f1o.<\/p>\n<p>Adem\u00e1s, el campe\u00f3n m\u00e1s dominante en la historia del peso gallo, <b>Merab Dvalishvili<\/b>, volver\u00e1 a defender su corona. Esta vez se enfrentar\u00e1 a <b>Cory Sandhagen<\/b>, <b>actual n\u00famero cuatro en el ranking de las 135 libras.<\/b><\/p>\n<p>Revisa tambi\u00e9n:<\/p>\n<p><img decoding=\"async\" src=\"https:\/\/www.europesays.com\/es\/wp-content\/uploads\/2025\/10\/https:\/\/cloudfront-us-east-1.images.arcpublishing.com\/prisachile\/JQK52RVNZZDUPNNTUAVCUPVQL4.jpg\" loading=\"lazy\" width=\"828\" height=\"621\" alt=\"ADN\"\/><\/p>\n<p>Como si fuera poco, esa misma noche tambi\u00e9n se <b>definir\u00e1 al pr\u00f3ximo retador del campe\u00f3n entre Pereira y Ankalaev, cuando Jiri Prochazka<\/b> y <b>Khalil Rountree Jr.<\/b> choquen en un combate por ser contendiente n\u00famero uno.<\/p>\n<p>\u00bfCu\u00e1ndo, d\u00f3nde y c\u00f3mo ver el UFC 320?<\/p>\n<p>El <b>UFC 320<\/b> est\u00e1 programado para este <b>s\u00e1bado 4 de octubre<\/b>. La <b>cartelera preliminar<\/b> comenzar\u00e1 a las <b>19:00 horas de Chile<\/b>, mientras que los combates estelares no arrancar\u00edan antes de la <b>medianoche<\/b>.<\/p>\n<p>El evento se podr\u00e1 seguir en televisi\u00f3n a trav\u00e9s de <b>Fox Sports Premium<\/b>, y por streaming en la aplicaci\u00f3n <b>Disney+<\/b> o en el <b>UFC Fight Pass<\/b>.<\/p>\n","protected":false},"excerpt":{"rendered":"Este fin de semana, luego de casi un mes y medio, volver\u00e1n las luchas titulares en el UFC&hellip;\n","protected":false},"author":2,"featured_media":151639,"comment_status":"","ping_status":"","sticky":false,"template":"","format":"standard","meta":{"footnotes":""},"categories":[276],"tags":[1488,168,25,24,591,743,23,167,343],"class_list":{"0":"post-151638","1":"post","2":"type-post","3":"status-publish","4":"format-standard","5":"has-post-thumbnail","7":"category-ufc","8":"tag-artes-marciales","9":"tag-deportes","10":"tag-es","11":"tag-espana","12":"tag-lucha","13":"tag-mma","14":"tag-spain","15":"tag-sports","16":"tag-ufc"},"share_on_mastodon":{"url":"","error":""},"_links":{"self":[{"href":"https:\/\/www.europesays.com\/es\/wp-json\/wp\/v2\/posts\/151638","targetHints":{"allow":["GET"]}}],"collection":[{"href":"https:\/\/www.europesays.com\/es\/wp-json\/wp\/v2\/posts"}],"about":[{"href":"https:\/\/www.europesays.com\/es\/wp-json\/wp\/v2\/types\/post"}],"author":[{"embeddable":true,"href":"https:\/\/www.europesays.com\/es\/wp-json\/wp\/v2\/users\/2"}],"replies":[{"embeddable":true,"href":"https:\/\/www.europesays.com\/es\/wp-json\/wp\/v2\/comments?post=151638"}],"version-history":[{"count":0,"href":"https:\/\/www.europesays.com\/es\/wp-json\/wp\/v2\/posts\/151638\/revisions"}],"wp:featuredmedia":[{"embeddable":true,"href":"https:\/\/www.europesays.com\/es\/wp-json\/wp\/v2\/media\/151639"}],"wp:attachment":[{"href":"https:\/\/www.europesays.com\/es\/wp-json\/wp\/v2\/media?parent=151638"}],"wp:term":[{"taxonomy":"category","embeddable":true,"href":"https:\/\/www.europesays.com\/es\/wp-json\/wp\/v2\/categories?post=151638"},{"taxonomy":"post_tag","embeddable":true,"href":"https:\/\/www.europesays.com\/es\/wp-json\/wp\/v2\/tags?post=151638"}],"curies":[{"name":"wp","href":"https:\/\/api.w.org\/{rel}","templated":true}]}}