{"id":151640,"date":"2025-10-01T23:20:12","date_gmt":"2025-10-01T23:20:12","guid":{"rendered":"https:\/\/www.europesays.com\/es\/151640\/"},"modified":"2025-10-01T23:20:12","modified_gmt":"2025-10-01T23:20:12","slug":"alex-corretja-explica-por-que-carlos-alcaraz-se-ha-convertido-en-un-tenista-invencible-es-la-clave-para-triunfar-en-el-mundo-del-tenis-tenis","status":"publish","type":"post","link":"https:\/\/www.europesays.com\/es\/151640\/","title":{"rendered":"\u00c1lex Corretja explica por qu\u00e9 Carlos Alcaraz se ha convertido en un tenista &#8216;invencible&#8217;: \u00abEs la clave para triunfar en el mundo del tenis\u00bb | Tenis"},"content":{"rendered":"<p>Carlos Alcaraz suma y sigue en una temporada para el recuerdo. <a href=\"https:\/\/cadenaser.com\/nacional\/2025\/09\/30\/carlos-alcaraz-campeon-en-tokio-no-disputara-el-masters-de-shanghai-para-descansar-y-recuperar-cadena-ser\/\" target=\"_blank\" rel=\"nofollow noopener\" title=\"https:\/\/cadenaser.com\/nacional\/2025\/09\/30\/carlos-alcaraz-campeon-en-tokio-no-disputara-el-masters-de-shanghai-para-descansar-y-recuperar-cadena-ser\/\">El tenista espa\u00f1ol venci\u00f3 en la final de Tokio a Fritz para sumar su octavo t\u00edtulo en el a\u00f1o 2025 y firmar ya la que es la mejor temporada de su carrera<\/a>. Para Corretja, lo que est\u00e1 haciendo Carlitos es hist\u00f3rico y su nivel de confianza est\u00e1 por las nubes gracias a su manera de vivir y entender el deporte y la vida en la \u00e9lite. \u00abVa a tener muchos m\u00e1s t\u00edtulos que a\u00f1os. Me gustar\u00eda resaltar el momento de liberaci\u00f3n en la temporada despu\u00e9s de perder en Miami. Se va de vacaciones con amigos y familia y recupera su mejor nivel. Vuelve, gana fortaleza mental y confianza con Roland Garros y ahora disfruta de este momento\u00bb, apunt\u00f3 el extenista en &#8216;El Larguero&#8217; de la Cadena SER.<\/p>\n<p>M\u00e1s informaci\u00f3n<\/p>\n<p>El t\u00edtulo en el ATP 500 de la capital japonesa tiene como gran highlight el \u00faltimo juego del partido. El murciano, adem\u00e1s de jugar y de ganar, es capaz de dar espect\u00e1culo. As\u00ed lo destaca Corretja: \u00abNo recuerdo nunca ning\u00fan jugador de tenis terminar el partido con tres dejadas y adem\u00e1s en pista r\u00e1pida. Le hace dos y en el \u00faltimo punto, otra. Demuestra una tranquilidad y una sangre fr\u00eda y una confianza en s\u00ed mismo que hace que se sienta invencible\u00bb. Algo ins\u00f3lito que convierte a este tenista al mejor del mundo en estos momentos y parece que puede firmar un a\u00f1o de r\u00e9cord superior al de cualquier tenista antes.<\/p>\n<p>Una de las grandes claves es la \u00abestabilidad\u00bb que tiene Alcaraz esta temporada. El tenista nacido en El Palmar ha sido capaz de equilibrar la vida dentro y fuera de la pista a su manera, tal y como reza su documental. Ese acuerdo entre la estrella y su equipo ha hecho que est\u00e9 disfrutando de este momento de forma. \u00abDosificarse es una de las claves de este a\u00f1o. \u00c9l y su equipo saben perfectamente cu\u00e1ndo necesitan apretar, cu\u00e1ndo necesitan descansar y est\u00e1n encontrando un gran equilibrio al competir, descansar y prepararse\u00bb, expone Corretja. <\/p>\n<p>El balance est\u00e1 claro y es de 51 partidos ganados y tan solo seis perdidos, por eso la cabeza fr\u00eda puede marcar un gran a\u00f1o para Alcaraz. \u00abSon muchos d\u00edas de viaje que generan un desgaste, pero sabe perfectamente qu\u00e9 necesita en cada momento y esa es la frescura clave de la que est\u00e1 gozando en los torneos. Esa es la clave para triunfar en el mundo del tenis\u00bb, comenta el extenista en &#8216;El Larguero&#8217; de la SER, que hace \u00abque Carlos est\u00e9 muy bien a nivel de estabilidad\u00bb.<\/p>\n<p><a href=\"https:\/\/cadenaser.com\/nacional\/2025\/09\/30\/badosa-se-despide-de-la-temporada-tras-retirarse-de-pekin-entre-lagrimas-nos-vemos-en-2026-cadena-ser\/\" target=\"_blank\" rel=\"nofollow noopener\" title=\"https:\/\/cadenaser.com\/nacional\/2025\/09\/30\/badosa-se-despide-de-la-temporada-tras-retirarse-de-pekin-entre-lagrimas-nos-vemos-en-2026-cadena-ser\/\">Un d\u00eda de alegr\u00edas para el tenis espa\u00f1ol solamente empa\u00f1ado por el abandono por lesi\u00f3n de Paula Badosa en Pek\u00edn<\/a>. La espa\u00f1ola sigue en un momento delicado en lo f\u00edsico y Corretja cree que debe de pausar y reconectar con ella misma para volver de la mejor manera posible. \u00abPaula Badosa necesita parar, relajar, recuperarse y prepararse. Debe ir encontr\u00e1ndose a s\u00ed misma, estoy seguro de que volver\u00e1 a las pistas\u00bb, concluy\u00f3 Corretja en &#8216;El Larguero&#8217;.<\/p>\n<p><img loading=\"lazy\" decoding=\"async\" src=\"https:\/\/www.europesays.com\/es\/wp-content\/uploads\/2025\/10\/https:\/\/sdmedia.playser.cadenaser.com\/playser\/image\/202510\/01\/1759264955411_1759273909_asset_still.j.jpeg\" width=\"16\" height=\"9\"\/><\/p>\n","protected":false},"excerpt":{"rendered":"Carlos Alcaraz suma y sigue en una temporada para el recuerdo. El tenista espa\u00f1ol venci\u00f3 en la final&hellip;\n","protected":false},"author":2,"featured_media":151641,"comment_status":"","ping_status":"","sticky":false,"template":"","format":"standard","meta":{"footnotes":""},"categories":[274],"tags":[168,25,24,23,167,327,326],"class_list":{"0":"post-151640","1":"post","2":"type-post","3":"status-publish","4":"format-standard","5":"has-post-thumbnail","7":"category-tenis","8":"tag-deportes","9":"tag-es","10":"tag-espana","11":"tag-spain","12":"tag-sports","13":"tag-tenis","14":"tag-tennis"},"share_on_mastodon":{"url":"","error":""},"_links":{"self":[{"href":"https:\/\/www.europesays.com\/es\/wp-json\/wp\/v2\/posts\/151640","targetHints":{"allow":["GET"]}}],"collection":[{"href":"https:\/\/www.europesays.com\/es\/wp-json\/wp\/v2\/posts"}],"about":[{"href":"https:\/\/www.europesays.com\/es\/wp-json\/wp\/v2\/types\/post"}],"author":[{"embeddable":true,"href":"https:\/\/www.europesays.com\/es\/wp-json\/wp\/v2\/users\/2"}],"replies":[{"embeddable":true,"href":"https:\/\/www.europesays.com\/es\/wp-json\/wp\/v2\/comments?post=151640"}],"version-history":[{"count":0,"href":"https:\/\/www.europesays.com\/es\/wp-json\/wp\/v2\/posts\/151640\/revisions"}],"wp:featuredmedia":[{"embeddable":true,"href":"https:\/\/www.europesays.com\/es\/wp-json\/wp\/v2\/media\/151641"}],"wp:attachment":[{"href":"https:\/\/www.europesays.com\/es\/wp-json\/wp\/v2\/media?parent=151640"}],"wp:term":[{"taxonomy":"category","embeddable":true,"href":"https:\/\/www.europesays.com\/es\/wp-json\/wp\/v2\/categories?post=151640"},{"taxonomy":"post_tag","embeddable":true,"href":"https:\/\/www.europesays.com\/es\/wp-json\/wp\/v2\/tags?post=151640"}],"curies":[{"name":"wp","href":"https:\/\/api.w.org\/{rel}","templated":true}]}}