{"id":151645,"date":"2025-10-01T23:23:15","date_gmt":"2025-10-01T23:23:15","guid":{"rendered":"https:\/\/www.europesays.com\/es\/151645\/"},"modified":"2025-10-01T23:23:15","modified_gmt":"2025-10-01T23:23:15","slug":"los-lakers-sorprenden-con-fichaje-que-acompanara-a-lebron-james","status":"publish","type":"post","link":"https:\/\/www.europesays.com\/es\/151645\/","title":{"rendered":"Los Lakers sorprenden con fichaje que acompa\u00f1ar\u00e1 a LeBron James"},"content":{"rendered":"<p data-gtm-element-container=\"modulo-texto-link\" class=\"paragraph\"><strong><a href=\"https:\/\/www.mundodeportivo.com\/us\/baloncesto\/nba\/20250930\/731566\/lebron-james-responde-sobre-contrato-lakers-retiro.html\" title=\"LeBron James responde sobre su contrato con los Lakers y el retiro\" target=\"_blank\" rel=\"nofollow noopener\">Los Angeles Lakers<\/a><\/strong> anunciaron un <strong>inesperado fichaje en la NBA<\/strong> al incorporar al base <strong>Nick Smith Jr.<\/strong>, un movimiento que busca <strong>reforzar al plantel y acompa\u00f1ar a LeBron James <\/strong>en la temporada. El acuerdo de doble v\u00eda permitir\u00e1 que el jugador dispute hasta 50 partidos oficiales, mientras el equipo californiano ajusta su plantilla.<\/p>\n<p>Lakers suman a Nick Smith Jr. como refuerzo estrat\u00e9gico<\/p>\n<p data-gtm-element-container=\"modulo-texto-link\" class=\"paragraph\">El conjunto angelino <strong>oficializ\u00f3 la llegada de Smith Jr. con contrato dual<\/strong>, un paso que muestra la intenci\u00f3n de profundizar la rotaci\u00f3n en el per\u00edmetro. El movimiento apunta a<strong> darle mayor apoyo a <a href=\"https:\/\/www.mundodeportivo.com\/us\/baloncesto\/nba\/20250929\/731505\/sigue-retira-angeles-lakers-toman-decision-define-futuro-lebron-james.html\" title=\"\u00bfSigue o se retira? Los Angeles Lakers toman una decisi\u00f3n que define el futuro de LeBron James\" target=\"_blank\" rel=\"nofollow noopener\">LeBron James<\/a><\/strong> en la creaci\u00f3n ofensiva y estabilidad en minutos clave.<\/p>\n<ul>\n<li>El base <strong>jug\u00f3 60 partidos con Charlotte <\/strong>en la campa\u00f1a 2024-25.<\/li>\n<li>Promedi\u00f3 <strong>9.9 puntos, 2.1 rebotes y 2.4 asistencias en 22.8 minutos<\/strong>.<\/li>\n<li>Fue <strong>titular<\/strong> en <strong>27 encuentros <\/strong>de la temporada regular.<\/li>\n<li>Tendr\u00e1 un<strong> l\u00edmite de participaci\u00f3n de 50 juegos<\/strong> con los Lakers por su tipo de contrato<\/li>\n<\/ul>\n<p>        Lee tambi\u00e9n<\/p>\n<p>    Gustavo Rubio<\/p>\n<p>             <img loading=\"lazy\" decoding=\"async\" data-full-src=\"https:\/\/www.mundodeportivo.com\/us\/uploads\/2025\/09\/30\/68dc43a4b13b9.jpeg\" alt=\"Lawrence Moten ten\u00eda 53 a\u00f1os y trabajaba como gerente general de baloncesto en la Digital Pioneers Academy de Washington DC\" src=\"https:\/\/www.europesays.com\/es\/wp-content\/uploads\/2025\/10\/68dc43a4b13b9.jpeg\" class=\"lazy\" width=\"104\" height=\"108\"\/><\/p>\n<p data-gtm-element-container=\"modulo-texto-link\" class=\"paragraph\">La franquicia <strong>busca con este refuerzo fortalecer su segunda unidad<\/strong> y evitar sobrecarga de minutos para sus principales figuras. El<strong> perfil de Smith Jr. se adapta al ritmo de juego que los Lakers proyectan<\/strong>, especialmente en una temporada donde cada partido suma para asegurar posici\u00f3n en playoffs.<\/p>\n<p data-gtm-element-container=\"modulo-texto-link\" class=\"paragraph\">LeBron James recibir\u00e1 un<strong> respaldo que podr\u00eda darle mayor libertad ofensiva<\/strong>, mientras el joven base intentar\u00e1 consolidar su nombre en una plantilla con aspiraciones altas en la <strong><a href=\"https:\/\/www.mundodeportivo.com\/us\/baloncesto\/nba\/20250929\/731519\/kevin-durant-le-da-mejor-noticia-houston-rockets-inicio-nba-me-veo.html\" title=\"Kevin Durant le da la mejor noticia a los Houston Rockets antes del inicio de la NBA: \" s=\"\" me=\"\" veo...=\"\" target=\"_blank\" rel=\"nofollow noopener\">NBA<\/a><\/strong>.<\/p>\n<p>                <img loading=\"lazy\" decoding=\"async\" data-full-src=\"https:\/\/www.mundodeportivo.com\/us\/uploads\/2023\/06\/23\/64959770d8199.jpeg\" alt=\"Horizontal\" width=\"449\" height=\"299\" src=\"https:\/\/www.europesays.com\/es\/wp-content\/uploads\/2025\/10\/64959770d8199.jpeg\" class=\"lazy\"\/><\/p>\n<p class=\"caption-title \">Con este movimiento, la franquicia busca mayor profundidad en la posici\u00f3n de base.<\/p>\n<p>                    John Minchillo \/ LaPresse<\/p>\n<p>Lo que significa este fichaje de los Lakers para la temporada<\/p>\n<p data-gtm-element-container=\"modulo-texto-link\" class=\"paragraph\">La <strong>apuesta<\/strong> por <strong>Smith Jr.<\/strong> refleja una <strong>visi\u00f3n a futuro<\/strong>, pero tambi\u00e9n una <strong>respuesta inmediata a las necesidades del plantel<\/strong>. Su rol ser\u00e1 crucial para dar respiro a los titulares y, al mismo tiempo, ofrecer variantes t\u00e1cticas a la ofensiva angelina.<\/p>\n","protected":false},"excerpt":{"rendered":"Los Angeles Lakers anunciaron un inesperado fichaje en la NBA al incorporar al base Nick Smith Jr., un&hellip;\n","protected":false},"author":2,"featured_media":151646,"comment_status":"","ping_status":"","sticky":false,"template":"","format":"standard","meta":{"footnotes":""},"categories":[269],"tags":[299,298,168,25,24,23,167],"class_list":{"0":"post-151645","1":"post","2":"type-post","3":"status-publish","4":"format-standard","5":"has-post-thumbnail","7":"category-baloncesto","8":"tag-baloncesto","9":"tag-basketball","10":"tag-deportes","11":"tag-es","12":"tag-espana","13":"tag-spain","14":"tag-sports"},"share_on_mastodon":{"url":"","error":""},"_links":{"self":[{"href":"https:\/\/www.europesays.com\/es\/wp-json\/wp\/v2\/posts\/151645","targetHints":{"allow":["GET"]}}],"collection":[{"href":"https:\/\/www.europesays.com\/es\/wp-json\/wp\/v2\/posts"}],"about":[{"href":"https:\/\/www.europesays.com\/es\/wp-json\/wp\/v2\/types\/post"}],"author":[{"embeddable":true,"href":"https:\/\/www.europesays.com\/es\/wp-json\/wp\/v2\/users\/2"}],"replies":[{"embeddable":true,"href":"https:\/\/www.europesays.com\/es\/wp-json\/wp\/v2\/comments?post=151645"}],"version-history":[{"count":0,"href":"https:\/\/www.europesays.com\/es\/wp-json\/wp\/v2\/posts\/151645\/revisions"}],"wp:featuredmedia":[{"embeddable":true,"href":"https:\/\/www.europesays.com\/es\/wp-json\/wp\/v2\/media\/151646"}],"wp:attachment":[{"href":"https:\/\/www.europesays.com\/es\/wp-json\/wp\/v2\/media?parent=151645"}],"wp:term":[{"taxonomy":"category","embeddable":true,"href":"https:\/\/www.europesays.com\/es\/wp-json\/wp\/v2\/categories?post=151645"},{"taxonomy":"post_tag","embeddable":true,"href":"https:\/\/www.europesays.com\/es\/wp-json\/wp\/v2\/tags?post=151645"}],"curies":[{"name":"wp","href":"https:\/\/api.w.org\/{rel}","templated":true}]}}