{"id":151649,"date":"2025-10-01T23:25:05","date_gmt":"2025-10-01T23:25:05","guid":{"rendered":"https:\/\/www.europesays.com\/es\/151649\/"},"modified":"2025-10-01T23:25:05","modified_gmt":"2025-10-01T23:25:05","slug":"gisele-bundchen-y-joaquim-valente-disfrutan-de-un-tranquilo-paseo-en-bote-con-su-pequeno-bebe-river","status":"publish","type":"post","link":"https:\/\/www.europesays.com\/es\/151649\/","title":{"rendered":"Gisele B\u00fcndchen y Joaquim Valente disfrutan de un tranquilo paseo en bote con su peque\u00f1o beb\u00e9 River"},"content":{"rendered":"<p id=\"ecvwG_H6fk5\" data-wc=\"109\"><strong>Gisele B\u00fcndchen<\/strong> y su pareja <strong>Joaquim Valente\u00a0<\/strong>poco a poco se adaptan a su nueva vida como padres de un reci\u00e9n nacido. Recientemente, la modelo y el instructor de jiu-jitsu fueron captados disfrutando de un paseo en yate junto a <a class=\"hm-link ho-link\" href=\"https:\/\/www.hola.com\/us-es\/celebrities\/20250724846363\/gisele-bundchen-cumpleanos-joaquim-valente-bebe\/\" data-mrf-recirculation=\"article-body-link\" rel=\"nofollow noopener\" target=\"_blank\">su peque\u00f1o River, de solo unos meses de nacido<\/a>. La top model brasile\u00f1a est\u00e1 disfrutando de esta etapa a plenitud con beb\u00e9, as\u00ed lo dejan ver las nuevas im\u00e1genes de la familia de tres, la cual se va adaptando al hecho de tener en casa un beb\u00e9, adem\u00e1s de dos adolescentes; <strong>Benjamin Rein<\/strong>, de 15 a\u00f1os, y <strong>Vivian Lake<\/strong>, de 12, fruto de <a class=\"hm-link ho-link\" href=\"https:\/\/www.hola.com\/us-es\/celebrities\/20250618839003\/tom-brady-hijos-benjamin-vivian-viaje-japon-fotos\/\" data-mrf-recirculation=\"article-body-link\" rel=\"nofollow noopener\" target=\"_blank\">su relaci\u00f3n pasada con Tom Brady<\/a>.\u00a0<\/p>\n<p> <img src=\"https:\/\/www.europesays.com\/es\/wp-content\/uploads\/2025\/10\/00aa0b76fcc9-536293191185278890400089725081475372101959534n.jpg\"   width=\"768\" height=\"1024\" loading=\"lazy\" decoding=\"async\" alt=\"Gisele B\u00fcndchen en una nueva foto con su peque\u00f1o beb\u00e9.\" fetchpriority=\"auto\" class=\"image ho-image\"\/>\u00a9 @giseleGisele B\u00fcndchen en una foto reciente con su peque\u00f1o beb\u00e9.<\/p>\n<p id=\"etYkCacYevq\" data-wc=\"61\">En las im\u00e1genes, se aprecia a Gisele, de 45 a\u00f1os, llevando a su beb\u00e9 en brazos, mientras Joaquim conduce el yate en las aguas de Miami. La pareja luce relajada, disfrutando de una tranquila ma\u00f1ana de domingo. Gisele luce un traje de ba\u00f1o de dos piezas en color negro, mientras que Joaquim lleva una t-shirt verde olivo y un short oscuro.\u00a0<\/p>\n<p> <img src=\"https:\/\/www.europesays.com\/es\/wp-content\/uploads\/2025\/10\/523006195aaa-spngbjvbb25092906-copia2.jpg\"   width=\"1024\" height=\"682\" loading=\"lazy\" decoding=\"async\" alt=\"Gisele B\u00fcndchen con Joaquim Valente y su peque\u00f1o River. &#10;&#10;\" fetchpriority=\"auto\" class=\"image ho-image\"\/>\u00a9 Splash News\/The Grosby GroupGisele B\u00fcndchen con Joaquim Valente y su peque\u00f1o River. <\/p>\n<p id=\"eyQC9KYWOD\" data-wc=\"33\">En las fotos, Gisele se deja ver derretida por su beb\u00e9, mientras que Joaquim muestra su faceta m\u00e1s tierna, d\u00e1ndole besitos a River en la cabeza y alz\u00e1ndolo en brazos en cada oportunidad. \u00a0<\/p>\n<p> <img src=\"https:\/\/www.europesays.com\/es\/wp-content\/uploads\/2025\/10\/21a0200600d4-spngbjvbb25092903-copia1.jpg\"   width=\"1024\" height=\"682\" loading=\"lazy\" decoding=\"async\" alt=\"Joaquim Valente mostr\u00f3 su faceta m\u00e1s tierna como padre, al llenar de besitos de su hijo.\" fetchpriority=\"auto\" class=\"image ho-image\"\/>\u00a9 Splash News\/The Grosby GroupJoaquim Valente mostr\u00f3 su faceta m\u00e1s tierna como padre, al llenar de besitos de su hijo.<\/p>\n<p id=\"ezA2S8cixb\" data-wc=\"60\">Las recientes fotos familiares surgen un par de d\u00edas despu\u00e9s del \u00faltimo post de la modelo en su perfil de Instagram. En usa publicaci\u00f3n, Gisele comparti\u00f3 un carrete de im\u00e1genes de bellos paisajes con un mensaje que ha reflejado el momento de plenitud por el que atraviesa con el hombre de sus sue\u00f1os, su beb\u00e9 y sus dos hijos mayores.\u00a0<\/p>\n<p id=\"e2O--yYsYvo\" data-wc=\"63\">\u00abA veces, solo necesitamos detenernos y mirar a nuestro alrededor. \u00a1La belleza est\u00e1 en todas partes! La naturaleza siempre ha sido mi medicina\u00bb, indic\u00f3. \u00abEn cuanto percibo el viento en los \u00e1rboles, la luz en el agua, el canto de los p\u00e1jaros&#8230; algo en m\u00ed empieza a sanar y mi coraz\u00f3n se llena de gratitud. \u00a1Disfruta del regalo que es hoy! \ud83d\ude4f \u2728\u00bb.<\/p>\n<p> Gisele B\u00fcndchen y su mensaje de gratiud<br \/>\nAgradece el apoyo de las autoridades\u00a0<\/p>\n<p id=\"eRan6tlIRG\" data-wc=\"36\">En medio del dulce momento que vive a nivel personal, Gisele ha hecho una pausa para agradecer a las autoridades por su efectividad, al desarticular una banda de estafadores que comet\u00edan sus fechor\u00edas utilizando su nombre.\u00a0<\/p>\n<p id=\"e6A9LG-K4G\" data-wc=\"48\">En sus stories, la top model comparti\u00f3 la captura de pantalla del reporte sobre la captura de los criminales y extendi\u00f3 un mensaje a las autoridades. \u00abGracias a la polic\u00eda por su compromiso con encontrar a los delincuentes que utilizan inteligencia artificial para enga\u00f1ar a la gente\u00bb, escribi\u00f3.\u00a0<\/p>\n<p> <img src=\"https:\/\/www.europesays.com\/es\/wp-content\/uploads\/2025\/10\/59edf7d11262-img0319.jpg\"   width=\"1080\" height=\"1440\" loading=\"lazy\" decoding=\"async\" alt=\"Gisele B\u00fcndchen agradece el apoyo de la polic\u00eda en medio de un caso de estafas que usaba su nombre.\" fetchpriority=\"auto\" class=\"image ho-image\"\/>\u00a9 @giseleGisele B\u00fcndchen agradece el apoyo de la polic\u00eda en medio de un caso de estafas que usaba su nombre.<\/p>\n<p id=\"e8LJMf2KDF\" data-wc=\"26\">En el titular de la noticia en portugu\u00e9s se le\u00eda lo siguiente: \u00abPolic\u00eda desarticula esquema criminal; utilizaban deepfake de Gisele B\u00fcndchen para aplicar estafas en Internet\u00bb.\u00a0<\/p>\n","protected":false},"excerpt":{"rendered":"Gisele B\u00fcndchen y su pareja Joaquim Valente\u00a0poco a poco se adaptan a su nueva vida como padres de&hellip;\n","protected":false},"author":2,"featured_media":151650,"comment_status":"","ping_status":"","sticky":false,"template":"","format":"standard","meta":{"footnotes":""},"categories":[174],"tags":[517,7489,255,146,147,25,24,256,45924,23],"class_list":{"0":"post-151649","1":"post","2":"type-post","3":"status-publish","4":"format-standard","5":"has-post-thumbnail","7":"category-famosos","8":"tag-actualidad","9":"tag-bebes-famosos","10":"tag-celebrities","11":"tag-entertainment","12":"tag-entretenimiento","13":"tag-es","14":"tag-espana","15":"tag-famosos","16":"tag-gisele-bundchen","17":"tag-spain"},"share_on_mastodon":{"url":"","error":""},"_links":{"self":[{"href":"https:\/\/www.europesays.com\/es\/wp-json\/wp\/v2\/posts\/151649","targetHints":{"allow":["GET"]}}],"collection":[{"href":"https:\/\/www.europesays.com\/es\/wp-json\/wp\/v2\/posts"}],"about":[{"href":"https:\/\/www.europesays.com\/es\/wp-json\/wp\/v2\/types\/post"}],"author":[{"embeddable":true,"href":"https:\/\/www.europesays.com\/es\/wp-json\/wp\/v2\/users\/2"}],"replies":[{"embeddable":true,"href":"https:\/\/www.europesays.com\/es\/wp-json\/wp\/v2\/comments?post=151649"}],"version-history":[{"count":0,"href":"https:\/\/www.europesays.com\/es\/wp-json\/wp\/v2\/posts\/151649\/revisions"}],"wp:featuredmedia":[{"embeddable":true,"href":"https:\/\/www.europesays.com\/es\/wp-json\/wp\/v2\/media\/151650"}],"wp:attachment":[{"href":"https:\/\/www.europesays.com\/es\/wp-json\/wp\/v2\/media?parent=151649"}],"wp:term":[{"taxonomy":"category","embeddable":true,"href":"https:\/\/www.europesays.com\/es\/wp-json\/wp\/v2\/categories?post=151649"},{"taxonomy":"post_tag","embeddable":true,"href":"https:\/\/www.europesays.com\/es\/wp-json\/wp\/v2\/tags?post=151649"}],"curies":[{"name":"wp","href":"https:\/\/api.w.org\/{rel}","templated":true}]}}