{"id":15165,"date":"2025-07-31T01:05:09","date_gmt":"2025-07-31T01:05:09","guid":{"rendered":"https:\/\/www.europesays.com\/es\/15165\/"},"modified":"2025-07-31T01:05:09","modified_gmt":"2025-07-31T01:05:09","slug":"en-boca-de-todos-jorge-javier-duda-de-las-consecuencias-del-fichaje-de-noelia-nunez-por-en-boca-de-todos-tiene-dificil-escapatoria","status":"publish","type":"post","link":"https:\/\/www.europesays.com\/es\/15165\/","title":{"rendered":"En boca de todos: Jorge Javier duda de las consecuencias del fichaje de Noelia N\u00fa\u00f1ez por &#8216;En boca de todos&#8217;: \u00abTiene dif\u00edcil escapatoria\u00bb"},"content":{"rendered":"<p class=\"article-text\">\n        A<strong> Jorge Javier V\u00e1zquez<\/strong> le queda a\u00fan un mes de vacaciones, a pesar de haber vuelto ya de su disfrutada Indonesia, como explica en su<strong> blog de <\/strong><a href=\"https:\/\/www.lecturas.com\/blogs\/jorge-javier-vazquez\/cumpli-cincuenta-y-cinco-anos-aqui-indonesia-y-aproveche-para-subir-foto-a-redes-dandome-ducha-ensenando-carne_179055\" target=\"_blank\" rel=\"nofollow noopener\" data-mrf-recirculation=\"links-noticia\" class=\"link\"><strong>Lecturas<\/strong><\/a>. En \u00e9l, como en las semanas anteriores, contin\u00faa recomendando series (en esta ocasi\u00f3n <strong>Cuatro estaciones<\/strong> de Netflix) y reconoce haber estado \u201cmuy enganchado\u201d a la trama de<strong> Noelia N\u00fa\u00f1ez.<\/strong>\n    <\/p>\n<p>    <a href=\"https:\/\/www.eldiario.es\/noticias\/noelia-nunez-ficha-mediaset-colaboradora-nacho-abad-en-boca-de-todos_1_12489780.html\" data-mrf-recirculation=\"saber-mas\" data-dl-event=\"saber-mas\" rel=\"nofollow noopener\" target=\"_blank\"><\/p>\n<p class=\"know-more__title\">Noelia N\u00fa\u00f1ez ficha por Mediaset tras su dimisi\u00f3n del PP y ser\u00e1 colaboradora de Nacho Abad en &#8216;En boca de todos&#8217;<\/p>\n<p>            <img decoding=\"async\" class=\"lazy\" loading=\"lazy\" data-src=\"https:\/\/static.eldiario.es\/clip\/f5d64f5e-0a50-4099-9428-e427210743f6_16-9-aspect-ratio_default_0.jpg\" src=\"data:image\/svg+xml,%3Csvg xmlns=\" http:=\"\" viewbox=\"0 0 880 495\" alt=\"Noelia N\u00fa\u00f1ez ficha por Mediaset tras su dimisi\u00f3n del PP y ser\u00e1 colaboradora de Nacho Abad en 'En boca de todos'\"\/><\/p>\n<p>                        <\/a><\/p>\n<p class=\"article-text\">\n        \u201cPor qu\u00e9 no se colg\u00f3 encima cuarto y mitad m\u00e1s de licenciaturas? Total, ya puestos\u201d, empieza ironizando. \u201cNoelia se pase\u00f3 un d\u00eda por todas las televisiones y en todas recibi\u00f3 hostias como panes, pero ella, inasequible al desaliento, no escarmentaba. <strong>Sal\u00eda de un plat\u00f3 y se met\u00eda en otro para volver a salir trasquilada\u201d,<\/strong> recuerda.\n    <\/p>\n<p class=\"article-text\">\n        Como experto en televisi\u00f3n, Jorge Javier analiza cada &#8216;momentazo&#8217; de la joven: \u201cEn uno se quej\u00f3 de que le hab\u00edan insultado en redes sociales y <strong>Gonzalo Mir\u00f3<\/strong> la puso frente al espejo: no puede quejarse una de que la insulten cuando ha lucido toda ufana una camiseta en la que se le\u00eda<strong> &#8216;Me gusta la fruta&#8217;<\/strong>. En Todo es mentira<strong> la volvieron a pillar en una mentira en riguroso directo y no consigui\u00f3 salir airosa <\/strong>del &#8216;fregao&#8217; porque Dios no la ha llamado por el camino de la oratoria\u201d.\n    <\/p>\n<p class=\"article-text\">\n        Para continuar dudando de las consecuencias de su nuevo fichaje: \u201cA estas alturas no tenemos muy claro cu\u00e1l es el camino que le ha adjudicado Dios. Quiz\u00e1s por eso acept\u00f3 a la primera el puesto de colaboradora que le ofreci\u00f3 <strong>Nacho Abad<\/strong> en <a href=\"https:\/\/www.eldiario.es\/vertele\/noticias\/noelia-nunez-ficha-mediaset-colaboradora-nacho-abad-en-boca-de-todos_1_12489780.html\" data-mrf-recirculation=\"links-noticia\" class=\"link\" rel=\"nofollow noopener\" target=\"_blank\">En boca de todos<\/a>. No s\u00e9 yo\u201d.\n    <\/p>\n<blockquote class=\"twitter-tweet\" data-lang=\"es\"><p><a href=\"https:\/\/twitter.com\/X\/status\/1948304901072679136?ref_src=twsrc%5Etfw\" rel=\"nofollow noopener\" target=\"_blank\"><\/p><\/blockquote>\n<p class=\"article-text\">\n        Y el presentador argumenta sus dudas sobre el nuevo reto de N\u00fa\u00f1ez: \u201cSe lamentaba del sufrimiento que le hab\u00eda ocasionado a sus padres. Que los hab\u00eda visto llorar, dice. Es bastante probable que<strong> sigan llorando cuando destrocen sin piedad a su hija en las tertulias <\/strong>porque ahora mismo Noelia N\u00fa\u00f1ez tiene dif\u00edcil escapatoria en una mesa de debate\u201d.\n    <\/p>\n<p>    <a href=\"https:\/\/www.eldiario.es\/vertele\/noticias\/joaquin-prat-lanza-peticion-ver-trato-portadas-terelu-mar-flores-no-gusta_1_12503673.html\" data-mrf-recirculation=\"saber-mas-abajo\" data-dl-event=\"saber-mas-abajo\" rel=\"nofollow noopener\" target=\"_blank\"><\/p>\n<p class=\"know-more__title\">Joaqu\u00edn Prat lanza una petici\u00f3n a &#8216;Vamos a ver&#8217; por su trato a las portadas de Terelu y Mar Flores: \u201cNo me gusta esto\u201d<\/p>\n<p>            <img decoding=\"async\" class=\"lazy\" loading=\"lazy\" data-src=\"https:\/\/static.eldiario.es\/clip\/f1b5f791-5fb6-4735-a388-a47aeb1054b0_16-9-aspect-ratio_default_0.jpg\" src=\"data:image\/svg+xml,%3Csvg xmlns=\" http:=\"\" viewbox=\"0 0 880 495\" alt=\"Joaqu\u00edn Prat lanza una petici\u00f3n a 'Vamos a ver' por su trato a las portadas de Terelu y Mar Flores: &quot;No me gusta esto&quot;\"\/><\/p>\n<p>                        <\/a><\/p>\n<p class=\"article-text\">\n        Para zanjar con una moraleja final: \u201cNo cuela que se presente ahora como un ejemplo de dignidad por<strong> haber dimitido porque lo ha hecho cuando la han pillado.<\/strong> Es como si matas a alguien y utilizas como atenuante que se iba a morir igual. La excusa es fr\u00e1gil\u201d.\n    <\/p>\n<p>                                <script async src=\"https:\/\/platform.twitter.com\/widgets.js\" charset=\"utf-8\"><\/script><\/p>\n","protected":false},"excerpt":{"rendered":"A Jorge Javier V\u00e1zquez le queda a\u00fan un mes de vacaciones, a pesar de haber vuelto ya de&hellip;\n","protected":false},"author":2,"featured_media":15166,"comment_status":"","ping_status":"","sticky":false,"template":"","format":"standard","meta":{"footnotes":""},"categories":[174],"tags":[8601,255,10107,861,2681,146,147,25,10108,24,256,557,5264,2224,2854,2855,23],"class_list":{"0":"post-15165","1":"post","2":"type-post","3":"status-publish","4":"format-standard","5":"has-post-thumbnail","7":"category-famosos","8":"tag-boca","9":"tag-celebrities","10":"tag-consecuencias","11":"tag-dificil","12":"tag-duda","13":"tag-entertainment","14":"tag-entretenimiento","15":"tag-es","16":"tag-escapatoria","17":"tag-espana","18":"tag-famosos","19":"tag-fichaje","20":"tag-javier","21":"tag-jorge","22":"tag-noelia","23":"tag-nunez","24":"tag-spain"},"share_on_mastodon":{"url":"","error":""},"_links":{"self":[{"href":"https:\/\/www.europesays.com\/es\/wp-json\/wp\/v2\/posts\/15165","targetHints":{"allow":["GET"]}}],"collection":[{"href":"https:\/\/www.europesays.com\/es\/wp-json\/wp\/v2\/posts"}],"about":[{"href":"https:\/\/www.europesays.com\/es\/wp-json\/wp\/v2\/types\/post"}],"author":[{"embeddable":true,"href":"https:\/\/www.europesays.com\/es\/wp-json\/wp\/v2\/users\/2"}],"replies":[{"embeddable":true,"href":"https:\/\/www.europesays.com\/es\/wp-json\/wp\/v2\/comments?post=15165"}],"version-history":[{"count":0,"href":"https:\/\/www.europesays.com\/es\/wp-json\/wp\/v2\/posts\/15165\/revisions"}],"wp:featuredmedia":[{"embeddable":true,"href":"https:\/\/www.europesays.com\/es\/wp-json\/wp\/v2\/media\/15166"}],"wp:attachment":[{"href":"https:\/\/www.europesays.com\/es\/wp-json\/wp\/v2\/media?parent=15165"}],"wp:term":[{"taxonomy":"category","embeddable":true,"href":"https:\/\/www.europesays.com\/es\/wp-json\/wp\/v2\/categories?post=15165"},{"taxonomy":"post_tag","embeddable":true,"href":"https:\/\/www.europesays.com\/es\/wp-json\/wp\/v2\/tags?post=15165"}],"curies":[{"name":"wp","href":"https:\/\/api.w.org\/{rel}","templated":true}]}}