{"id":151651,"date":"2025-10-01T23:27:08","date_gmt":"2025-10-01T23:27:08","guid":{"rendered":"https:\/\/www.europesays.com\/es\/151651\/"},"modified":"2025-10-01T23:27:08","modified_gmt":"2025-10-01T23:27:08","slug":"la-feria-del-libro-de-murcia-arranca-con-el-pregon-de-diez-de-revenga-y-dionisia-garcia","status":"publish","type":"post","link":"https:\/\/www.europesays.com\/es\/151651\/","title":{"rendered":"La Feria del Libro de Murcia arranca con el preg\u00f3n de D\u00edez de Revenga y Dionisia Garc\u00eda"},"content":{"rendered":"<p class=\"v-mdl-ath__p v-mdl-ath__p--6\">\nJueves, 2 de octubre 2025, 00:31<\/p>\n<p class=\"v-p\">La Feria del Libro de Murcia 2025 no podr\u00eda tener mejores referentes para el preg\u00f3n de esta edici\u00f3n. La escritora Dionisia Garc\u00eda y el catedr\u00e1tico y profesor em\u00e9rito de Literatura Espa\u00f1ola de la Universidad de Murcia y cronista oficial de Murcia Francisco Javier D\u00edez de Revenga son hoy los encargados de marcar el inicio de una nueva edici\u00f3n de la llamada &#8216;Feria Bonica&#8217;. El Paraninfo del Campus de la Merced de la UMU acoge esta tarde, a las 20:00 horas, este acto que estar\u00e1 moderado por la periodista Lydia Mart\u00edn. Contar\u00e1 con las intervenciones del director de la Feria, Jes\u00fas Boluda del Toro; la concejala de Educaci\u00f3n del Ayuntamiento de Murcia, Bel\u00e9n L\u00f3pez; el director general de Patrimonio Cultural, Patricio S\u00e1nchez L\u00f3pez, y la concejala de Cultura del Ayuntamiento de Molina de Segura (municipio invitado), Mar\u00eda Hern\u00e1ndez, entre otras autoridades.<\/p>\n<p class=\"v-p\">El preg\u00f3n preceder\u00e1 a la inauguraci\u00f3n oficial y recorrido institucional tradicional que se realizar\u00e1 este viernes 3 de octubre, a las 12:00 horas, en la zona de casetas del Paseo Alfonso X El Sabio. El Archivo de Murcia en colaboraci\u00f3n con LA VERDAD, organiza la microexposici\u00f3n &#8216;Cuatro portadas de Ababol&#8217;, donde se expondr\u00e1n a partir de este viernes las obras de la pintora murciana Mar\u00eda Luisa Mart\u00ednez Le\u00f3n, que han sido portadas del semanario de artes, letras y ciencias de LA VERDAD. La muestra estar\u00e1 dedicada a Gabriela Mistral, Mar\u00eda Zambrano, Javier Mar\u00edas y Claudio Magris; y contar\u00e1 con documentaci\u00f3n personal de los escritores, algunos de sus libros, prensa hist\u00f3rica y curiosidades. Podr\u00e1 ser visitada del 3 al 20 de octubre en el hall del Archivo Municipal, situado en el Palacio Almud\u00ed, de 8:30 a 14 horas.<\/p>\n<p>Gervasio Posadas<\/p>\n<p class=\"v-p\">Por otro lado, ayer, Gervasio Posadas, director de la red de salas de \u00c1mbito Cultural de El Corte Ingl\u00e9s y escritor, present\u00f3 en Murcia su \u00faltima novela, &#8216;El fracaso de mi \u00e9xito&#8217; (Espasa), en la antesala de la Feria del Libro, junto al periodista Manuel Madrid. <\/p>\n<p>Comenta<\/p>\n<p>Reporta un error<\/p>\n","protected":false},"excerpt":{"rendered":"Jueves, 2 de octubre 2025, 00:31 La Feria del Libro de Murcia 2025 no podr\u00eda tener mejores referentes&hellip;\n","protected":false},"author":2,"featured_media":151652,"comment_status":"","ping_status":"","sticky":false,"template":"","format":"standard","meta":{"footnotes":""},"categories":[172],"tags":[5881,224,1630,45925,146,147,25,24,599,3142,1496,225,1478,16651,31779,23],"class_list":{"0":"post-151651","1":"post","2":"type-post","3":"status-publish","4":"format-standard","5":"has-post-thumbnail","7":"category-libros","8":"tag-arranca","9":"tag-books","10":"tag-diez","11":"tag-dionisia","12":"tag-entertainment","13":"tag-entretenimiento","14":"tag-es","15":"tag-espana","16":"tag-feria","17":"tag-garcia","18":"tag-libro","19":"tag-libros","20":"tag-murcia","21":"tag-pregon","22":"tag-revenga","23":"tag-spain"},"share_on_mastodon":{"url":"","error":""},"_links":{"self":[{"href":"https:\/\/www.europesays.com\/es\/wp-json\/wp\/v2\/posts\/151651","targetHints":{"allow":["GET"]}}],"collection":[{"href":"https:\/\/www.europesays.com\/es\/wp-json\/wp\/v2\/posts"}],"about":[{"href":"https:\/\/www.europesays.com\/es\/wp-json\/wp\/v2\/types\/post"}],"author":[{"embeddable":true,"href":"https:\/\/www.europesays.com\/es\/wp-json\/wp\/v2\/users\/2"}],"replies":[{"embeddable":true,"href":"https:\/\/www.europesays.com\/es\/wp-json\/wp\/v2\/comments?post=151651"}],"version-history":[{"count":0,"href":"https:\/\/www.europesays.com\/es\/wp-json\/wp\/v2\/posts\/151651\/revisions"}],"wp:featuredmedia":[{"embeddable":true,"href":"https:\/\/www.europesays.com\/es\/wp-json\/wp\/v2\/media\/151652"}],"wp:attachment":[{"href":"https:\/\/www.europesays.com\/es\/wp-json\/wp\/v2\/media?parent=151651"}],"wp:term":[{"taxonomy":"category","embeddable":true,"href":"https:\/\/www.europesays.com\/es\/wp-json\/wp\/v2\/categories?post=151651"},{"taxonomy":"post_tag","embeddable":true,"href":"https:\/\/www.europesays.com\/es\/wp-json\/wp\/v2\/tags?post=151651"}],"curies":[{"name":"wp","href":"https:\/\/api.w.org\/{rel}","templated":true}]}}