{"id":151655,"date":"2025-10-01T23:30:12","date_gmt":"2025-10-01T23:30:12","guid":{"rendered":"https:\/\/www.europesays.com\/es\/151655\/"},"modified":"2025-10-01T23:30:12","modified_gmt":"2025-10-01T23:30:12","slug":"ya-puedes-ver-en-streaming-la-ultima-pelicula-del-maestro-del-body-horror","status":"publish","type":"post","link":"https:\/\/www.europesays.com\/es\/151655\/","title":{"rendered":"ya puedes ver en streaming la \u00faltima pel\u00edcula del maestro del body horror"},"content":{"rendered":"<p class=\"c-paragraph\">En 2018,<b> David Cronenberg<\/b> prometi\u00f3 que estaba trabajando en una serie para Netflix. Pero los a\u00f1os comenzaron a pasar sin que el se\u00f1or de la Nueva Carne hiciese efectiva su alianza con la plataforma roja. Por fin, en <a href=\"https:\/\/www.20minutos.es\/cinemania\/noticias\/festival-cannes-2024-palma-oro-palmares-completo-5322306\/\" rel=\"nofollow noopener\" target=\"_blank\">el Festival de Cannes de 2024<\/a>, volvieron a preguntarle a Cronenberg por aquella serie de <a href=\"https:\/\/www.20minutos.es\/cinemania\/noticias\/netflix-como-ver-mas-series-peliculas-desbloquear-truco-contenido-idioma-5677816\/\" rel=\"nofollow noopener\" target=\"_blank\">Netflix <\/a>que deber\u00eda estar ya m\u00e1s que estrenada y el director canadiense respondi\u00f3 que acababan de verla: en su momento, escribi\u00f3 dos episodios, pero el servicio de streaming no se mostr\u00f3 interesado, as\u00ed que los convirti\u00f3 en pel\u00edcula. Esta se titul\u00f3<b> Los sudarios y acaba de llegar a Espa\u00f1a de la mano de<a href=\"https:\/\/www.20minutos.es\/cinemania\/noticias\/netflix-como-ver-mas-series-peliculas-desbloquear-truco-contenido-idioma-5677816\/\" rel=\"nofollow noopener\" target=\"_blank\"> Filmin<\/a>.<\/b><\/p>\n<p class=\"c-paragraph\">Protagonizada por <b><a href=\"https:\/\/www.20minutos.es\/cinemania\/noticias\/vincent-cassel-athos-tres-mosqueteros-5118461\/\" rel=\"nofollow noopener\" target=\"_blank\">Vincent Cassel<\/a><\/b> (que sustituy\u00f3 a Viggo Mortensen, uno de los actores preferidos de Cronenberg) y<b> Diane Kruger <\/b>(que hizo lo propio con \u00a0L\u00e9a Seydoux, con quien el cineasta tambi\u00e9n trabaj\u00f3 en Cr\u00edmenes del futuro),<b> Los sudarios<\/b> cuenta, adem\u00e1s, con la siempre l\u00facida participaci\u00f3n de <b><a href=\"https:\/\/www.20minutos.es\/cinemania\/noticias\/guy-pearce-se-acuerda-traumatica-experiencia-kevin-spacey-5683410\/\" rel=\"nofollow noopener\" target=\"_blank\">Guy Pearce<\/a> <\/b>y una estimable banda sonora de <b>Howard Shore<\/b> (El se\u00f1or de los anillos), compositor de confianza de David Cronenberg. Juntos, han colaborado en nada menos que 20 pel\u00edculas, entre las que se encuentran varios de los largometrajes m\u00e1s celebrados de Cronenberg, como Promesas del este, Una historia de violencia, Inseparables o La mosca.<\/p>\n<p>\u00bfDe qu\u00e9 trata &#8216;Los sudarios&#8217;?<\/p>\n<p class=\"c-paragraph\">Ya nunca volver\u00e9 a verte. Esta idea atormenta a Karsh, un hombre de negocios de mediana edad que acaba de quedarse viudo. Para suavizar su duelo, dise\u00f1a una tecnolog\u00eda a la que llama GraveTech, que permite a los vivos seguir minuto a minuto la corrupci\u00f3n de sus seres queridos en el interior de las mortajas. Una soluci\u00f3n tan macabra como otra cualquiera para aliviar su dolor.\u00a0<\/p>\n<p class=\"c-paragraph\">La videovigilancia se torna (a\u00fan m\u00e1s) siniestra cuando <b>unos profanadores de tumbas irrumpen en el cementerio y ultrajan varios sepulcros<\/b>, incluido el de la esposa de Karsh. Este, dispuesto a canalizar su dolor en venganza, decide rastrear a los profanadores. Para complicar algo m\u00e1s la situaci\u00f3n desde un punto de vista moral, Karsh mantiene una amistad cada vez m\u00e1s estrecha con la hermena gemela de su mujer, que, como era previsible, acaba empuj\u00e1ndolos a la cama.\u00a0<\/p>\n<p class=\"c-paragraph\"><b>Los sudarios compiti\u00f3 por la Palma de Oro de 2024<\/b>, premio que termin\u00f3 en manos de Sean Baker gracias a Anora y que tambi\u00e9n se disputaron <a href=\"https:\/\/www.20minutos.es\/cinemania\/noticias\/francis-ford-coppola-pelicula-favorita-filmografia-5223264\/\" rel=\"nofollow noopener\" target=\"_blank\">Francis Ford Coppola <\/a>(Megal\u00f3polis), Yorgos Lanthimos (Kinds of Kindness), Paul Schrader (Oh, Canad\u00e1), Andrea Arnold (Bird) o Paolo Sorrentino (Parthenope), entre otros directores.\u00a0\u00a0<\/p>\n","protected":false},"excerpt":{"rendered":"En 2018, David Cronenberg prometi\u00f3 que estaba trabajando en una serie para Netflix. Pero los a\u00f1os comenzaron a&hellip;\n","protected":false},"author":2,"featured_media":151656,"comment_status":"","ping_status":"","sticky":false,"template":"","format":"standard","meta":{"footnotes":""},"categories":[169],"tags":[177,45926,146,147,25,24,176,6827,175,267,23,6879],"class_list":{"0":"post-151655","1":"post","2":"type-post","3":"status-publish","4":"format-standard","5":"has-post-thumbnail","7":"category-cine","8":"tag-cine","9":"tag-david-cronenberg","10":"tag-entertainment","11":"tag-entretenimiento","12":"tag-es","13":"tag-espana","14":"tag-film","15":"tag-filmin","16":"tag-movies","17":"tag-planseo","18":"tag-spain","19":"tag-streaming"},"share_on_mastodon":{"url":"","error":""},"_links":{"self":[{"href":"https:\/\/www.europesays.com\/es\/wp-json\/wp\/v2\/posts\/151655","targetHints":{"allow":["GET"]}}],"collection":[{"href":"https:\/\/www.europesays.com\/es\/wp-json\/wp\/v2\/posts"}],"about":[{"href":"https:\/\/www.europesays.com\/es\/wp-json\/wp\/v2\/types\/post"}],"author":[{"embeddable":true,"href":"https:\/\/www.europesays.com\/es\/wp-json\/wp\/v2\/users\/2"}],"replies":[{"embeddable":true,"href":"https:\/\/www.europesays.com\/es\/wp-json\/wp\/v2\/comments?post=151655"}],"version-history":[{"count":0,"href":"https:\/\/www.europesays.com\/es\/wp-json\/wp\/v2\/posts\/151655\/revisions"}],"wp:featuredmedia":[{"embeddable":true,"href":"https:\/\/www.europesays.com\/es\/wp-json\/wp\/v2\/media\/151656"}],"wp:attachment":[{"href":"https:\/\/www.europesays.com\/es\/wp-json\/wp\/v2\/media?parent=151655"}],"wp:term":[{"taxonomy":"category","embeddable":true,"href":"https:\/\/www.europesays.com\/es\/wp-json\/wp\/v2\/categories?post=151655"},{"taxonomy":"post_tag","embeddable":true,"href":"https:\/\/www.europesays.com\/es\/wp-json\/wp\/v2\/tags?post=151655"}],"curies":[{"name":"wp","href":"https:\/\/api.w.org\/{rel}","templated":true}]}}