{"id":151667,"date":"2025-10-01T23:37:17","date_gmt":"2025-10-01T23:37:17","guid":{"rendered":"https:\/\/www.europesays.com\/es\/151667\/"},"modified":"2025-10-01T23:37:17","modified_gmt":"2025-10-01T23:37:17","slug":"mondiacult-2025-reclama-los-derechos-culturales-como-motor-de-las-politicas-publicas-noticias-de-cataluna","status":"publish","type":"post","link":"https:\/\/www.europesays.com\/es\/151667\/","title":{"rendered":"Mondiacult 2025 reclama los derechos culturales como motor de las pol\u00edticas p\u00fablicas | Noticias de Catalu\u00f1a"},"content":{"rendered":"<p class=\"\">Reivindicar el derecho a algo que forma parte intr\u00ednseca del ser humano puede sonar redundante, pero ese fue precisamente el prop\u00f3sito de <a href=\"https:\/\/www.unesco.org\/es\/mondiacult\" target=\"_self\" rel=\"nofollow noopener\" title=\"https:\/\/www.unesco.org\/es\/mondiacult\">Mondiacult<\/a>, la conferencia de pol\u00edticas culturales de la <a href=\"https:\/\/elpais.com\/noticias\/unesco-organizacion-naciones-unidas-educacion-ciencia-cultura\/\" target=\"_self\" rel=\"nofollow noopener\" title=\"https:\/\/elpais.com\/noticias\/unesco-organizacion-naciones-unidas-educacion-ciencia-cultura\/\">Unesco<\/a> celebrada en Barcelona entre el 29 de septiembre y el 1 de octubre. El encuentro, que reuni\u00f3 m\u00e1s de 160 delegaciones en el <a href=\"https:\/\/ccib.es\/es\/\" target=\"_self\" rel=\"nofollow noopener\" title=\"https:\/\/ccib.es\/es\/\">Centro de Convenciones Internacional de Barcelona (CCIB)<\/a>, ha culminado este mi\u00e9rcoles con la presentaci\u00f3n de un documento final, aprobado por unanimidad, que reclama el reconocimiento de la cultura como un <a href=\"https:\/\/www.un.org\/sustainabledevelopment\/es\/objetivos-de-desarrollo-sostenible\/\" target=\"_self\" rel=\"nofollow noopener\" title=\"https:\/\/www.un.org\/sustainabledevelopment\/es\/objetivos-de-desarrollo-sostenible\/\">Objetivo de Desarrollo Sostenible (OBS)<\/a> de la ONU, junto al acceso a la salud y a la educaci\u00f3n. Adem\u00e1s, el texto tambi\u00e9n fija las prioridades pol\u00edticas globales en el campo cultural para los pr\u00f3ximos cuatro a\u00f1os. <\/p>\n<p class=\"\">El concepto de cultura es tan abstracto como din\u00e1mico, y esa condici\u00f3n estuvo presente en los debates celebrados a lo largo de los \u00faltimos tres d\u00edas. La agenda busc\u00f3 poner sobre la mesa los grandes desaf\u00edos actuales de la humanidad: desde las nuevas tecnolog\u00edas y su impacto en la creaci\u00f3n art\u00edstica, con especial atenci\u00f3n al avance de la <a href=\"https:\/\/elpais.com\/noticias\/inteligencia-artificial\/\" target=\"_self\" rel=\"nofollow noopener\" title=\"https:\/\/elpais.com\/noticias\/inteligencia-artificial\/\">inteligencia artificial<\/a>, hasta la construcci\u00f3n de una cultura de paz como herramienta frente a los conflictos b\u00e9licos y las polarizaciones sociales. Tambi\u00e9n se abord\u00f3 c\u00f3mo prevenir y proteger la cultura y el patrimonio en situaciones de crisis y emergencia y bajo la emergencia<a href=\"https:\/\/www.google.com\/search?client=safari&amp;rls=en&amp;q=cambio+clim\u00e1tico.++el+pais&amp;ie=UTF-8&amp;oe=UTF-8\" target=\"_self\" rel=\"nofollow noopener\" title=\"https:\/\/www.google.com\/search?client=safari&amp;rls=en&amp;q=cambio+clim\u00e1tico.++el+pais&amp;ie=UTF-8&amp;oe=UTF-8\"> clim\u00e1tica.<\/a><\/p>\n<p class=\"\">La votaci\u00f3n del documento final fue aprobado por unanimidad, lo que llev\u00f3 al ministro de Cultura de Espa\u00f1a y presidente anfitri\u00f3n de la cumbre, Ernest Urtasun, a destacar: \u201cHemos trabajado y avanzado juntos para que la cultura sea cada vez m\u00e1s un motor de desarrollo sostenible\u201d. El compromiso firmado por las 160 delegaciones refuerza, sobre todo, la aspiraci\u00f3n de que el derecho a la cultura sea reconocido como un objetivo general de las Naciones Unidas. Mientras la <a href=\"https:\/\/elpais.com\/opinion\/2025-09-22\/la-onu-se-desangra.html\" target=\"_self\" rel=\"nofollow noopener\" title=\"https:\/\/elpais.com\/opinion\/2025-09-22\/la-onu-se-desangra.html\">ONU muestra s\u00edntomas de desgaste en su papel mediador en conflictos <\/a>como la guerra de Gaza, la Unesco ha querido reivindicar desde Mondiacult la vigencia del multilateralismo como herramienta para coordinar respuestas globales. \u201cHa sido m\u00e1s que un f\u00f3rum de di\u00e1logo. Hemos enviado un mensaje al mundo en defensa del <a href=\"https:\/\/elpais.com\/opinion\/2025-07-10\/no-hay-alternativa-al-multilateralismo.html\" target=\"_self\" rel=\"nofollow noopener\" title=\"https:\/\/elpais.com\/opinion\/2025-07-10\/no-hay-alternativa-al-multilateralismo.html\">multilaterialismo<\/a>, como un instrumento de cooperaci\u00f3n internacional frente a los ataques a los derechos internacionales.\u201d, ha afirmado Urtasun.<\/p>\n<p><img decoding=\"auto\" class=\"_re lazyload a_m-h\" height=\"277\"  width=\"414\"  src=\"https:\/\/www.europesays.com\/es\/wp-content\/uploads\/2025\/10\/I7QUW6FEGVL3BILED5WDA426PE.jpg\" loading=\"lazy\"\/>Actividades paralela durante la conferencia de la UNESCO Mondiacult en Barcelona. Quique Garc\u00eda (EFE)Puntos clave del documento <\/p>\n<p class=\"\">M\u00e1s all\u00e1 de subrayar el acceso a la cultura como derecho universal, la declaraci\u00f3n final pone el foco en otros puntos centrales de la agenda pol\u00edtica: la defensa del patrimonio natural, la protecci\u00f3n de la diversidad de los pueblos, la importancia del di\u00e1logo para construir una cultura de paz y la necesidad de seguir reflexionando sobre el impacto de <a href=\"https:\/\/elpais.com\/cultura\/2025-09-30\/margareth-menezes-ministra-de-cultura-de-brasil-en-mondiacult-los-derechos-de-autor-deben-estar-garantizados-con-el-avance-de-la-ia.html\" target=\"_self\" rel=\"nofollow noopener\" title=\"https:\/\/elpais.com\/cultura\/2025-09-30\/margareth-menezes-ministra-de-cultura-de-brasil-en-mondiacult-los-derechos-de-autor-deben-estar-garantizados-con-el-avance-de-la-ia.html\">la inteligencia artificial en la creaci\u00f3n art\u00edstica y en los derechos de autor. <\/a>\u201cEl futuro digital no puede construirse sobre la explotaci\u00f3n de talentos\u201d, ha advertido el ministro espa\u00f1ol.<\/p>\n<p class=\"\">Otra de las reflexiones que cobr\u00f3 fuerza durante el encuentro fue la relaci\u00f3n entre acci\u00f3n clim\u00e1tica y el patrimonio. \u201cSabemos que necesitamos un cambio de comportamiento que implique tambi\u00e9n en cambios culturales\u201d, ha se\u00f1alado el colombiano Jorge Melguizo durante una de las mesas tem\u00e1ticas, al subrayar la necesidad de proteger y regenerar el patrimonio natural en un contexto marcado por el cambio clim\u00e1tico. <\/p>\n<p class=\"\">El subdirector general de Cultura de la Unesco, Ernesto Ottone, ha resaltado la importancia de haber alcanzado un consenso entre pa\u00edses que en otros asuntos \u201cno logran ponerse de acuerdo\u201d. La clave ahora, ha se\u00f1alado, ser\u00e1 convertir la declaraci\u00f3n en acciones concretas, algo que depender\u00e1 de la interlocuci\u00f3n entre los ministerios, o secretar\u00edas, de cultura y los responsables interdisciplinares \u201csea de tecnolog\u00eda o de medioambiente, por ejemplo.\u201d<\/p>\n<p>M\u00e1s informaci\u00f3n<\/p>\n<p class=\"\">Los principales responsables de las pol\u00edticas culturales en todo el mundo se han reunido en tres ocasiones bajo el paraguas de la conferencia Mondiacult. Pasaron m\u00e1s de 40 a\u00f1os hasta que se repitiera la primera cumbre, celebrada en 1982 en M\u00e9xico. A partir de esta edici\u00f3n, la conferencia se celebrar\u00e1 cada cuatro a\u00f1os. \u201cEl informe que producimos nos se\u00f1al\u00f3 que se debate mucho, pero hay poca acci\u00f3n sobre el terreno\u201d, ha afirmado Ottone en una entrevista a la Cadena SER Catalunya en la ma\u00f1ana de este mi\u00e9rcoles. <\/p>\n<p class=\"\">Esta edici\u00f3n de Mondiacult cont\u00f3 tambi\u00e9n con la participaci\u00f3n de representantes de la sociedad civil y con Mondia Youth, una conferencia paralela que reuni\u00f3 a m\u00e1s de 60 j\u00f3venes de todo el mundo para situar a la juventud en el centro del debate cultural que heredar\u00e1n. \u201cEstamos honrados de tener un espacio en Mondiacult que valore nuestra voz y nuestras opiniones\u201d, ha se\u00f1alado una de las representantes del grupo durante la ceremonia de cierredial. Entre las actividades paralelas que se destacaron, en los \u00faltimos tres d\u00edas, est\u00e1 el lanzamiento de <a href=\"https:\/\/www.exteriores.gob.es\/RepresentacionesPermanentes\/unesco\/es\/Comunicacion\/Noticias\/Paginas\/Articulos\/La-UNESCO-lanza-el-primer-Museo-Virtual-de-Bienes-Culturales-Robados-a-escala-mundial,-durante-la-conferencia-MONDIACULT-20.aspx#:~:text=Noticias-,La%20UNESCO%20lanza%20el%20primer%20Museo%20Virtual%20de%20Bienes%20Culturales,durante%20la%20conferencia%20MONDIACULT%202025&amp;text=%E2%80%8BTres%20a\u00f1os%20despu\u00e9s%20de,Virtual%20de%20Bienes%20Culturales%20Robados.\" target=\"_self\" rel=\"nofollow noopener\" title=\"https:\/\/www.exteriores.gob.es\/RepresentacionesPermanentes\/unesco\/es\/Comunicacion\/Noticias\/Paginas\/Articulos\/La-UNESCO-lanza-el-primer-Museo-Virtual-de-Bienes-Culturales-Robados-a-escala-mundial,-durante-la-conferencia-MONDIACULT-20.aspx#:~:text=Noticias-,La%20UNESCO%20lanza%20el%20primer%20Museo%20Virtual%20de%20Bienes%20Culturales,durante%20la%20conferencia%20MONDIACULT%202025&amp;text=%E2%80%8BTres%20a\u00f1os%20despu\u00e9s%20de,Virtual%20de%20Bienes%20Culturales%20Robados.\">un museo virtual de la Unesco dedicado a objetos culturales robados<\/a> y la presentaci\u00f3n del primer Informe Mundial sobre el Estado de la Cultura.<\/p>\n<p class=\"\">Arabia Saud\u00ed ser\u00e1 el pr\u00f3ximo destino de Mondiacult en 2029. Mientras tanto, el ministro Ernest Urtasun ha se\u00f1alado que el compromiso de garantizar la cultura como \u201cmotor del desarrollo sostenible y de los derechos humanos\u201d tendr\u00e1 continuidad en la pr\u00f3xima Conferencia del Clima, la <a href=\"https:\/\/cop30.br\/es\" target=\"_self\" rel=\"nofollow noopener\" title=\"https:\/\/cop30.br\/es\">COP30<\/a>, que se celebrar\u00e1 en la Amazonia brasile\u00f1a el pr\u00f3ximo noviembre, con el objetivo de que la \u201cdeclaraci\u00f3n aprobada se convierta en realidad\u201d. <\/p>\n","protected":false},"excerpt":{"rendered":"Reivindicar el derecho a algo que forma parte intr\u00ednseca del ser humano puede sonar redundante, pero ese fue&hellip;\n","protected":false},"author":2,"featured_media":151668,"comment_status":"","ping_status":"","sticky":false,"template":"","format":"standard","meta":{"footnotes":""},"categories":[8],"tags":[45928,210,17,18,1980,40033,209,28060,25,24,13,14,11,19,20,9,10,15,16,732,6476,45929,23,12,21,22,29804],"class_list":{"0":"post-151667","1":"post","2":"type-post","3":"status-publish","4":"format-standard","5":"has-post-thumbnail","7":"category-espana","8":"tag-agenda-2030","9":"tag-barcelona","10":"tag-breaking-news","11":"tag-breakingnews","12":"tag-cataluna","13":"tag-conferencias","14":"tag-cultura","15":"tag-derechos-civiles","16":"tag-es","17":"tag-espana","18":"tag-featured-news","19":"tag-featurednews","20":"tag-headlines","21":"tag-latest-news","22":"tag-latestnews","23":"tag-news","24":"tag-noticias","25":"tag-noticias-destacadas","26":"tag-noticiasdestacadas","27":"tag-onu","28":"tag-patrimonio-cultural","29":"tag-patrimonio-cultural-inmaterial","30":"tag-spain","31":"tag-titulares","32":"tag-ultimas-noticias","33":"tag-ultimasnoticias","34":"tag-unesco"},"share_on_mastodon":{"url":"","error":""},"_links":{"self":[{"href":"https:\/\/www.europesays.com\/es\/wp-json\/wp\/v2\/posts\/151667","targetHints":{"allow":["GET"]}}],"collection":[{"href":"https:\/\/www.europesays.com\/es\/wp-json\/wp\/v2\/posts"}],"about":[{"href":"https:\/\/www.europesays.com\/es\/wp-json\/wp\/v2\/types\/post"}],"author":[{"embeddable":true,"href":"https:\/\/www.europesays.com\/es\/wp-json\/wp\/v2\/users\/2"}],"replies":[{"embeddable":true,"href":"https:\/\/www.europesays.com\/es\/wp-json\/wp\/v2\/comments?post=151667"}],"version-history":[{"count":0,"href":"https:\/\/www.europesays.com\/es\/wp-json\/wp\/v2\/posts\/151667\/revisions"}],"wp:featuredmedia":[{"embeddable":true,"href":"https:\/\/www.europesays.com\/es\/wp-json\/wp\/v2\/media\/151668"}],"wp:attachment":[{"href":"https:\/\/www.europesays.com\/es\/wp-json\/wp\/v2\/media?parent=151667"}],"wp:term":[{"taxonomy":"category","embeddable":true,"href":"https:\/\/www.europesays.com\/es\/wp-json\/wp\/v2\/categories?post=151667"},{"taxonomy":"post_tag","embeddable":true,"href":"https:\/\/www.europesays.com\/es\/wp-json\/wp\/v2\/tags?post=151667"}],"curies":[{"name":"wp","href":"https:\/\/api.w.org\/{rel}","templated":true}]}}