{"id":151669,"date":"2025-10-01T23:38:15","date_gmt":"2025-10-01T23:38:15","guid":{"rendered":"https:\/\/www.europesays.com\/es\/151669\/"},"modified":"2025-10-01T23:38:15","modified_gmt":"2025-10-01T23:38:15","slug":"el-ayuntamiento-reune-a-mas-de-300-personas-mayores-para-celebrar-el-dia-internacional-de-las-personas-de-edad-actualidad","status":"publish","type":"post","link":"https:\/\/www.europesays.com\/es\/151669\/","title":{"rendered":"El Ayuntamiento re\u00fane a m\u00e1s de 300 personas mayores para celebrar el D\u00eda Internacional de las Personas de Edad \u2014 Actualidad"},"content":{"rendered":"<p>El Ayuntamiento de Sevilla ha celebrado este mi\u00e9rcoles, en el Hogar Virgen de los Reyes, un acto de reconocimiento a vecinos de distintos barrios de la ciudad con motivo del D\u00eda Internacional de las Personas de Edad, en el que han participado m\u00e1s de 300 mayores.<\/p>\n<p>En este sentido, el delegado de Barrios y Colectivos de Atenci\u00f3n Preferente, Jos\u00e9 Luis Garc\u00eda, ha subrayado que \u201cesta jornada es una oportunidad para reconocer p\u00fablicamente la entrega, la experiencia y la sabidur\u00eda de quienes han dedicado su vida a construir ciudad, barrio a barrio, familia a familia. Hoy queremos lanzar un mensaje claro: las personas de edad no son el pasado, son presente y futuro de Sevilla. Gracias a ellas tenemos una ciudad m\u00e1s solidaria, m\u00e1s sabia y m\u00e1s humana\u201d.<\/p>\n<p>Durante la jornada, se ha rendido homenaje a sevillanas y sevillanos que han destacado por su compromiso vecinal y social. Entre ellos, Mar\u00eda Madue\u00f1o, con 25 a\u00f1os entregados al voluntariado en el Pol\u00edgono San Pablo; Teresa Garc\u00eda, con 18 a\u00f1os acompa\u00f1ando a otras personas mayores en talleres y manualidades; Pilar Heredia Moreno, trianera comprometida con la justicia social; y referentes del movimiento vecinal como Patrocinio Calvo, \u00c1ngeles Ortiz, Elo\u00edsa Oca\u00f1a, Isabel Escudero, Natividad Peinado y Mar\u00eda Dolores Alonso, con m\u00e1s de dos d\u00e9cadas de dedicaci\u00f3n.<\/p>\n<p>Tambi\u00e9n han sido reconocidos Benita Balsera, por su servicio a menores en la Asociaci\u00f3n Entre Amigos; Antonio Moreno y Antonio Mora, por su compromiso comunitario; y Tony Olmo, de la Asociaci\u00f3n Mujeres Giralda, creadora de un espacio de encuentro y apoyo para mujeres. En reconocimiento p\u00f3stumo, se ha homenajeado a Francisco G\u00f3mez Corrales, por su compromiso social. Igualmente, han recibido reconocimiento Salvador Mu\u00f1iz, conocido como el gran conseguidor por su perseverancia en defensa de la dignidad de su gente; y Loli Alcaide, con m\u00e1s de 40 a\u00f1os de lucha por la igualdad y el bienestar de las mujeres.<\/p>\n<p>\u201cEstos nombres y estas historias representan lo mejor de Sevilla: personas que han hecho de la solidaridad, del compromiso y de la entrega su manera de vivir. Reconocer a nuestras personas mayores es, al mismo tiempo, reconocer la esencia y la identidad de nuestra ciudad\u201d, ha se\u00f1alado el delegado.<\/p>\n<p>Seguidamente, y en el teatro del mismo Hogar Virgen de los Reyes, ha tenido lugar la representaci\u00f3n teatral Orgullo Vieja, interpretada por el grupo Las Reinas de Triana, mujeres de entre 65 y 97 a\u00f1os que han reivindicado, desde el humor y el espect\u00e1culo, la visibilidad y el respeto que merecen las personas de edad.<\/p>\n<p>Estas actividades continuar\u00e1n el pr\u00f3ximo d\u00eda 4 de octubre con el acto de reconocimiento a entidades que destacan en la prevenci\u00f3n y atenci\u00f3n de la soledad no desead. Esta cita contar\u00e1 con la actuaci\u00f3n de la Banda Sinf\u00f3nica Municipal de Sevilla y de la artista Imperio Reina, y concluir\u00e1 con un almuerzo de convivencia.<\/p>\n<p>\u00a0<\/p>\n<p><strong>Campa\u00f1a por el D\u00eda de las Personas de Edad<\/strong><\/p>\n<p>Estas acciones se enmarcan en la campa\u00f1a municipal con motivo del D\u00eda Internacional de las Personas de Edad, con una imagen protagonizada por Guadalupe Fi\u00f1ana, m\u00e1s conocida como Abuela de Dragones.<\/p>\n<p>Bajo el lema \u201c\u00bfQu\u00e9 se le dice al aburrimiento? Hoy no. \u00bfQu\u00e9 se le dice a la soledad? Hoy no. \u00bfQu\u00e9 se le dice al pesimismo? Hoy no\u201d, la campa\u00f1a estar\u00e1 activa del 1 al 15 de octubre, con presencia en banderolas y mupis en arterias emblem\u00e1ticas de la ciudad como la Avenida de la Buhaira, Avenida de La Palmera, Carretera de Carmona o Kansas City, as\u00ed como en taxis y medios de comunicaci\u00f3n locales.<\/p>\n<p><strong>\u00a0<\/strong><\/p>\n<p><strong>Programa de Talleres para Mayores<\/strong><\/p>\n<p>En este sentido, el Ayuntamiento tambi\u00e9n ha puesto en marcha recientemente el nuevo Programa de actividades para la promoci\u00f3n y prevenci\u00f3n de la exclusi\u00f3n social de las personas mayores en toda la red de Centros de Servicios Sociales. \u201cRecuperamos unos talleres que llevaban siete a\u00f1os paralizados por el anterior gobierno socialista y lo hacemos con un enfoque actual y \u00fatil, con m\u00e1s compa\u00f1\u00eda, m\u00e1s actividad, m\u00e1s salud y menos soledad no deseada\u201d, ha se\u00f1alado el edil.<\/p>\n<p>La cobertura prevista alcanza a un total de 3300 personas mayores: 2100 participar\u00e1n en los diferentes m\u00f3dulos y 1200 en el aula de mayores del territorio Nervi\u00f3n &#8211; San Pablo &#8211; Santa Justa. En el marco de esta aula se impartir\u00e1n por personas voluntarias m\u00f3dulos culturales, de ocio, de formaci\u00f3n, de manualidades o de crecimiento personal.<\/p>\n<p>La selecci\u00f3n de participantes se realiza desde los Centros de Servicios Sociales, priorizando a personas mayores de 60 a\u00f1os (o pensionistas por invalidez desde 55) con indicadores de vulnerabilidad como aislamiento social, dependencia reconocida, edad avanzada, deterioro f\u00edsico o cognitivo, duelo o baja red de apoyos.<\/p>\n<p>Este programa \u2014 que cuenta con una dotaci\u00f3n de 4.997.306,04\u00a0\u20ac y una duraci\u00f3n de dos a\u00f1os\u2014 combina intervenci\u00f3n individual, grupal y comunitaria para favorecer el envejecimiento activo, la autonom\u00eda y la participaci\u00f3n social. Incluye m\u00f3dulos de autoestima, risoterapia, gesti\u00f3n emocional, memoria, nuevas tecnolog\u00edas y gimnasia adaptada; adem\u00e1s de un bloque de convivencia con actividades culturales y de ocio saludable, y una l\u00ednea espec\u00edfica de detecci\u00f3n y acompa\u00f1amiento a mayores en situaci\u00f3n de soledad no deseada.<\/p>\n<p>El plazo de inscripci\u00f3n permanece abierto desde el 22 de septiembre y hasta el 17 de octubre en la sede electr\u00f3nica del Ayuntamiento o de forma presencial en el centro de Servicios Sociales correspondiente, en el Registro General del Ayuntamiento (Plazo de San Sebasti\u00e1n, 1) o en los registros auxiliares de los distritos.<\/p>\n<p>M\u00e1s informaci\u00f3n y anexos: <a href=\"https:\/\/www.sevilla.org\/servicios\/servicios-sociales\/programa-de-mayores\" rel=\"nofollow noopener\" target=\"_blank\">https:\/\/www.sevilla.org\/servicios\/servicios-sociales\/programa-de-mayores<\/a><\/p>\n","protected":false},"excerpt":{"rendered":"El Ayuntamiento de Sevilla ha celebrado este mi\u00e9rcoles, en el Hogar Virgen de los Reyes, un acto de&hellip;\n","protected":false},"author":2,"featured_media":151670,"comment_status":"","ping_status":"","sticky":false,"template":"","format":"standard","meta":{"footnotes":""},"categories":[5],"tags":[17,18,25,24,13,14,11,19,20,9,10,15,16,23,12,21,22],"class_list":{"0":"post-151669","1":"post","2":"type-post","3":"status-publish","4":"format-standard","5":"has-post-thumbnail","7":"category-titulares","8":"tag-breaking-news","9":"tag-breakingnews","10":"tag-es","11":"tag-espana","12":"tag-featured-news","13":"tag-featurednews","14":"tag-headlines","15":"tag-latest-news","16":"tag-latestnews","17":"tag-news","18":"tag-noticias","19":"tag-noticias-destacadas","20":"tag-noticiasdestacadas","21":"tag-spain","22":"tag-titulares","23":"tag-ultimas-noticias","24":"tag-ultimasnoticias"},"share_on_mastodon":{"url":"","error":""},"_links":{"self":[{"href":"https:\/\/www.europesays.com\/es\/wp-json\/wp\/v2\/posts\/151669","targetHints":{"allow":["GET"]}}],"collection":[{"href":"https:\/\/www.europesays.com\/es\/wp-json\/wp\/v2\/posts"}],"about":[{"href":"https:\/\/www.europesays.com\/es\/wp-json\/wp\/v2\/types\/post"}],"author":[{"embeddable":true,"href":"https:\/\/www.europesays.com\/es\/wp-json\/wp\/v2\/users\/2"}],"replies":[{"embeddable":true,"href":"https:\/\/www.europesays.com\/es\/wp-json\/wp\/v2\/comments?post=151669"}],"version-history":[{"count":0,"href":"https:\/\/www.europesays.com\/es\/wp-json\/wp\/v2\/posts\/151669\/revisions"}],"wp:featuredmedia":[{"embeddable":true,"href":"https:\/\/www.europesays.com\/es\/wp-json\/wp\/v2\/media\/151670"}],"wp:attachment":[{"href":"https:\/\/www.europesays.com\/es\/wp-json\/wp\/v2\/media?parent=151669"}],"wp:term":[{"taxonomy":"category","embeddable":true,"href":"https:\/\/www.europesays.com\/es\/wp-json\/wp\/v2\/categories?post=151669"},{"taxonomy":"post_tag","embeddable":true,"href":"https:\/\/www.europesays.com\/es\/wp-json\/wp\/v2\/tags?post=151669"}],"curies":[{"name":"wp","href":"https:\/\/api.w.org\/{rel}","templated":true}]}}