{"id":151673,"date":"2025-10-01T23:40:38","date_gmt":"2025-10-01T23:40:38","guid":{"rendered":"https:\/\/www.europesays.com\/es\/151673\/"},"modified":"2025-10-01T23:40:38","modified_gmt":"2025-10-01T23:40:38","slug":"estos-son-los-nombres-que-suenan-con-debutar-en-madrid-tras-un-certamen-renido-y-vibrante","status":"publish","type":"post","link":"https:\/\/www.europesays.com\/es\/151673\/","title":{"rendered":"Estos son los nombres que sue\u00f1an con debutar en Madrid tras un certamen re\u00f1ido y vibrante"},"content":{"rendered":"<p>El certamen <a title=\"&quot;Camino hacia Las Ventas&quot;\" href=\"https:\/\/www.larazon.es\/cultura\/toros\/futuro-toreo-tiene-hoja-ruta-sorteado-camino-ventas_20250601683c583d7b27927d3db7f6b2.html\" target=\"_blank\" rel=\"nofollow noopener\">\u00abCamino hacia Las Ventas\u00bb<\/a> se acerca a su desenlace con una n\u00f3mina de j\u00f3venes nombres que han dejado claro que <strong data-start=\"1282\" data-end=\"1342\">el relevo generacional del toreo est\u00e1 m\u00e1s vivo que nunca<\/strong>. La \u00faltima novillada clasificatoria, celebrada en Boadilla del Monte, ha terminado de perfilar a los finalistas que buscar\u00e1n la gloria el pr\u00f3ximo jueves 9 de octubre, en plena <a title=\"Feria de Oto\u00f1o\" href=\"https:\/\/www.larazon.es\/tags\/feria-de-otono\/\" target=\"_blank\" rel=\"nofollow noopener\">Feria de Oto\u00f1o<\/a>, en el templo de la tauromaquia madrile\u00f1a.<\/p>\n<p><strong data-start=\"1552\" data-end=\"1572\">Samuel Castrej\u00f3n<\/strong>, de la Escuela Yiyo, ha sido una de las grandes revelaciones del ciclo. Con solo dos actuaciones, ha conquistado al jurado con una media de <strong data-start=\"1713\" data-end=\"1728\">6,89 puntos<\/strong>, destacando en <strong data-start=\"1744\" data-end=\"1772\">aptitud art\u00edstica (7,47)<\/strong> y <strong data-start=\"1775\" data-end=\"1794\">ambici\u00f3n (7,02)<\/strong>. Su actuaci\u00f3n ante el cuarto novillo de Los Ma\u00f1os, premiado con la vuelta al ruedo, fue una aut\u00e9ntica declaraci\u00f3n de intenciones: <strong data-start=\"1925\" data-end=\"1996\">naturalidad, clase y gusto, con una madurez poco com\u00fan para su edad<\/strong>.<\/p>\n<p>El l\u00edder de la clasificaci\u00f3n, sin embargo, es <strong data-start=\"2045\" data-end=\"2064\">Ignacio Garibay<\/strong>, tambi\u00e9n de la Escuela Yiyo, que ha brillado con una puntuaci\u00f3n media de <strong data-start=\"2138\" data-end=\"2146\">7,63<\/strong>. Su regularidad, solidez con la espada y entrega le han convertido en <strong data-start=\"2217\" data-end=\"2256\">el torero m\u00e1s completo del certamen<\/strong>, y uno de los nombres que ya suena con fuerza para mayores empresas.<\/p>\n<p><strong data-start=\"2327\" data-end=\"2342\">Pedro G\u00f3mez<\/strong>, de la Escuela de Galapagar, completa el tr\u00edo de cabeza con un perfil de torero explosivo, que ha demostrado que <strong data-start=\"2456\" data-end=\"2510\">la ambici\u00f3n puede ser tan decisiva como la t\u00e9cnica<\/strong>. Con una nota de <strong data-start=\"2528\" data-end=\"2536\">6,85<\/strong>, ha sido una de las sorpresas m\u00e1s agradables del certamen.<\/p>\n<p>M\u00e1s all\u00e1 de los n\u00fameros, el ciclo ha dejado faenas memorables, como las de <strong data-start=\"2672\" data-end=\"2690\">Julio Aparicio<\/strong> \u2014hijo del m\u00edtico maestro hom\u00f3nimo\u2014, que mostr\u00f3 chispazos de arte en su paso por el ruedo. Aunque su puntuaci\u00f3n final (6,26) le deja fuera del podio, <strong data-start=\"2840\" data-end=\"2897\">su concepto del toreo ha calado entre los aficionados<\/strong>. Lo mismo puede decirse de <strong data-start=\"2925\" data-end=\"2943\">Joaqu\u00edn Manzur<\/strong>, que pese a cerrar la clasificaci\u00f3n, dej\u00f3 destellos de actitud y ganas que no pasaron desapercibidos.<\/p>\n<p><strong data-start=\"3047\" data-end=\"3127\">La gran final en <a title=\"Las Ventas\" href=\"https:\/\/www.larazon.es\/tags\/las-ventas\/\" target=\"_blank\" rel=\"nofollow noopener\">Las Ventas<\/a> no ser\u00e1 solo un premio, sino un escaparate clave<\/strong> para los novilleros que sue\u00f1an con abrirse paso en un circuito cada vez m\u00e1s exigente. Lo que comenz\u00f3 como un certamen formativo ha terminado por convertirse en <strong data-start=\"3288\" data-end=\"3321\">un term\u00f3metro del toreo joven<\/strong>, donde <strong data-start=\"3329\" data-end=\"3403\">los valores cl\u00e1sicos se mezclan con nuevas formas de entender la lidia<\/strong>, y donde <strong data-start=\"3413\" data-end=\"3489\">cada pase puede ser el primero de una carrera o el \u00faltimo de una ilusi\u00f3n<\/strong>.<\/p>\n","protected":false},"excerpt":{"rendered":"El certamen \u00abCamino hacia Las Ventas\u00bb se acerca a su desenlace con una n\u00f3mina de j\u00f3venes nombres que&hellip;\n","protected":false},"author":2,"featured_media":151674,"comment_status":"","ping_status":"","sticky":false,"template":"","format":"standard","meta":{"footnotes":""},"categories":[277],"tags":[373,168,25,24,23,167,374],"class_list":{"0":"post-151673","1":"post","2":"type-post","3":"status-publish","4":"format-standard","5":"has-post-thumbnail","7":"category-toreo","8":"tag-bullfighting","9":"tag-deportes","10":"tag-es","11":"tag-espana","12":"tag-spain","13":"tag-sports","14":"tag-toreo"},"share_on_mastodon":{"url":"","error":""},"_links":{"self":[{"href":"https:\/\/www.europesays.com\/es\/wp-json\/wp\/v2\/posts\/151673","targetHints":{"allow":["GET"]}}],"collection":[{"href":"https:\/\/www.europesays.com\/es\/wp-json\/wp\/v2\/posts"}],"about":[{"href":"https:\/\/www.europesays.com\/es\/wp-json\/wp\/v2\/types\/post"}],"author":[{"embeddable":true,"href":"https:\/\/www.europesays.com\/es\/wp-json\/wp\/v2\/users\/2"}],"replies":[{"embeddable":true,"href":"https:\/\/www.europesays.com\/es\/wp-json\/wp\/v2\/comments?post=151673"}],"version-history":[{"count":0,"href":"https:\/\/www.europesays.com\/es\/wp-json\/wp\/v2\/posts\/151673\/revisions"}],"wp:featuredmedia":[{"embeddable":true,"href":"https:\/\/www.europesays.com\/es\/wp-json\/wp\/v2\/media\/151674"}],"wp:attachment":[{"href":"https:\/\/www.europesays.com\/es\/wp-json\/wp\/v2\/media?parent=151673"}],"wp:term":[{"taxonomy":"category","embeddable":true,"href":"https:\/\/www.europesays.com\/es\/wp-json\/wp\/v2\/categories?post=151673"},{"taxonomy":"post_tag","embeddable":true,"href":"https:\/\/www.europesays.com\/es\/wp-json\/wp\/v2\/tags?post=151673"}],"curies":[{"name":"wp","href":"https:\/\/api.w.org\/{rel}","templated":true}]}}