{"id":151677,"date":"2025-10-01T23:43:16","date_gmt":"2025-10-01T23:43:16","guid":{"rendered":"https:\/\/www.europesays.com\/es\/151677\/"},"modified":"2025-10-01T23:43:16","modified_gmt":"2025-10-01T23:43:16","slug":"el-tenista-llega-a-salamanca-con-mas-secretismo-que-los-reyes","status":"publish","type":"post","link":"https:\/\/www.europesays.com\/es\/151677\/","title":{"rendered":"El tenista llega a Salamanca con m\u00e1s &#8216;secretismo&#8217; que los reyes"},"content":{"rendered":"<p><a class=\"v-mdl-ath__fig-a\" href=\"https:\/\/www.lagacetadesalamanca.es\/autor\/angel-benito-6033.html\" title=\"\u00c1ngel Benito\" rel=\"nofollow noopener\" target=\"_blank\"><br \/>\n<img decoding=\"async\" class=\"v-mdl-ath__img\" src=\"https:\/\/www.europesays.com\/es\/wp-content\/uploads\/2025\/10\/autor-6033-foto-1.png\" alt=\"\u00c1ngel Benito\"\/><br \/>\n<\/a><\/p>\n<p class=\"v-mdl-ath__p v-mdl-ath__p--6\">\nMi\u00e9rcoles, 1 de octubre 2025, 06:15<\/p>\n<p>| Actualizado 19:31h.<\/p>\n<p class=\"v-p\">La <strong>Universidad de Salamanca<\/strong> se prepara para vivir uno de los actos acad\u00e9micos m\u00e1s esperados de los \u00faltimos a\u00f1os: la<strong> investidura como doctor honoris causa de Rafael Nadal.<\/strong> El tenista balear llegar\u00e1 este jueves a la ciudad en un ambiente de gran expectaci\u00f3n y secretismo, <strong>acompa\u00f1ado de familiares y amigos<\/strong> y con una agenda que la instituci\u00f3n mantiene<strong> bajo estricta discreci\u00f3n.<\/strong><\/p>\n<p class=\"v-p\">El deportista aterrizar\u00e1 en el aeropuerto de Matac\u00e1n en la tarde del jueves, aunque <strong>todav\u00eda no est\u00e1 confirmado si participar\u00e1 ese mismo d\u00eda en el tradicional ensayo del honoris en el Paraninfo o si lo har\u00e1 el viernes por la ma\u00f1ana,<\/strong> horas antes de la ceremonia oficial. Este hermetismo ha contribuido a incrementar el inter\u00e9s por los movimientos del deportista, cuya presencia en Salamanca trasciende lo acad\u00e9mico y alcanza una dimensi\u00f3n social.<\/p>\n<p class=\"v-p\">Para la ciudadan\u00eda,<strong> el Patio de Escuelas ser\u00e1 uno de los espacios clave para coincidir con el nuevo doctor honoris causa.<\/strong> Sin embargo, persiste la inc\u00f3gnita sobre si el esperado pase\u00edllo se desarrollar\u00e1 en el exterior, a las puertas de las Escuelas Mayores, o dentro del Edificio Hist\u00f3rico, lo que limitar\u00eda las posibilidades de ver de cerca a la figura internacional del tenis. Lo habitual es que atraviese el espacio situado junto a la Fachada Rica de la Universidad con los doctores revestidos de traje acad\u00e9mico. Solo en raras ocasiones se ha hecho en el interior del Edificio Hist\u00f3rico, motivado sobre todo por razones climatol\u00f3gicas.<\/p>\n<p class=\"v-p\">La propuesta de nombrar a Nadal fue defendida en su d\u00eda por el decano de la Facultad de Educaci\u00f3n, Ricardo Canal, quien lo defini\u00f3 como \u00abuno de los mejores deportistas de todos los tiempos\u00bb y destac\u00f3 que el reconocimiento no se debe solo a sus logros deportivos, sino a su condici\u00f3n de ejemplo de valores. Canal subray\u00f3 la disciplina, la humildad, la sencillez, la perseverancia y el compromiso con la excelencia como virtudes que encarna el tenista y que la Universidad comparte en su misi\u00f3n formativa.<strong> El padrino de Nadal en la ceremonia ser\u00e1 el propio Canal, y ser\u00e1 \u00e9l quien le imponga el birrete azul de la Facultad de Educaci\u00f3n.<\/strong><\/p>\n<p class=\"v-p\"><strong>La ceremonia est\u00e1 previsto que comience a las 12:00 horas<\/strong> y para aquellos que no quieran perderse una ocasi\u00f3n hist\u00f3rica tambi\u00e9n se retransmitir\u00e1 en directo a trav\u00e9s de la web de la Universidad (<a href=\"https:\/\/usal.es\/\" target=\"_blank\" data-voc-vtm-id=\"in-text-traffic\" title=\"www.usal.es\" data-mrf-link=\"usal.es\" rel=\"nofollow noopener\">www.usal.es<\/a>). La solemne celebraci\u00f3n se desarrollar\u00e1 <strong>conforme al antiguo ceremonial en lat\u00edn en el Paraninfo de las Escuelas Mayores<\/strong>, que apenas ha variado en siglos.<\/p>\n<p class=\"v-p\">Una vez en el Paraninfo, Canal ir\u00e1 a buscar a Nadal, que aguarda en el exterior, y pronunciar\u00e1 el elogio del tenista y solicitar\u00e1 para \u00e9l el grado de doctor, que el rector conceder\u00e1 de manera solemne. A continuaci\u00f3n, se impondr\u00e1n las insignias:<strong> primero el birrete azul de Educaci\u00f3n, despu\u00e9s el anillo y, finalmente, el libro que simboliza el acceso al conocimiento.<\/strong><\/p>\n<p class=\"v-p\">Conducido a su asiento en el estrado, <strong>Nadal recibir\u00e1 el abrazo de su padrino, el del rector y el del resto de doctores, en un rito que se acompa\u00f1a con el sonido de las chirim\u00edas.<\/strong> Tras prestar juramento ante el Claustro, el rector le impondr\u00e1 la medalla que le incorpora al Colegio de Doctores de la Universidad de Salamanca, con todos los honores. Nadal tomar\u00e1 entonces la palabra para pronunciar un breve discurso de agradecimiento.<\/p>\n<p class=\"v-p\"><strong>El acto concluir\u00e1 con el Gaudeamus Igitur entonado por el Coro Universitario y la tradicional exclamaci\u00f3n de \u00ab\u00a1V\u00edtor!\u00bb a la Universidad,<\/strong> antes de que la comitiva se traslade al Sal\u00f3n de Claustros. All\u00ed, el rector entregar\u00e1 a Nadal el pergamino acreditativo de su doctorado. Concluir\u00e1 con el vino dulce y el mazap\u00e1n del color azul de Educaci\u00f3n.<\/p>\n<p>Comenta<\/p>\n<p>Reporta un error<\/p>\n","protected":false},"excerpt":{"rendered":"Mi\u00e9rcoles, 1 de octubre 2025, 06:15 | Actualizado 19:31h. La Universidad de Salamanca se prepara para vivir uno&hellip;\n","protected":false},"author":2,"featured_media":151678,"comment_status":"","ping_status":"","sticky":false,"template":"","format":"standard","meta":{"footnotes":""},"categories":[274],"tags":[168,25,24,5012,3489,3051,3614,45930,23,167,327,326],"class_list":{"0":"post-151677","1":"post","2":"type-post","3":"status-publish","4":"format-standard","5":"has-post-thumbnail","7":"category-tenis","8":"tag-deportes","9":"tag-es","10":"tag-espana","11":"tag-llega","12":"tag-nadal","13":"tag-reyes","14":"tag-salamanca","15":"tag-secretismo","16":"tag-spain","17":"tag-sports","18":"tag-tenis","19":"tag-tennis"},"share_on_mastodon":{"url":"","error":""},"_links":{"self":[{"href":"https:\/\/www.europesays.com\/es\/wp-json\/wp\/v2\/posts\/151677","targetHints":{"allow":["GET"]}}],"collection":[{"href":"https:\/\/www.europesays.com\/es\/wp-json\/wp\/v2\/posts"}],"about":[{"href":"https:\/\/www.europesays.com\/es\/wp-json\/wp\/v2\/types\/post"}],"author":[{"embeddable":true,"href":"https:\/\/www.europesays.com\/es\/wp-json\/wp\/v2\/users\/2"}],"replies":[{"embeddable":true,"href":"https:\/\/www.europesays.com\/es\/wp-json\/wp\/v2\/comments?post=151677"}],"version-history":[{"count":0,"href":"https:\/\/www.europesays.com\/es\/wp-json\/wp\/v2\/posts\/151677\/revisions"}],"wp:featuredmedia":[{"embeddable":true,"href":"https:\/\/www.europesays.com\/es\/wp-json\/wp\/v2\/media\/151678"}],"wp:attachment":[{"href":"https:\/\/www.europesays.com\/es\/wp-json\/wp\/v2\/media?parent=151677"}],"wp:term":[{"taxonomy":"category","embeddable":true,"href":"https:\/\/www.europesays.com\/es\/wp-json\/wp\/v2\/categories?post=151677"},{"taxonomy":"post_tag","embeddable":true,"href":"https:\/\/www.europesays.com\/es\/wp-json\/wp\/v2\/tags?post=151677"}],"curies":[{"name":"wp","href":"https:\/\/api.w.org\/{rel}","templated":true}]}}