{"id":151679,"date":"2025-10-01T23:44:14","date_gmt":"2025-10-01T23:44:14","guid":{"rendered":"https:\/\/www.europesays.com\/es\/151679\/"},"modified":"2025-10-01T23:44:14","modified_gmt":"2025-10-01T23:44:14","slug":"la-elite-del-ciclismo-femenino-tiene-sus-miras-puestas-en-eibar-este-domingo","status":"publish","type":"post","link":"https:\/\/www.europesays.com\/es\/151679\/","title":{"rendered":"La \u00e9lite del ciclismo femenino tiene sus miras puestas en Eibar este domingo"},"content":{"rendered":"<p>\n        La villa armera ser\u00e1 el marco del \u00abVII Gran Premio Ciudad de<a href=\"https:\/\/www.noticiasdegipuzkoa.eus\/tags\/eibar\/\" title=\"Eibar\" target=\"_blank\" class=\"link copy\" rel=\"nofollow noopener\"> Eibar<\/a>-Laboral Kutxa Saria\u00bb de categor\u00eda UCI Women\u00b4s 1.0 Pro Series el domingo, 5 de octubre.\n<\/p>\n<p>  Prueba de primer nivel<\/p>\n<p class=\"article-body__text \">\n        La prueba organizada por el <a href=\"https:\/\/clubciclistaeibarres.org\/\" title=\"Club Ciclista Eibarr\u00e9s\" rel=\"nofollow noopener\" target=\"_blank\" class=\"link copy\">Club Ciclista Eibarr\u00e9s<\/a> convertir\u00e1 a Eibar en punto de referencia del <a href=\"https:\/\/www.noticiasdegipuzkoa.eus\/tags\/ciclismo\/\" title=\"ciclismo\" target=\"_blank\" class=\"link copy\" rel=\"nofollow noopener\">ciclismo<\/a> femenino a nivel internacional.\n<\/p>\n<p class=\"article-body__text \">\n        El VII Gran Premio Ciudad de Eibar-Laboral Kutxa Saria contar\u00e1 con la presencia de la <strong>\u00e9lite<\/strong> de este deporte, tal y como se se\u00f1al\u00f3 en el acto de presentaci\u00f3n de la carrera, que tuvo lugar en el sal\u00f3n de plenos del<a href=\"https:\/\/www.eibar.eus\/eu\" title=\"Ayuntamiento\" rel=\"nofollow noopener\" target=\"_blank\" class=\"link copy\"> Ayuntamiento<\/a>.\n<\/p>\n<p class=\"article-photo__footer\">\n            Presentaci\u00f3n de la sexta edici\u00f3n de la prueba en el sal\u00f3n de plenos del ayuntamiento de Eibar.            Udala        <\/p>\n<p>  Ixua, como juez<\/p>\n<p class=\"article-body__text \">\n        La presentaci\u00f3n de los equipos en <strong>Untzaga<\/strong> a las 8.30 de la ma\u00f1ana, dar\u00e1 paso a la salida, que tendr\u00e1 lugar desde la calle Toribio Etxebarria a partir de las 9.30.\n<\/p>\n<p class=\"article-body__text \">\n        A partir de ah\u00ed, a las corredoras les espera un exigente recorrido de <strong>131,6 kil\u00f3metros<\/strong> en el que tendr\u00e1n que superar los puertos de Udana (3\u00aa categor\u00eda; km. 32,6) e Itziar (3\u00aa categor\u00eda; km. 84,4), antes de encarar la ascensi\u00f3n a Ixua (1\u00aa categor\u00eda) desde Etxebarria y afrontar los 6.3 kil\u00f3metros finales hasta la meta instalada en la calle <a href=\"https:\/\/egoibarra.eus\/es\/eibarreses\/toribio-etxebarria-ibarbia\" title=\"Toribio Etxebarria\" rel=\"nofollow noopener\" target=\"_blank\" class=\"link copy\">Toribio Etxebarria<\/a>. Si se cumple con el horario m\u00e1s r\u00e1pido previsto por la organizaci\u00f3n, se estima que las primeras <a href=\"https:\/\/www.noticiasdegipuzkoa.eus\/tags\/ciclistas\/\" title=\"ciclistas\" target=\"_blank\" class=\"link copy\" rel=\"nofollow noopener\">ciclistas<\/a> llegar\u00e1n a meta en torno a las 12.50.<\/p>\n","protected":false},"excerpt":{"rendered":"La villa armera ser\u00e1 el marco del \u00abVII Gran Premio Ciudad de Eibar-Laboral Kutxa Saria\u00bb de categor\u00eda UCI&hellip;\n","protected":false},"author":2,"featured_media":151680,"comment_status":"","ping_status":"","sticky":false,"template":"","format":"standard","meta":{"footnotes":""},"categories":[273],"tags":[313,312,168,14315,1755,25,24,4649,16925,45931,23,167,45932],"class_list":{"0":"post-151679","1":"post","2":"type-post","3":"status-publish","4":"format-standard","5":"has-post-thumbnail","7":"category-ciclismo","8":"tag-ciclismo","9":"tag-cycling","10":"tag-deportes","11":"tag-eibar","12":"tag-elite","13":"tag-es","14":"tag-espana","15":"tag-femenino","16":"tag-itziar","17":"tag-ixua","18":"tag-spain","19":"tag-sports","20":"tag-udana"},"share_on_mastodon":{"url":"","error":""},"_links":{"self":[{"href":"https:\/\/www.europesays.com\/es\/wp-json\/wp\/v2\/posts\/151679","targetHints":{"allow":["GET"]}}],"collection":[{"href":"https:\/\/www.europesays.com\/es\/wp-json\/wp\/v2\/posts"}],"about":[{"href":"https:\/\/www.europesays.com\/es\/wp-json\/wp\/v2\/types\/post"}],"author":[{"embeddable":true,"href":"https:\/\/www.europesays.com\/es\/wp-json\/wp\/v2\/users\/2"}],"replies":[{"embeddable":true,"href":"https:\/\/www.europesays.com\/es\/wp-json\/wp\/v2\/comments?post=151679"}],"version-history":[{"count":0,"href":"https:\/\/www.europesays.com\/es\/wp-json\/wp\/v2\/posts\/151679\/revisions"}],"wp:featuredmedia":[{"embeddable":true,"href":"https:\/\/www.europesays.com\/es\/wp-json\/wp\/v2\/media\/151680"}],"wp:attachment":[{"href":"https:\/\/www.europesays.com\/es\/wp-json\/wp\/v2\/media?parent=151679"}],"wp:term":[{"taxonomy":"category","embeddable":true,"href":"https:\/\/www.europesays.com\/es\/wp-json\/wp\/v2\/categories?post=151679"},{"taxonomy":"post_tag","embeddable":true,"href":"https:\/\/www.europesays.com\/es\/wp-json\/wp\/v2\/tags?post=151679"}],"curies":[{"name":"wp","href":"https:\/\/api.w.org\/{rel}","templated":true}]}}