{"id":151681,"date":"2025-10-01T23:45:09","date_gmt":"2025-10-01T23:45:09","guid":{"rendered":"https:\/\/www.europesays.com\/es\/151681\/"},"modified":"2025-10-01T23:45:09","modified_gmt":"2025-10-01T23:45:09","slug":"la-ingenieria-detras-del-deseo-de-red-bull-de-volver-a-contar-con-albon-el-efecto-rebote-que-podria-tener-en-colapinto","status":"publish","type":"post","link":"https:\/\/www.europesays.com\/es\/151681\/","title":{"rendered":"La ingenier\u00eda detr\u00e1s del deseo de Red Bull de volver a contar con Albon: el \u201cefecto rebote\u201d que podr\u00eda tener en Colapinto"},"content":{"rendered":"<p><img alt=\"Alex Albon fue compa\u00f1ero de\" class=\"global-image\" decoding=\"async\" fetchpriority=\"high\" height=\"1080\" loading=\"eager\" src=\"https:\/\/www.europesays.com\/es\/wp-content\/uploads\/2025\/10\/YX53NHB6TNDLHGMGW7WBXCAS4I.jpg\" width=\"1920\"\/>Alex Albon fue compa\u00f1ero de Max Verstappen en Red Bull durante poco m\u00e1s de un a\u00f1o (Photo by Mark Thompson\/Getty Images)<\/p>\n<p class=\"paragraph\">La posibilidad de que <b>Alex Albon<\/b> regrese a <b>Red Bull<\/b> como compa\u00f1ero de <b>Max Verstappen<\/b> cobr\u00f3 fuerza en las horas previas al <b>Gran Premio de Singapur de F\u00f3rmula 1<\/b>, impulsando una ola de especulaciones, entre ellas, la posibilidad de que el argentino <b>Franco Colapinto<\/b> pueda retornar a<b> Williams<\/b>, que lo cedi\u00f3 por cinco a\u00f1os a <b>Alpine<\/b>. <\/p>\n<p class=\"paragraph\">El inter\u00e9s renovado de la escuder\u00eda austriaca por Albon, actual piloto de <b>Williams<\/b>, se vincula directamente con sus ra\u00edces tailandesas y la influencia de <b>Chalerm Yoovidhya<\/b>, el accionista mayoritario tailand\u00e9s de Red Bull, quien <b>estar\u00eda dispuesto a desembolsar una suma considerable para facilitar el retorno de su compatriota al equipo<\/b>, seg\u00fan inform\u00f3 el sitio especializado F1-Insider.<\/p>\n<p class=\"paragraph\">El mencionado portal consult\u00f3 a fuentes de <b>Red Bull, <\/b>que ofrecieron una respuesta ambigua: \u00ab<b>A\u00fan no se ha decidido qui\u00e9n conducir\u00e1 junto a Max Verstappen en Red Bull Racing en 2026, ni qui\u00e9n ocupar\u00e1 los dos puestos en Racing Bulls\u00bb<\/b>, en una declaraci\u00f3n que mantiene abiertas todas las posibilidades.<\/p>\n<p class=\"paragraph\">El trasfondo de esta historia se remonta a la trayectoria de <b>Albon<\/b> en la F1. Tras debutar en 2019 con <b>Toro Rosso<\/b>, la escuder\u00eda filial de Red Bull, el piloto brit\u00e1nico-tailand\u00e9s ascendi\u00f3 en 2020 al equipo principal para compartir garaje con <b>Verstappen<\/b>. A pesar de lograr <b>dos podios<\/b>, la direcci\u00f3n de <b>Red Bull<\/b> consider\u00f3 que su rendimiento no alcanzaba el nivel del neerland\u00e9s, lo que precipit\u00f3 su salida a fines de 2020. Despu\u00e9s de un a\u00f1o en el DTM, <b>Albon<\/b> recal\u00f3 en <b>Williams<\/b> en 2022, donde consolid\u00f3 su reputaci\u00f3n como uno de los pilotos m\u00e1s destacados de la M\u00e1xima.<\/p>\n<p><img alt=\"James Vowles y Franco Colapinto\" class=\"global-image\" decoding=\"async\" fetchpriority=\"low\" height=\"1250\" loading=\"lazy\" src=\"https:\/\/www.europesays.com\/es\/wp-content\/uploads\/2025\/10\/G3LJXTDM35HC7JMQZL3B5ERW3I.jpeg\" width=\"1000\"\/>James Vowles y Franco Colapinto en Abu Dhabi 2024, la \u00faltima carrera -por ahora- del argentino en Williams (Prensa Williams Racing)<\/p>\n<p class=\"paragraph\">La situaci\u00f3n contractual a\u00f1ade complejidad al escenario. Aunque <b>Albon<\/b> tiene v\u00ednculo con <b>Williams<\/b> hasta finales de 2027, de acuerdo a lo publicado por Motorsport Italia, desde Milton Keynes, sede de Red Bull,<b> <\/b><a rel=\"noopener noreferrer nofollow\" href=\"https:\/\/www.infobae.com\/deportes\/2025\/09\/29\/albon-reaparecio-en-el-radar-de-red-bull-el-contrato-con-williams-y-como-podria-afectar-el-futuro-de-colapinto-en-la-f1\/\" target=\"_blank\" title=\"https:\/\/www.infobae.com\/deportes\/2025\/09\/29\/albon-reaparecio-en-el-radar-de-red-bull-el-contrato-con-williams-y-como-podria-afectar-el-futuro-de-colapinto-en-la-f1\/\"><b>se contactaron recientemente con \u00e9l<\/b><\/a>. <\/p>\n<p class=\"paragraph\">En paralelo, los analistas de la categor\u00eda contactados por F1-Insider manejan un escenario alternativo que no contempla el regreso de <b>Albon<\/b>. Seg\u00fan estos expertos, el plan ideal de <b>Red Bull<\/b> ser\u00eda alinear a <b>Verstappen<\/b> con el franc\u00e9s <b>Isack Hadjar<\/b> como nuevo compa\u00f1ero de equipo. El puesto de <b>Hadjar<\/b> en <b>Racing Bulls<\/b> lo ocupar\u00eda el joven <b>Arvin Lindblad<\/b>, actualmente en <b>F\u00f3rmula 2<\/b>, mientras que el neozeland\u00e9s <b>Liam Lawson<\/b> continuar\u00eda en la estructura. Por su parte, <b>Yuki Tsunoda<\/b>, cuyo rendimiento se percibe por debajo del de <b>Verstappen<\/b>, quedar\u00eda fuera de la alineaci\u00f3n.<\/p>\n<p class=\"paragraph\">La eventual llegada de <b>Albon<\/b> a <b>Red Bull<\/b> alterar\u00eda por completo este esquema. De concretarse su fichaje, <b>Hadjar<\/b> permanecer\u00eda en <b>Racing Bulls<\/b>, y tanto <b>Tsunoda<\/b> como <b>Lawson<\/b> deber\u00edan buscar nuevas oportunidades en la parrilla.<\/p>\n<p class=\"paragraph\">No obstante, persisten interrogantes sobre la conveniencia de este movimiento para <b>Albon<\/b>. En <b>Williams<\/b>, el piloto goza del estatus de n\u00famero uno y, con el respaldo de <b>Mercedes<\/b>, el equipo brit\u00e1nico podr\u00eda contar con una ventaja t\u00e9cnica significativa bajo la nueva normativa de motores que entrar\u00e1 en vigor en 2026. En contraste, <b>Red Bull<\/b> apostar\u00e1 por primera vez por sus propios sistemas de propulsi\u00f3n en colaboraci\u00f3n con <b>Ford<\/b>, lo que representa una inc\u00f3gnita en t\u00e9rminos de competitividad.<\/p>\n<p><img alt=\"Franco Colapinto viene evolucionando en\" class=\"global-image\" decoding=\"async\" fetchpriority=\"low\" height=\"753\" loading=\"lazy\" src=\"https:\/\/www.europesays.com\/es\/wp-content\/uploads\/2025\/10\/4NO5YPQ6CNHVDFR4YPLUDBA6H4.jpg\" width=\"1340\"\/>Franco Colapinto viene evolucionando en Alpine y en las \u00faltimas carreras super\u00f3 a su compa\u00f1ero de equipo, Pierre Gasly (@AlpineF1Team)<\/p>\n<p class=\"paragraph\">El propio <b>Albon<\/b> manifest\u00f3 sentimientos encontrados respecto a su anterior etapa en <b>Red Bull<\/b>. Seg\u00fan declaraciones recogidas por F1-Insider, el piloto reconoce que entonces carec\u00eda de la experiencia necesaria para manejar un monoplaza exigente y que la convivencia con <b>Verstappen<\/b> supuso un desaf\u00edo considerable. <\/p>\n<p class=\"paragraph\">Esta vivencia le permite empatizar con la situaci\u00f3n de <b>Yuki Tsunoda<\/b>. En palabras de <b>Albon<\/b>, \u00ab<b>Hablo a menudo con Yuki, intento darle consejos, intento animarlo. Creo que es simplemente genial\u00bb<\/b>. No obstante, a\u00f1adi\u00f3: \u00ab<b>Tambi\u00e9n siempre le digo que tiene al mejor piloto de F\u00f3rmula 1 de todos los tiempos sentado al otro lado del garaje\u00bb<\/b>.<\/p>\n<p class=\"paragraph\">Este panorama de una posible vuelta de <b>Albon<\/b> a <b>Red Bull <\/b>podr\u00eda generar un \u201cefecto rebote\u201d en el piloto argentino <b>Franco Colapinto, quien tiene contrato con Williams y fue cedido por cinco a\u00f1os a Alpine<\/b>. Si llega a haber una butaca disponible en el equipo ingl\u00e9s, habr\u00e1 que ver si hay una cl\u00e1usula de repesca, algo que deber\u00eda responder el jefe del team de Grove, <b>James Vowles<\/b>. <\/p>\n<p class=\"paragraph\">Por ahora <b>Colapinto<\/b> no tiene confirmada su continuidad como titular en <b>Alpine <\/b>para 2026.<b> <\/b><a rel=\"noopener noreferrer nofollow\" href=\"https:\/\/www.infobae.com\/deportes\/2025\/09\/29\/por-que-las-proximas-dos-carreras-seran-clave-para-el-futuro-de-colapinto-en-la-f1-las-bases-para-el-anuncio-de-alpine\/\" target=\"_blank\" title=\"https:\/\/www.infobae.com\/deportes\/2025\/09\/29\/por-que-las-proximas-dos-carreras-seran-clave-para-el-futuro-de-colapinto-en-la-f1-las-bases-para-el-anuncio-de-alpine\/\"><b>Las pr\u00f3ximas dos carreras ser\u00e1 clave para definir su futuro<\/b><\/a>. Desde <b>Williams<\/b> quieren y necesitan que <b>Franco corra<\/b> <b>en el equipo franc\u00e9s o donde sea<\/b>. Fue cedido all\u00ed con la <b>condici\u00f3n de que su pupilo tenga chances de correr<\/b>. La escuder\u00eda brit\u00e1nica invirti\u00f3 mucho dinero en la formaci\u00f3n y desarrollo del argentino durante dos a\u00f1os, desde que fue reclutado por su academia en enero de 2023. <\/p>\n","protected":false},"excerpt":{"rendered":"Alex Albon fue compa\u00f1ero de Max Verstappen en Red Bull durante poco m\u00e1s de un a\u00f1o (Photo by&hellip;\n","protected":false},"author":2,"featured_media":151682,"comment_status":"","ping_status":"","sticky":false,"template":"","format":"standard","meta":{"footnotes":""},"categories":[270],"tags":[168,25,24,306,271,272,23,167],"class_list":{"0":"post-151681","1":"post","2":"type-post","3":"status-publish","4":"format-standard","5":"has-post-thumbnail","7":"category-formula-1","8":"tag-deportes","9":"tag-es","10":"tag-espana","11":"tag-f1","12":"tag-formula-1","13":"tag-formula1","14":"tag-spain","15":"tag-sports"},"share_on_mastodon":{"url":"","error":""},"_links":{"self":[{"href":"https:\/\/www.europesays.com\/es\/wp-json\/wp\/v2\/posts\/151681","targetHints":{"allow":["GET"]}}],"collection":[{"href":"https:\/\/www.europesays.com\/es\/wp-json\/wp\/v2\/posts"}],"about":[{"href":"https:\/\/www.europesays.com\/es\/wp-json\/wp\/v2\/types\/post"}],"author":[{"embeddable":true,"href":"https:\/\/www.europesays.com\/es\/wp-json\/wp\/v2\/users\/2"}],"replies":[{"embeddable":true,"href":"https:\/\/www.europesays.com\/es\/wp-json\/wp\/v2\/comments?post=151681"}],"version-history":[{"count":0,"href":"https:\/\/www.europesays.com\/es\/wp-json\/wp\/v2\/posts\/151681\/revisions"}],"wp:featuredmedia":[{"embeddable":true,"href":"https:\/\/www.europesays.com\/es\/wp-json\/wp\/v2\/media\/151682"}],"wp:attachment":[{"href":"https:\/\/www.europesays.com\/es\/wp-json\/wp\/v2\/media?parent=151681"}],"wp:term":[{"taxonomy":"category","embeddable":true,"href":"https:\/\/www.europesays.com\/es\/wp-json\/wp\/v2\/categories?post=151681"},{"taxonomy":"post_tag","embeddable":true,"href":"https:\/\/www.europesays.com\/es\/wp-json\/wp\/v2\/tags?post=151681"}],"curies":[{"name":"wp","href":"https:\/\/api.w.org\/{rel}","templated":true}]}}