{"id":151683,"date":"2025-10-01T23:46:12","date_gmt":"2025-10-01T23:46:12","guid":{"rendered":"https:\/\/www.europesays.com\/es\/151683\/"},"modified":"2025-10-01T23:46:12","modified_gmt":"2025-10-01T23:46:12","slug":"kyle-guy-pasa-del-banquillo-a-la-nba-saliendo-de-su-retiro","status":"publish","type":"post","link":"https:\/\/www.europesays.com\/es\/151683\/","title":{"rendered":"Kyle Guy pasa del banquillo a la NBA saliendo de su retiro"},"content":{"rendered":"<ul class=\"post-meta single-meta\">\n<li class=\"autor\">Redacci\u00f3n<\/li>\n<li class=\"post-date\">01\/10\/2025<\/li>\n<li class=\"post-category\"><a href=\"https:\/\/www.gigantes.com\/nba\/\" title=\"Cortos de NBA\" rel=\"nofollow noopener\" target=\"_blank\">NBA<\/a><\/li>\n<\/ul>\n<p><strong>Kyle Guy\u00a0<\/strong>vuelve a ser noticia apenas un a\u00f1o despu\u00e9s de anunciar su retirada. El escolta norteamericano, que ten\u00eda contrato con Lenovo Tenerife en el verano de 2024, ejecut\u00f3 su cl\u00e1usula de salida y un mes despu\u00e9s anunci\u00f3 que dejaba el baloncesto. Lo hac\u00eda para regresar a Estados Unidos y formar parte del staff de la universidad de Virginia. Sin embargo, Guy es ahora noticia porque regresa a la pistas y no lo hace de cualquiera manera.<\/p>\n<p>Seg\u00fan ha anunciado la universidad de Nevada en la que Guy iba a formar parte del staff en esta temporada 25\/26, Kyle ha firmado un contrato Exhibit 10 para hacer la pretemporada con los <strong>Indiana Pacers<\/strong>. Es decir: <strong>ha pasado de estar retirado a opositar a un puesto para la pr\u00f3xima temporada en la NBA.<\/strong><\/p>\n<blockquote class=\"twitter-tweet\">\n<p dir=\"ltr\" lang=\"es\">\ud83d\udea8\ud83d\udd19 Kyle Guy vuelve a las pistas.<\/p>\n<p>A sus 28 a\u00f1os, firma un contrato Exhibit 10 con los Indiana Pacers tras su etapa como asistente en las universidades de Virginia y Nevada. <a href=\"https:\/\/t.co\/vRAFX4GN7L\" rel=\"nofollow\">pic.twitter.com\/vRAFX4GN7L<\/a><\/p>\n<p>\u2014 Gigantes del Basket (@GIGANTESbasket) <a href=\"https:\/\/twitter.com\/GIGANTESbasket\/status\/1973468479710961977?ref_src=twsrc%5Etfw\" rel=\"nofollow noopener\" target=\"_blank\">October 1, 2025<\/a><\/p>\n<\/blockquote>\n<p>As\u00ed explicaba el propio Kyle Guy su decisi\u00f3n <a href=\"https:\/\/www.gigantes.com\/liga-endesa\/kyle-guy-carta-retirada\/\" rel=\"nofollow noopener\" target=\"_blank\">en una carta<\/a> en el pasado mes de agosto:<\/p>\n<p>\u00abA veces tienes que darte a ti mismo permiso para perseguir lo que la gente piensa que es una locura. Y mucha gente no va a entender que decidas decir no a mucho dinero o a estar en una gran liga. Y mientras yo estoy agradecido y quiero escuchar a mi intuici\u00f3n por esta vez. Estoy en paz con mi carrera y los objetivos logrados. Estoy m\u00e1s que orgulloso de poder mostrarle a mis hijos lo que he conseguido.\u00bb<\/p>\n<p>\u00bfConseguir\u00e1 Kyle Guy hacerse un hueco en los Indiana Pacers y volver a jugar en una NBA en la que ya jug\u00f3 para Kings (2019-2021) y Heat (21\/22)?<\/p>\n<p style=\"text-align: right;\">acb Photo \/ M. Graupera<\/p>\n<p><img decoding=\"async\" src=\"https:\/\/www.europesays.com\/es\/wp-content\/uploads\/2025\/10\/1759362369_738_mtracking.gif\" alt=\"Etiquetas de Mautic\" style=\"display:none;\"\/><\/p>\n<p><a href=\"https:\/\/www.gigantes.com\/tienda\/hemeroteca\/guia-de-la-liga-endesa-2025-26-no-1-560-septiembre-2025\/\" rel=\"nofollow noopener\" target=\"_blank\"><img loading=\"lazy\" decoding=\"async\" class=\"alignnone size-large wp-image-756436\" src=\"https:\/\/www.europesays.com\/es\/wp-content\/uploads\/2025\/09\/1759141930_498_WhatsApp-Image-2025-09-01-at-17.56.05-1024x1024.jpeg.webp.webp\" alt=\"\" width=\"680\" height=\"680\"  \/><\/a><\/p>\n<p>\t\t\t\t\t<img loading=\"lazy\" decoding=\"async\" src=\"https:\/\/www.europesays.com\/es\/wp-content\/uploads\/2025\/09\/1759141930_387_mano.png\" width=\"60\" height=\"60\" alt=\"Deliza hacia abajo\"\/>Sigue deslizando hacia abajo para ver m\u00e1s contenidos<\/p>\n<p>                <script async src=\"https:\/\/platform.twitter.com\/widgets.js\" charset=\"utf-8\"><\/script><\/p>\n","protected":false},"excerpt":{"rendered":"Redacci\u00f3n 01\/10\/2025 NBA Kyle Guy\u00a0vuelve a ser noticia apenas un a\u00f1o despu\u00e9s de anunciar su retirada. El escolta&hellip;\n","protected":false},"author":2,"featured_media":151684,"comment_status":"","ping_status":"","sticky":false,"template":"","format":"standard","meta":{"footnotes":""},"categories":[269],"tags":[299,298,168,25,24,45933,45934,23,167],"class_list":{"0":"post-151683","1":"post","2":"type-post","3":"status-publish","4":"format-standard","5":"has-post-thumbnail","7":"category-baloncesto","8":"tag-baloncesto","9":"tag-basketball","10":"tag-deportes","11":"tag-es","12":"tag-espana","13":"tag-indiana-pacers","14":"tag-kyle-guy","15":"tag-spain","16":"tag-sports"},"share_on_mastodon":{"url":"","error":""},"_links":{"self":[{"href":"https:\/\/www.europesays.com\/es\/wp-json\/wp\/v2\/posts\/151683","targetHints":{"allow":["GET"]}}],"collection":[{"href":"https:\/\/www.europesays.com\/es\/wp-json\/wp\/v2\/posts"}],"about":[{"href":"https:\/\/www.europesays.com\/es\/wp-json\/wp\/v2\/types\/post"}],"author":[{"embeddable":true,"href":"https:\/\/www.europesays.com\/es\/wp-json\/wp\/v2\/users\/2"}],"replies":[{"embeddable":true,"href":"https:\/\/www.europesays.com\/es\/wp-json\/wp\/v2\/comments?post=151683"}],"version-history":[{"count":0,"href":"https:\/\/www.europesays.com\/es\/wp-json\/wp\/v2\/posts\/151683\/revisions"}],"wp:featuredmedia":[{"embeddable":true,"href":"https:\/\/www.europesays.com\/es\/wp-json\/wp\/v2\/media\/151684"}],"wp:attachment":[{"href":"https:\/\/www.europesays.com\/es\/wp-json\/wp\/v2\/media?parent=151683"}],"wp:term":[{"taxonomy":"category","embeddable":true,"href":"https:\/\/www.europesays.com\/es\/wp-json\/wp\/v2\/categories?post=151683"},{"taxonomy":"post_tag","embeddable":true,"href":"https:\/\/www.europesays.com\/es\/wp-json\/wp\/v2\/tags?post=151683"}],"curies":[{"name":"wp","href":"https:\/\/api.w.org\/{rel}","templated":true}]}}