{"id":151685,"date":"2025-10-01T23:47:05","date_gmt":"2025-10-01T23:47:05","guid":{"rendered":"https:\/\/www.europesays.com\/es\/151685\/"},"modified":"2025-10-01T23:47:05","modified_gmt":"2025-10-01T23:47:05","slug":"ernesto-valverde-analiza-la-derrota-del-athletic-ante-el-borussia-en-champions","status":"publish","type":"post","link":"https:\/\/www.europesays.com\/es\/151685\/","title":{"rendered":"Ernesto Valverde analiza la derrota del Athletic ante el Borussia en Champions"},"content":{"rendered":"\n<p>M\u00e1s noticias<\/p>\n<p><a class=\"info_masnoticias\" href=\"https:\/\/www.eldesmarque.com\/futbol\/athletic-club\/\" rel=\"nofollow noopener\" target=\"_blank\"><br \/>\nM\u00e1s de<br \/>\nM\u00e1s noticias de<br \/>\nAthletic Club<br \/>\n<\/a><\/p>\n<p><strong>Ernesto Valverde<\/strong>, tras un <a href=\"https:\/\/www.eldesmarque.com\/futbol\/athletic-club\/20250930\/unai-simon-respuesta-aficionados-pesimistas-athletic_300771525.html\" rel=\"nofollow noopener\" target=\"_blank\">septiembre espantoso del equipo<\/a>, tuvo que hacer balance de la derrota de este mi\u00e9rcoles <strong>ante el Borussia de Dortmund<\/strong> <a href=\"https:\/\/www.eldesmarque.com\/futbol\/athletic-club\/20251001\/aficion-athletic-viaje-champions-borussia-dortmund_300771829.html\" rel=\"nofollow noopener\" target=\"_blank\">en el Signal Iduna Park<\/a> merced a un (4-1) que no arregla en nada <a href=\"https:\/\/www.eldesmarque.com\/futbol\/athletic-club\/20250929\/baja-benat-prados-castiga-centro-campo-athletic_300770277.html#utm_source=masnoticias\" rel=\"nofollow noopener\" target=\"_blank\">el mal sabor de boca<\/a> de las \u00faltimas semanas. El equipo bilba\u00edno se ha dado una paliza f\u00edsica absoluta en Alemania, pero no le ha dado para frenar los goles locales que han sido excesivos&#8230; y encima <strong>Oihan Sancet, que no ha jugado, est\u00e1 tocado.<\/strong><\/p>\n<p>Hay que pensar ya en el <strong>partido de LALIGA de este s\u00e1bado en San Mam\u00e9s (18.30 horas) frente al RCD Mallorca <\/strong>de Jagoba Arrasate y Bittor Alkiza, <a href=\"https:\/\/www.eldesmarque.com\/futbol\/athletic-club\/20250930\/nico-williams-fuera-convocatoria-athletic-champions-borussia_300770810.html\" rel=\"nofollow noopener\" target=\"_blank\">veremos si ya con Nico Williams<\/a>. En cuanto a <a href=\"https:\/\/www.eldesmarque.com\/resultados\/?liga=107-champions-league\" rel=\"nofollow noopener\" target=\"_blank\">la UEFA Champions League<\/a>, la tercera jornada se jugar\u00e1 el mi\u00e9rcoles 22 de octubre en San Mam\u00e9s ante el Qarabag FK azer\u00ed.<\/p>\n<p>El t\u00e9cnico Ernesto Valverde apunta al acabar el encuentro en terreno alem\u00e1n que \u00abno nos gusta estar sin ganar, estos equipos te castigan si no aciertas, ellos no fallan y <strong>del posible empate pasas a perder 4-1. Parece un ba\u00f1o si lo lees, pero no, es que ellos de 6 ocasiones te hacen 4<\/strong>. Nos han marcado en las dos primeras llegadas y nos hemos rehecho, pero el resultado es abultado; me ha recordado a lo de Manchester cuando est\u00e1bamos jugando bien\u00bb.<\/p>\n<p>\u00abEl Qarabag, no me preocupa demasiado ahora, estamos con 0 puntos y debemos intentar competir como hicimos contra el Arsenal. <strong>Hay que intentar que la Champions no nos hagan da\u00f1o, porque te meten 4 y te dejan aturdido<\/strong>, hay que rehacerse porque el partido del s\u00e1bado ante el Mallorca es important\u00edsimo para nosotros\u00bb.<\/p>\n<p><img decoding=\"async\" src=\"https:\/\/www.europesays.com\/es\/wp-content\/uploads\/2025\/10\/valverde1jpg_001.jpg\" width=\"660\" height=\"370.79\" alt=\"El t\u00e9cnico Ernesto Valverde saluda al llegar al partido de Champions League (Foto: Athletic Club).\"\/><br \/>\nEl t\u00e9cnico Ernesto Valverde saluda al llegar al partido de Champions League (Foto: Athletic Club).<\/p>\n<p>La opini\u00f3n de Ernesto Valverde sobre el Borussia &#8211; Athletic de Champions<\/p>\n<p>\u00abMi plan era ganar como siempre, pero soy consciente de que no puedo llegar aqu\u00ed y dominar todo el partido, ellos son muy buenos y nos han dominado al principio porque <strong>tienen un nivel de jugar una final de Champions.<\/strong> Nos costaba llegar arriba pero luego hemos tenido m\u00e1s control del juego\u00bb.<\/p>\n<p>\u00abHemos tenido 35 minutos buenos, a ratos estamos bien pero no le sacamos rendimiento ni metemos 3 goles, hacemos uno o nos anulan otro, hay que ser m\u00e1s contundentes en las fases de dominio; <strong>dos fallos nos han enturbiado el resultado. Necesitamos m\u00e1s acierto\u00bb.<\/strong><\/p>\n<p><img decoding=\"async\" src=\"https:\/\/www.europesays.com\/es\/wp-content\/uploads\/2025\/10\/251001_99_209808_dpaijpg_001.jpg\" width=\"660\" height=\"auto\" alt=\"Karim Adeyemi, al fondo, ante el Athletic. (Foto: EFE)\"\/><br \/>\nKarim Adeyemi, al fondo, ante el Athletic. (Foto: EFE)<\/p>\n<p><strong>El debut de Ibon S\u00e1nchez con el primer equipo y de Alex Rego titular en Champions<\/strong><\/p>\n<p>\u00abLo de Rego es una gran noticia para el Athletic hoy, que salga en un partido de este calibre y haga este partido significa mucho, ojal\u00e1 sea un punto de partida por la lesi\u00f3n de Be\u00f1at Prados. Tiene f\u00fatbol y juego, debe meter ritmo a los partidos, pero puede ayudarnos mucho\u00bb.<\/p>\n<p>\u00abTenemos un <strong>problema con Oihan Sancet en el entreno, es una molestia pero no puedo estoy autorizado ni puedo decir nada, hay que valorarlo ma\u00f1ana a ver si est\u00e1 para el s\u00e1bado o no<\/strong>,&#8230; y ha debutado Ibon y ha salido con desparpajo, ha hecho un disparo muy peligroso, se le ha visto activo y con casta, nos puede ayudar\u00bb.<\/p>\n","protected":false},"excerpt":{"rendered":"M\u00e1s noticias M\u00e1s de M\u00e1s noticias de Athletic Club Ernesto Valverde, tras un septiembre espantoso del equipo, tuvo&hellip;\n","protected":false},"author":2,"featured_media":151686,"comment_status":"","ping_status":"","sticky":false,"template":"","format":"standard","meta":{"footnotes":""},"categories":[268],"tags":[168,25,24,280,282,281,23,167],"class_list":{"0":"post-151685","1":"post","2":"type-post","3":"status-publish","4":"format-standard","5":"has-post-thumbnail","7":"category-futbol","8":"tag-deportes","9":"tag-es","10":"tag-espana","11":"tag-football","12":"tag-futbol","13":"tag-soccer","14":"tag-spain","15":"tag-sports"},"share_on_mastodon":{"url":"","error":""},"_links":{"self":[{"href":"https:\/\/www.europesays.com\/es\/wp-json\/wp\/v2\/posts\/151685","targetHints":{"allow":["GET"]}}],"collection":[{"href":"https:\/\/www.europesays.com\/es\/wp-json\/wp\/v2\/posts"}],"about":[{"href":"https:\/\/www.europesays.com\/es\/wp-json\/wp\/v2\/types\/post"}],"author":[{"embeddable":true,"href":"https:\/\/www.europesays.com\/es\/wp-json\/wp\/v2\/users\/2"}],"replies":[{"embeddable":true,"href":"https:\/\/www.europesays.com\/es\/wp-json\/wp\/v2\/comments?post=151685"}],"version-history":[{"count":0,"href":"https:\/\/www.europesays.com\/es\/wp-json\/wp\/v2\/posts\/151685\/revisions"}],"wp:featuredmedia":[{"embeddable":true,"href":"https:\/\/www.europesays.com\/es\/wp-json\/wp\/v2\/media\/151686"}],"wp:attachment":[{"href":"https:\/\/www.europesays.com\/es\/wp-json\/wp\/v2\/media?parent=151685"}],"wp:term":[{"taxonomy":"category","embeddable":true,"href":"https:\/\/www.europesays.com\/es\/wp-json\/wp\/v2\/categories?post=151685"},{"taxonomy":"post_tag","embeddable":true,"href":"https:\/\/www.europesays.com\/es\/wp-json\/wp\/v2\/tags?post=151685"}],"curies":[{"name":"wp","href":"https:\/\/api.w.org\/{rel}","templated":true}]}}