{"id":151687,"date":"2025-10-01T23:48:17","date_gmt":"2025-10-01T23:48:17","guid":{"rendered":"https:\/\/www.europesays.com\/es\/151687\/"},"modified":"2025-10-01T23:48:17","modified_gmt":"2025-10-01T23:48:17","slug":"pablo-motos-desvela-en-el-hormiguero-la-unica-vez-que-vicente-valles-se-ha-puesto-nervioso-2","status":"publish","type":"post","link":"https:\/\/www.europesays.com\/es\/151687\/","title":{"rendered":"Pablo Motos desvela en &#8216;El Hormiguero&#8217; la \u00fanica vez que Vicente Vall\u00e9s se ha puesto nervioso"},"content":{"rendered":"<p>Vicente Vall\u00e9s (62 a\u00f1os) es un rostro recurrente en &#8216;El Hormiguero&#8217;. El periodista ha acudido en varias ocasiones para hablar de su trabajo como presentador y para promocionar sus novelas.\u00a0Tras el \u00e9xito de &#8216;Operaci\u00f3n Kaz\u00e1n<strong>&#8216;<\/strong>, hoy regresa al programa <strong>para hablar de su nueva novela, &#8216;La Caza del Ejecutor&#8217;.<\/strong><\/p>\n<p>Una novela con la que\u00a0se consolida como uno de los narradores m\u00e1s adictivos del panorama actual y demuestra que domina la geopol\u00edtica actual como pocos.<strong>\u00a0La historia comienza con el asesinato de un alto responsable<\/strong> del espionaje ruso a manos de un ejecutor de traidores. Su asesinato es solo el primero. Las v\u00edctimas saben demasiado sobre un plan que pondr\u00eda a Europa al borde de una guerra.<\/p>\n<p>Con esta premisa, Vicente\u00a0ha analizado junto a\u00a0<a href=\"https:\/\/www.lecturas.com\/blogs\/jorge-javier-vazquez\/pablo-motos-es-poco-generoso-tiene-afan-desmedido-por-ser-unico_166638\" target=\"_self\" rel=\"nofollow noopener\">Pablo Motos<\/a> (60 a\u00f1os) y sus hormigas la situaci\u00f3n pol\u00edtica actual. Adem\u00e1s, <strong>seguro ha habido tiempo para contar algunas an\u00e9cdotas<\/strong>, como la \u00faltima vez que visit\u00f3 el plat\u00f3, cuando narr\u00f3 <a href=\"https:\/\/www.lecturas.com\/television\/no-he-sangrado-demasiado-aparatoso-accidente-por-que-vicente-valles-casi-da-planton-pablo-motos-hormiguero_165756\" target=\"_self\" rel=\"nofollow noopener\">el aparatoso accidente que hab\u00eda sufrido justo antes de entrar.<\/a><\/p>\n<p><img loading=\"lazy\" decoding=\"async\"   src=\"https:\/\/www.europesays.com\/es\/wp-content\/uploads\/2025\/10\/vicente-valles_7a955756_251001223252_1200x671.webp.webp\" alt=\"Vicente Vall\u00e9s\" class=\"lazyload\" width=\"1200\" height=\"671\" data-aspectratio=\"1200\/671\"\/><\/p>\n<p>Vicente Vall\u00e9s ha tenido que correr para llegar a tiempo a la emisi\u00f3n de &#8216;El Hormiguero&#8217;.<\/p>\n<p>&#13;Atresmedia<\/p>\n<p>\u00a0<\/p>\n<p><img decoding=\"async\" src=\"https:\/\/www.europesays.com\/es\/wp-content\/uploads\/2025\/10\/silvia-alonso_ffc2ab5b_251001130351_800x800.webp.webp\" alt=\"Silvia Alonso\" class=\"image lazyload\"\/><img loading=\"lazy\" decoding=\"async\" src=\"https:\/\/www.europesays.com\/es\/wp-content\/uploads\/2025\/10\/silvia-alonso_ffc2ab5b_251001130411_1280x720.webp.webp\" alt=\"Silvia Alonso, novia de David Broncano, revela la curiosa enfermedad que sufre\" class=\"image lazyload\" width=\"1280\" height=\"720\" data-aspectratio=\"1280\/720\"\/><\/p>\n<p>En esta ocasi\u00f3n, despu\u00e9s de comentar lo mucho que hab\u00eda tenido que correr para llegar a tiempo para la emisi\u00f3n, Pablo Motos ha sacado a relucir un detalle desconocido del famoso periodista. \u00ab<strong>Eres el director y presentador de &#8216;Noticias 2&#8217; de Antena 3.<\/strong> Ahora hablar\u00e9 de la novela, pero hace poco te han dado el Premio Joan Ram\u00f3n Mainat en el FesTVal de Vitoria\u00bb, ha comenzado diciendo el presentador.<\/p>\n<p><img loading=\"lazy\" decoding=\"async\"   src=\"https:\/\/www.europesays.com\/es\/wp-content\/uploads\/2025\/10\/pablo-motos_adb0d9b7_251001223839_1200x661.webp.webp\" alt=\"Pablo Motos\" class=\"lazyload\" width=\"1200\" height=\"661\" data-aspectratio=\"1200\/661\"\/><\/p>\n<p>&#8216;La caza del ejecutor&#8217; es la \u00faltima novela de Vicente Vall\u00e9s, que ha acudido a &#8216;El Hormiguero&#8217; para hablar de ella.<\/p>\n<p>&#13;Antena 3<\/p>\n<p>\u00abTe lo dio Mat\u00edas Prat, que me dijo que nunca te hab\u00eda visto ponerte nervioso excepto una vez&#8230;\u00bb, ha dejado caer Motos. <strong>El p\u00fablico ha esperado expectante la respuesta.<\/strong> \u00bfSer\u00eda durante uno de los telediarios? \u00bfEn alguna conexi\u00f3n? \u00bfEn su vida privada? Pablo no ha esperado mucho para desvelarlo: \u00abEn una tanda de penaltis\u00bb.<\/p>\n<p><img loading=\"lazy\" decoding=\"async\"   src=\"https:\/\/www.europesays.com\/es\/wp-content\/uploads\/2025\/10\/vicente-valles_ed15578b_251001223914_1200x676.webp.webp\" alt=\"Vicente Vall\u00e9s\" class=\"lazyload\" width=\"1200\" height=\"676\" data-aspectratio=\"1200\/676\"\/><\/p>\n<p>Vicente Vall\u00e9s es el presentador del telenoticias m\u00e1s visto de la televisi\u00f3n, como ha contado Pablo Motos.<\/p>\n<p>&#13;Atresmedia<\/p>\n<p>As\u00ed es. La afici\u00f3n de Vicente por este deporte ha hecho que no pueda controlar sus nervios ante partidos importantes. \u00ab<strong>Yo siempre me pongo nervioso cuando juega mi equipo<\/strong>, que es\u00a0el Atl\u00e9tico de Madrid\u00bb, ha confirmado. El periodista confes\u00f3 en &#8216;El Novato&#8217;, el programa de Joaqu\u00edn S\u00e1nchez, que el f\u00fatbol hab\u00eda sido su primera vocaci\u00f3n. \u00abYo jugaba al f\u00fatbol antes de que el hombre pisase la Luna. Me habr\u00eda gustado ser c\u00f3mo t\u00fa, pero no ten\u00eda el talento suficiente\u00bb, cont\u00f3 Vall\u00e9s al exjugador del Real Betis Balompi\u00e9.<\/p>\n<p>El sue\u00f1o de Vicente Vall\u00e9s<\/p>\n<p>Es un apasionado del periodismo. Tambi\u00e9n del deporte y la m\u00fasica, pero decidi\u00f3 hacer carrera en la primera. Se licenci\u00f3\u00a0en Periodismo en la Facultad de Ciencias de la Informaci\u00f3n de la Universidad Complutense de Madrid en 1986. De ah\u00ed, salt\u00f3 a la radio. <strong>Su carrera comenz\u00f3 en &#8216;Hoy por hoy&#8217; y &#8216;Hora 25&#8217;, de la cadena SER.<\/strong><\/p>\n<p>Solo dos a\u00f1os despu\u00e9s le lleg\u00f3 su primera oportunidad en televisi\u00f3n. Fich\u00f3 como redactor de deportes en TVE. Casi cuatro d\u00e9cadas despu\u00e9s y habiendo dejado su sello en Telemadrid, Telecinco y TVE, el madrile\u00f1o <strong>se ha posicionado como uno de los mejores presentadores del pa\u00eds.<\/strong><\/p>\n<p><img loading=\"lazy\" decoding=\"async\"   src=\"https:\/\/www.europesays.com\/es\/wp-content\/uploads\/2025\/10\/vicente-valles-y-ana-pastor_02c74246_251001222951_1200x800.webp.webp\" alt=\"Vicente Vall\u00e9s y Ana Pastor\" class=\"lazyload\" width=\"1200\" height=\"800\" data-aspectratio=\"1200\/800\"\/><\/p>\n<p>Vicente Vall\u00e9s, uno de los presentadores m\u00e1s queridos de Antena 3, se sienta en el plat\u00f3 de &#8216;El Hormiguero&#8217;.<\/p>\n<p>&#13;GTRES<\/p>\n<p>A d\u00eda de hoy, desempe\u00f1a sus funciones en Noticias 2, de Antena 3. Adem\u00e1s, hace apenas unos meses fue\u00a0<strong>investido doctor honoris causa <\/strong>por la Universidad Internacional de Valencia.\u00a0 Ahora mismo se encuentra en uno de los momentos m\u00e1s brillantes de esta trayectoria profesional como el l\u00edder imbatible del telediario de Antena 3.<\/p>\n<p>Pero, <strong>\u00bfQu\u00e9 har\u00e1 cuando sea el momento de dejar la televisi\u00f3n y jubilarse? <\/strong>\u00bfQuiere escribir m\u00e1s novelas? \u00bfPrefiere alejarse para siempre de los focos? Aunque es posible que no tenga respuesta a\u00fan para estas preguntas, lo que s\u00ed tiene claro Vicente es donde quiere retirarse. Tal como cont\u00f3 \u00e9l mismo a la revista &#8216;NT&#8217;, su idea es vivir su vejez en las islas Canarias.<\/p>\n<p>Poquito antes de que naciera nuestro hijo m\u00e1s peque\u00f1o pasamos una primera Navidad en Gran Canaria y lo pasamos tan bien que decidimos que ten\u00edamos que buscar un sitio en Canarias <strong>para poder tener un lugar al que ir habitualmente. Y lo encontramos all\u00ed, en Abades<\/strong>\u00ab, relat\u00f3.<\/p>\n<p>Esta localidad costera que se encuentra al sureste de Tenerife cuenta con una gran carga hist\u00f3rica y es considerado como un oasis de tranquilidad. <strong>Calles con encanto, rutas de senderismo por una naturaleza salvaje<\/strong> y aguas cristalinas en calas volc\u00e1nicas hacen de este enclave un lugar ideal para descansar tras a\u00f1os de arduo trabajo.<\/p>\n<p><img loading=\"lazy\" decoding=\"async\"   src=\"https:\/\/www.europesays.com\/es\/wp-content\/uploads\/2025\/10\/vicente-valles_c2b2cf9d_251001195250_1200x789.webp.webp\" alt=\"Vicente Vall\u00e9s\" class=\"lazyload\" width=\"1200\" height=\"789\" data-aspectratio=\"1200\/789\"\/><\/p>\n<p>Vicente Vall\u00e9s es un escritor renombrado, con novelas como &#8216;Operaci\u00f3n Kazan&#8217; o &#8216;La caza del ejecutor&#8217;.<\/p>\n<p>&#13;GTRES<\/p>\n<p>Para Vall\u00e9s, este pueblecito simboliza \u00ab<strong>calma y otro tipo de vida que nada tiene que ver con el que llevamos aqu\u00ed en el d\u00eda a d\u00eda\u00bb.<\/strong> Adem\u00e1s, como buena parte del archipi\u00e9lago canario, cuenta con un tiempo envidiable. \u00abEsto de meterte en el avi\u00f3n en Madrid con el abrigo puesto y bajarte del avi\u00f3n en cualquiera de las islas con las cholas, como dec\u00eds vosotros, es una maravilla\u00bb, dec\u00eda, sonriente.<\/p>\n<blockquote class=\"instagram-media\" data-instgrm-captioned=\"\" data-instgrm-permalink=\"https:\/\/www.instagram.com\/p\/BxwtUFHF5QQ\/?utm_source=ig_embed&amp;utm_campaign=loading\" data-instgrm-version=\"14\" style=\" background:#FFF; border:0; border-radius:3px; box-shadow:0 0 1px 0 rgba(0,0,0,0.5),0 1px 10px 0 rgba(0,0,0,0.15); margin: 1px; max-width:540px; min-width:326px; padding:0; width:99.375%; width:-webkit-calc(100% - 2px); width:calc(100% - 2px);\"\/>\n<p>Aunque sus obligaciones como periodista le obligan a vivir en la pen\u00ednsula, Vicente y su familia siempre aprovechan cualquier ocasi\u00f3n para viajar hasta Abades.\u00a0\u00ab<strong>Vamos cuando podemos, que es menos de lo que nos gustar\u00eda<\/strong>. Nos ha hecho tan felices estar all\u00ed en Canarias que ya conocemos todas las islas. Las ocho, incluida La Graciosa\u00bb, asegur\u00f3 al citado medio.\u00a0<\/p>\n<p>Es por todo ello que, llegado el momento, Vicente tiene muy claro que viajar\u00e1 hasta esta poblaci\u00f3n para pasar largas temporadas. \u00abTambi\u00e9n pensando en el d\u00eda despu\u00e9s de acabar el trabajo, la jubilaci\u00f3n y la posibilidad de pasar largas temporadas en Canarias\u00bb, reconoc\u00eda.<\/p>\n<p>La dif\u00edcil infancia de Vicente Vall\u00e9s<\/p>\n<p>Detr\u00e1s del rostro de Antena 3 Noticias, hay un hombre de or\u00edgenes muy humildes. Creci\u00f3 entre \u00abchabolas\u00bb. \u00abEl primer recuerdo que yo creo tener de mi infancia es el de, siendo muy peque\u00f1ito, estar en mi barrio, que era Vallecas, en una calle llena de barro porque no estaba asfaltada. <strong>Nac\u00ed en un barrio de chabolas que hab\u00eda detr\u00e1s del campo del Rayo<\/strong><strong>Vallecano<\/strong>\u00ab, cont\u00f3 en una entrevista con ZendaLibros. Entonces, viv\u00eda en una casa construida por su abuelo \u00abcon sus propias manos durante la posguerra\u00bb.<\/p>\n<p>El gusanillo del periodismo le pic\u00f3 siendo un ni\u00f1o, cuando le\u00eda a diario el peri\u00f3dico con su padre. Lleva m\u00e1s de cuarenta a\u00f1os trabajando como periodista. En este tiempo,\u00a0le ha tocado informar de todo tipo de noticias: <strong>desde los atentados del 11-S en Nueva York, el 11-M en Madrid o la propia pandemia.<\/strong><\/p>\n<p><img loading=\"lazy\" decoding=\"async\"   src=\"https:\/\/www.europesays.com\/es\/wp-content\/uploads\/2025\/10\/vicente-valles_00000000_ae1ded8c_251001195804_1200x868.webp.webp\" alt=\"Vicente Vall\u00e9s\" class=\"lazyload\" width=\"1200\" height=\"868\" data-aspectratio=\"1200\/868\"\/><\/p>\n<p>Vicente Vall\u00e9s no ha dudado en expandir su carrera para participar en programas como &#8216;Pasapalabra&#8217; o &#8216;El Novato&#8217;.<\/p>\n<p>&#13;Antena3<\/p>\n<p>\u201c<strong>Ha habido momentos mejores y otros peores, pero estoy muy orgulloso <\/strong>de todos los premios que me han concedido. Al final, el gran \u00e9xito es que si tienes una ilusi\u00f3n poder cumplirla, yo desde muy jovencito quer\u00eda ser periodista y lo he cumplido\u00bb, expon\u00eda. La mejor noticia que ha dado, seg\u00fan el propio periodista, ha sido la de la existencia de una vacuna contra el Covid.<\/p>\n<p>Su faceta menos conocida<\/p>\n<p>No todo es trabajo en la vida de Vicente Vall\u00e9s. El periodista es un fiel seguidor del Atl\u00e9tico de Madrid y del tenis y un apasionado por la m\u00fasica. \u00abMe encanta la m\u00fasica, mi tercera vocaci\u00f3n tras el f\u00fatbol y la m\u00fasica era el periodismo. Me gusta el rock y me encanta ACDC\u00bb, cont\u00f3 en \u2018Joaqu\u00edn, el novato\u2019. En su lista de reproducci\u00f3n tampoco faltan Los Beatles y Supertramp, adem\u00e1s de por David Bowie.<\/p>\n<p><img loading=\"lazy\" decoding=\"async\"   src=\"https:\/\/www.europesays.com\/es\/wp-content\/uploads\/2025\/10\/vincente-valles-y-angeles-blanco_e7bd3b2b_251001145943_1200x858.webp.webp\" alt=\"Vincente Vall\u00e9s y \u00c1ngeles Blanco\" class=\"lazyload\" width=\"1200\" height=\"858\" data-aspectratio=\"1200\/858\"\/><\/p>\n<p>Vincente Vall\u00e9s y \u00c1ngeles Blanco se conocieron en los pasillos de Telecinco<\/p>\n<p>&#13;GTRES<\/p>\n<p>Vicente Vall\u00e9s comparte su d\u00eda a d\u00eda con\u00a0su compa\u00f1era de profesi\u00f3n y rival televisiva, la periodista \u00c1ngeles Blanco. Sus caminos se cruzaron por los pasillos de Telecinco, concretamente en la edici\u00f3n de Fin de Semana de Informativos en 1999. Sin embargo, su relaci\u00f3n no empez\u00f3 hasta a\u00f1os despu\u00e9s. Tienen un hijo en com\u00fan, Daniel, que naci\u00f3 en 2013. Vall\u00e9s tiene otros dos hijos de su primer matrimonio con la tambi\u00e9n periodista Luc\u00eda M\u00e9ndez, Laura y Diego.<\/p>\n<p><script async src=\"\/\/www.instagram.com\/embed.js\"><\/script><\/p>\n","protected":false},"excerpt":{"rendered":"Vicente Vall\u00e9s (62 a\u00f1os) es un rostro recurrente en &#8216;El Hormiguero&#8217;. El periodista ha acudido en varias ocasiones&hellip;\n","protected":false},"author":2,"featured_media":151632,"comment_status":"","ping_status":"","sticky":false,"template":"","format":"standard","meta":{"footnotes":""},"categories":[174],"tags":[255,146,147,25,24,256,23],"class_list":{"0":"post-151687","1":"post","2":"type-post","3":"status-publish","4":"format-standard","5":"has-post-thumbnail","7":"category-famosos","8":"tag-celebrities","9":"tag-entertainment","10":"tag-entretenimiento","11":"tag-es","12":"tag-espana","13":"tag-famosos","14":"tag-spain"},"share_on_mastodon":{"url":"","error":""},"_links":{"self":[{"href":"https:\/\/www.europesays.com\/es\/wp-json\/wp\/v2\/posts\/151687","targetHints":{"allow":["GET"]}}],"collection":[{"href":"https:\/\/www.europesays.com\/es\/wp-json\/wp\/v2\/posts"}],"about":[{"href":"https:\/\/www.europesays.com\/es\/wp-json\/wp\/v2\/types\/post"}],"author":[{"embeddable":true,"href":"https:\/\/www.europesays.com\/es\/wp-json\/wp\/v2\/users\/2"}],"replies":[{"embeddable":true,"href":"https:\/\/www.europesays.com\/es\/wp-json\/wp\/v2\/comments?post=151687"}],"version-history":[{"count":0,"href":"https:\/\/www.europesays.com\/es\/wp-json\/wp\/v2\/posts\/151687\/revisions"}],"wp:featuredmedia":[{"embeddable":true,"href":"https:\/\/www.europesays.com\/es\/wp-json\/wp\/v2\/media\/151632"}],"wp:attachment":[{"href":"https:\/\/www.europesays.com\/es\/wp-json\/wp\/v2\/media?parent=151687"}],"wp:term":[{"taxonomy":"category","embeddable":true,"href":"https:\/\/www.europesays.com\/es\/wp-json\/wp\/v2\/categories?post=151687"},{"taxonomy":"post_tag","embeddable":true,"href":"https:\/\/www.europesays.com\/es\/wp-json\/wp\/v2\/tags?post=151687"}],"curies":[{"name":"wp","href":"https:\/\/api.w.org\/{rel}","templated":true}]}}