{"id":151688,"date":"2025-10-01T23:51:11","date_gmt":"2025-10-01T23:51:11","guid":{"rendered":"https:\/\/www.europesays.com\/es\/151688\/"},"modified":"2025-10-01T23:51:11","modified_gmt":"2025-10-01T23:51:11","slug":"los-colaboradores-de-zapeando-se-reencuentran-con-sus-versiones-infantiles-gracias-a-la-inteligencia-artificial","status":"publish","type":"post","link":"https:\/\/www.europesays.com\/es\/151688\/","title":{"rendered":"Los colaboradores de &#8216;Zapeando&#8217; se reencuentran con sus versiones infantiles gracias a la inteligencia artificial"},"content":{"rendered":"<p class=\"c-paragraph\">Este mi\u00e9rcoles,\u00a0<a href=\"https:\/\/www.20minutos.es\/tags\/instituciones-empresas\/zapeando.html\" title=\"Zapeando\" rel=\"nofollow noopener\" target=\"_blank\">Zapeando<\/a> se transform\u00f3 en una m\u00e1quina del tiempo al replicar el experimento que <a href=\"https:\/\/www.20minutos.es\/tags\/instituciones-empresas\/el-hormiguero.html\" title=\"El hormiguero\" rel=\"nofollow noopener\" target=\"_blank\">El Hormiguero<\/a> hab\u00eda estrenado la v\u00edspera, y gracias a la inteligencia artificial <b>los colaboradores del programa de La Sexta pudieron conversar con sus yoes infantiles.<\/b><\/p>\n<p class=\"c-paragraph\">El primero en probar la experiencia fue <a href=\"https:\/\/www.20minutos.es\/tags\/personas\/miki-nadal.html\" title=\"Miki Nadal\" rel=\"nofollow noopener\" target=\"_blank\">Miki Nadal<\/a>, cuyo yo infantil, &#8216;Miguel\u00edn&#8217;, demostr\u00f3 una sorprendente practicidad al lanzar la pregunta: <b>\u00ab\u00bfCu\u00e1nto dinero tenemos en el banco?\u00bb<\/b>. El Nadal adulto, con humor y cautela, respondi\u00f3 enigm\u00e1tico: \u00abNo te lo puedo decir, pero no vas a pasar agobios\u00bb.<\/p>\n<p class=\"c-paragraph\"><a href=\"https:\/\/www.20minutos.es\/tags\/personas\/maria-gomez.html\" title=\"Mar\u00eda G\u00f3mez\" rel=\"nofollow noopener\" target=\"_blank\">Mar\u00eda G\u00f3mez<\/a> se reencontr\u00f3 con una versi\u00f3n de s\u00ed misma convencida de que <b>su futuro estaba en los focos, la m\u00fasica y la coreograf\u00eda<\/b>. La prueba: la inocente cuesti\u00f3n de su figura del pasado: \u00ab\u00bfVamos a petarlo cantando y bailando en UPA Dance?\u00bb. \u00abPor supuesto\u00bb, respondi\u00f3 la periodista.<\/p>\n<p class=\"c-paragraph\">En el caso de <a href=\"https:\/\/www.20minutos.es\/tags\/personas\/dani-mateo.html\" title=\"Dani Mateo\" rel=\"nofollow noopener\" target=\"_blank\">Dani Mateo<\/a>, su yo m\u00e1s joven apareci\u00f3 con un pelo ligeramente cobrizo y quiso saber si iba a jugar en el F\u00fatbol Club Barcelona. Tras ver la recreaci\u00f3n, G\u00f3mez coment\u00f3 que <b>aquel detalle capilar pod\u00eda ser \u00abel origen del trauma\u00bb<\/b>, teniendo en cuenta que Mateo ha hecho chistes sobre los pelirrojos en distintas ocasiones.<\/p>\n<p class=\"c-paragraph\">Tambi\u00e9n Isabel Forner se enfrent\u00f3 a una duda vital de su yo m\u00e1s peque\u00f1o: \u00ab\u00bf<b>Vamos a terminar casadas con Dios<\/b> o con un churri guaperas?\u00bb. Ella, optimista, contest\u00f3: \u00abTe lo vas a pasar muy bien\u00bb.<\/p>\n","protected":false},"excerpt":{"rendered":"Este mi\u00e9rcoles,\u00a0Zapeando se transform\u00f3 en una m\u00e1quina del tiempo al replicar el experimento que El Hormiguero hab\u00eda estrenado&hellip;\n","protected":false},"author":2,"featured_media":151689,"comment_status":"","ping_status":"","sticky":false,"template":"","format":"standard","meta":{"footnotes":""},"categories":[171],"tags":[4166,146,147,25,24,4417,40348,7745,23,214,16897],"class_list":{"0":"post-151688","1":"post","2":"type-post","3":"status-publish","4":"format-standard","5":"has-post-thumbnail","7":"category-tv","8":"tag-colaboradores","9":"tag-entertainment","10":"tag-entretenimiento","11":"tag-es","12":"tag-espana","13":"tag-los","14":"tag-reencuentran","15":"tag-se","16":"tag-spain","17":"tag-tv","18":"tag-zapeando"},"share_on_mastodon":{"url":"","error":""},"_links":{"self":[{"href":"https:\/\/www.europesays.com\/es\/wp-json\/wp\/v2\/posts\/151688","targetHints":{"allow":["GET"]}}],"collection":[{"href":"https:\/\/www.europesays.com\/es\/wp-json\/wp\/v2\/posts"}],"about":[{"href":"https:\/\/www.europesays.com\/es\/wp-json\/wp\/v2\/types\/post"}],"author":[{"embeddable":true,"href":"https:\/\/www.europesays.com\/es\/wp-json\/wp\/v2\/users\/2"}],"replies":[{"embeddable":true,"href":"https:\/\/www.europesays.com\/es\/wp-json\/wp\/v2\/comments?post=151688"}],"version-history":[{"count":0,"href":"https:\/\/www.europesays.com\/es\/wp-json\/wp\/v2\/posts\/151688\/revisions"}],"wp:featuredmedia":[{"embeddable":true,"href":"https:\/\/www.europesays.com\/es\/wp-json\/wp\/v2\/media\/151689"}],"wp:attachment":[{"href":"https:\/\/www.europesays.com\/es\/wp-json\/wp\/v2\/media?parent=151688"}],"wp:term":[{"taxonomy":"category","embeddable":true,"href":"https:\/\/www.europesays.com\/es\/wp-json\/wp\/v2\/categories?post=151688"},{"taxonomy":"post_tag","embeddable":true,"href":"https:\/\/www.europesays.com\/es\/wp-json\/wp\/v2\/tags?post=151688"}],"curies":[{"name":"wp","href":"https:\/\/api.w.org\/{rel}","templated":true}]}}