{"id":151692,"date":"2025-10-01T23:54:10","date_gmt":"2025-10-01T23:54:10","guid":{"rendered":"https:\/\/www.europesays.com\/es\/151692\/"},"modified":"2025-10-01T23:54:10","modified_gmt":"2025-10-01T23:54:10","slug":"como-quedo-espana-vs-mexico-sub-20-resultado-y-goles-de-gilberto-mora-en-el-mundial-sub-20","status":"publish","type":"post","link":"https:\/\/www.europesays.com\/es\/151692\/","title":{"rendered":"\u00bfC\u00f3mo qued\u00f3 Espa\u00f1a vs M\u00e9xico Sub 20? Resultado y goles de Gilberto Mora en el Mundial Sub 20"},"content":{"rendered":"\n<p class=\"ue-c-article__paragraph \">Sigue el resultado <strong>Espa\u00f1a &#8211; M\u00e9xico<\/strong> En Vivo por internet. Transmisi\u00f3n minuto a minuto de la <strong>Selecci\u00f3n Mexicana de Futbol en el Copa Mundial FIFA Sub-20 2025<\/strong>, con las alineaciones, <strong>a qu\u00e9 hora juega y d\u00f3nde ver<\/strong>, desde el Estadio Nacional Julio Mart\u00ednez Pr\u00e1danos.<\/p>\n<p><strong>Horario del partido Espa\u00f1a &#8211; M\u00e9xico Sub 20<\/strong><\/p>\n<p class=\"ue-c-article__paragraph \">D\u00eda: <strong>Hoy mi\u00e9rcoles 1 de Octubre 2025<\/strong><\/p>\n<p class=\"ue-c-article__paragraph \">\u00bfA qu\u00e9 hora ser\u00e1? <strong>14:00 horas, tiempo de la Ciudad de M\u00e9xico<\/strong><\/p>\n<p><strong>\u00bfEn qu\u00e9 canal ver transmisi\u00f3n de Espa\u00f1a &#8211; M\u00e9xico Sub 20 en vivo? <\/strong><\/p>\n<p class=\"ue-c-article__paragraph \">Canal: <strong>TUDN y Canal 9<\/strong><\/p>\n<p class=\"ue-c-article__paragraph \">En vivo por internet: <strong>ViX Premium, FIFA+<\/strong> y con nosotros en directo en <strong>MARCA MX<\/strong>.<\/p>\n<p> <strong>Historial M\u00e9xico vs Espa\u00f1a Sub-20<\/strong><\/p>\n<p class=\"ue-c-article__paragraph \">De los cinco duelos m\u00e1s recientes entre <strong>M\u00e9xico y Espa\u00f1a Sub-20<\/strong>, se puede sacar un historial que favorece enormemente a los europeos. Y es que, el historial entre el Tri y la Furia Roja Sub 20 deja un balance de <strong>3 victorias para los espa\u00f1oles, 2 empates y ning\u00fan triunfo para los mexicanos<\/strong>.<\/p>\n<p><strong>\u00daltimos juegos de M\u00e9xico Sub-20<\/strong><\/p>\n<ul class=\"ue-c-article__list ue-c-article__list--unordered\">\n<li>Francia 3-2 M\u00e9xico<\/li>\n<li>Dinamarca 2-1 M\u00e9xico<\/li>\n<li>Brasil 2-2 M\u00e9xico<\/li>\n<\/ul>\n<p><strong>\u00daltimos partidos de Espa\u00f1a Sub-20<\/strong><\/p>\n<ul class=\"ue-c-article__list ue-c-article__list--unordered\">\n<li>Francia 2-0 Espa\u00f1a<\/li>\n<li>Francia 1-0 Espa\u00f1a<\/li>\n<li>Marruecos 2-0 Espa\u00f1a<\/li>\n<\/ul>\n<p class=\"ue-c-article__paragraph \">El <strong>Mundial Sub-20 2025 dio inicio el pasado s\u00e1bado 27 de septiembre y terminar\u00e1 el domingo 19 de octubre<\/strong>, fecha en la que se coronar\u00e1 a la selecci\u00f3n campeona de esta edici\u00f3n.<\/p>\n<p class=\"ue-c-article__paragraph \">Las <strong>24 selecciones <\/strong>est\u00e1n divididas en seis grupos con cuatro equipos, los <strong>dos primeros lugares de cada sector y los mejores cuatro terceros lugares avanzan de ronda<\/strong> en este Mundial Sub-20.<\/p>\n<p><strong>Grupos del Mundial Sub-20 Chile 2025<\/strong><\/p>\n<ul class=\"ue-c-article__list ue-c-article__list--unordered\">\n<li>Grupo A: Chile, Nueva Zelanda, Jap\u00f3n y Egipto<\/li>\n<li>Grupo B: Corea del Sur, Ucrania, Paraguay y Panam\u00e1<\/li>\n<li>Grupo C: Brasil, <strong>M\u00e9xico<\/strong>, Marruecos y Espa\u00f1a<\/li>\n<li>Grupo D: Italia, Australia, Cuba y Argentina<\/li>\n<li>Grupo E: Estados Unidos, Nueva Caledonia, Francia y Sud\u00e1frica<\/li>\n<li>Grupo F: Colombia, Arabia Saudita, Noruega y Nigeria<\/li>\n<\/ul>\n<p><strong>Calendario completo del Mundial Sub-20 Chile 2025<\/strong><\/p>\n<p class=\"ue-c-article__paragraph \">El <strong>Mundial Sub-20 <\/strong>es una gran oportunidad para los j\u00f3venes de consolidar su carrera y, sobre todo, poder ser visto por clubes importantes y pueda ser una catapulta que los lance a una mejor liga que en la que se encuentran.<\/p>\n<p class=\"ue-c-article__paragraph \">Cada partido ser\u00e1 determinante en este <strong>Mundial Sub-20 Chile 2025<\/strong>, desde la Fase de Grupos hasta los cruces de eliminaci\u00f3n directa, aqu\u00ed en <strong>MARCA <\/strong>te compartimos las <strong>fechas m\u00e1s importantes de este torneo.<\/strong><\/p>\n<p class=\"ue-c-article__paragraph \"><strong>Fase de Grupos<\/strong><\/p>\n<ul class=\"ue-c-article__list ue-c-article__list--unordered\">\n<li>Del s\u00e1bado 27 de septiembre al domingo 5 de octubre<\/li>\n<\/ul>\n<p class=\"ue-c-article__paragraph \"><strong>Octavos de Final<\/strong><\/p>\n<ul class=\"ue-c-article__list ue-c-article__list--unordered\">\n<li>Del martes 7 de octubre al jueves 9 de octubre<\/li>\n<\/ul>\n<p class=\"ue-c-article__paragraph \"><strong>Cuartos de Final<\/strong><\/p>\n<ul class=\"ue-c-article__list ue-c-article__list--unordered\">\n<li>S\u00e1bado 11 de octubre y domingo 12 de octubre<\/li>\n<\/ul>\n<p class=\"ue-c-article__paragraph \"><strong>Semifinales<\/strong><\/p>\n<p class=\"ue-c-article__paragraph \"><strong>Tercer lugar<\/strong><\/p>\n<p class=\"ue-c-article__paragraph \"><strong>Final<\/strong><\/p>\n<p><strong>Jugadores mexicanos convocados para el Mundial Sub-20 Chile 2025<\/strong><\/p>\n<p class=\"ue-c-article__paragraph \"><strong>Porteros<\/strong><\/p>\n<ul class=\"ue-c-article__list ue-c-article__list--unordered\">\n<li>Pablo Lara (Pumas)<\/li>\n<li>Emmanuel Ochoa (Cruz Azul)<\/li>\n<li>Juan Liceaga (Tapat\u00edo)<\/li>\n<\/ul>\n<p class=\"ue-c-article__paragraph \"><strong>Defensas<\/strong><\/p>\n<ul class=\"ue-c-article__list ue-c-article__list--unordered\">\n<li>Everardo L\u00f3pez (Toluca)<\/li>\n<li>Jaziel Mendoza (Cruz Azul)<\/li>\n<li>Diego Ochoa (Ju\u00e1rez)<\/li>\n<li>Rodrigo Pachuca (Puebla)<\/li>\n<li>C\u00e9sar Bustos (Rayados)<\/li>\n<\/ul>\n<p class=\"ue-c-article__paragraph \"><strong>Medios<\/strong><\/p>\n<ul class=\"ue-c-article__list ue-c-article__list--unordered\">\n<li>Diego S\u00e1nchez (Tigres)<\/li>\n<li>Obed Vargas (Seattle Sounders)<\/li>\n<li>C\u00e9sar Garza (Dundee)<\/li>\n<li>Iker Fimbres (Rayados)<\/li>\n<li>El\u00edas Montiel (Pachuca)<\/li>\n<li>Alex\u00e9i Dom\u00ednguez (Pachuca)<\/li>\n<li>Amaury Morales (Cruz Azul)<\/li>\n<\/ul>\n<p class=\"ue-c-article__paragraph \"><strong>Delanteros<\/strong><\/p>\n<ul class=\"ue-c-article__list ue-c-article__list--unordered\">\n<li>Yael Padilla (Chivas)<\/li>\n<li>Gilberto Mora (Tijuana)<\/li>\n<li>Oswaldo Virgen (Toluca)<\/li>\n<li>Mateo Levy (Cruz Azul)<\/li>\n<li>Tahiel Jim\u00e9nez (Santos)<\/li>\n<li>Hugo Camberos (Chivas)<\/li>\n<\/ul>\n","protected":false},"excerpt":{"rendered":"Sigue el resultado Espa\u00f1a &#8211; M\u00e9xico En Vivo por internet. Transmisi\u00f3n minuto a minuto de la Selecci\u00f3n Mexicana&hellip;\n","protected":false},"author":2,"featured_media":151693,"comment_status":"","ping_status":"","sticky":false,"template":"","format":"standard","meta":{"footnotes":""},"categories":[93],"tags":[168,45937,25,24,45936,45935,23,167],"class_list":{"0":"post-151692","1":"post","2":"type-post","3":"status-publish","4":"format-standard","5":"has-post-thumbnail","7":"category-deportes","8":"tag-deportes","9":"tag-eduardo-arce","10":"tag-es","11":"tag-espana","12":"tag-seleccion-de-futbol-de-espana-mx","13":"tag-seleccion-de-futbol-de-mexico-mx","14":"tag-spain","15":"tag-sports"},"share_on_mastodon":{"url":"","error":""},"_links":{"self":[{"href":"https:\/\/www.europesays.com\/es\/wp-json\/wp\/v2\/posts\/151692","targetHints":{"allow":["GET"]}}],"collection":[{"href":"https:\/\/www.europesays.com\/es\/wp-json\/wp\/v2\/posts"}],"about":[{"href":"https:\/\/www.europesays.com\/es\/wp-json\/wp\/v2\/types\/post"}],"author":[{"embeddable":true,"href":"https:\/\/www.europesays.com\/es\/wp-json\/wp\/v2\/users\/2"}],"replies":[{"embeddable":true,"href":"https:\/\/www.europesays.com\/es\/wp-json\/wp\/v2\/comments?post=151692"}],"version-history":[{"count":0,"href":"https:\/\/www.europesays.com\/es\/wp-json\/wp\/v2\/posts\/151692\/revisions"}],"wp:featuredmedia":[{"embeddable":true,"href":"https:\/\/www.europesays.com\/es\/wp-json\/wp\/v2\/media\/151693"}],"wp:attachment":[{"href":"https:\/\/www.europesays.com\/es\/wp-json\/wp\/v2\/media?parent=151692"}],"wp:term":[{"taxonomy":"category","embeddable":true,"href":"https:\/\/www.europesays.com\/es\/wp-json\/wp\/v2\/categories?post=151692"},{"taxonomy":"post_tag","embeddable":true,"href":"https:\/\/www.europesays.com\/es\/wp-json\/wp\/v2\/tags?post=151692"}],"curies":[{"name":"wp","href":"https:\/\/api.w.org\/{rel}","templated":true}]}}