{"id":151694,"date":"2025-10-01T23:56:10","date_gmt":"2025-10-01T23:56:10","guid":{"rendered":"https:\/\/www.europesays.com\/es\/151694\/"},"modified":"2025-10-01T23:56:10","modified_gmt":"2025-10-01T23:56:10","slug":"quien-es-el-invitado-que-visita-la-revuelta-de-david-broncano-hoy-miercoles-1-de-octubre","status":"publish","type":"post","link":"https:\/\/www.europesays.com\/es\/151694\/","title":{"rendered":"\u00bfQui\u00e9n es el invitado que visita &#8216;La Revuelta&#8217; de David Broncano hoy, mi\u00e9rcoles 1 de octubre?"},"content":{"rendered":"<p>Tras despedir el mes con la visita de Ar\u00f3n Piper, Fernando Valdivielso y Lali Exp\u00f3sito, <a href=\"https:\/\/eltelevisero.huffingtonpost.es\/2025\/09\/la-revuelta-rompe-la-regla-y-desvela-los-6-potentes-invitados-que-recibe-broncano-esta-semana\/\" rel=\"nofollow noopener\" target=\"_blank\">&#8216;La Revuelta&#8217;<\/a> entra de lleno en octubre con m\u00e1s sorpresas este mi\u00e9rcoles. <a href=\"https:\/\/eltelevisero.huffingtonpost.es\/2025\/09\/monica-naranjo-no-se-corta-al-sentenciar-lo-que-piensa-de-david-broncano-en-la-revuelta-yo-seria-incapaz\/\" rel=\"nofollow noopener\" target=\"_blank\">David Broncano<\/a> se reencontr\u00f3 despu\u00e9s de a\u00f1os con el actor y cantante, que acudi\u00f3 por primera vez al espacio de La 1 junto a su compa\u00f1ero de escena para presentar su nueva pel\u00edcula &#8216;La Tregua&#8217;, mientras que la cantante argentina ocup\u00f3 la recta final de la noche.<\/p>\n<p>La visita del d\u00fao de actores y la int\u00e9rprete de &#8216;Disciplina&#8217; se tradujo en un 12.1% de share y 1.444.000 espectadores mientras que &#8216;El Hormiguero&#8217; logr\u00f3 firmar un 14.8% de share y 1.746.000 espectadores gracias a la \u00faltima aparici\u00f3n de Luis Zahera en el espacio de Antena 3. Por su parte, la franja express de &#8216;Supervivientes All Stars&#8217; firm\u00f3 un 9.1% de cuota de pantalla y 1.065.000 seguidores.<\/p>\n<p>Antonio Orozco, el invitado de David Broncano de este mi\u00e9rcoles en &#8216;La Revuelta&#8217;<\/p>\n<p>Pero qui\u00e9n visita hoy mi\u00e9rcoles, 1 de octubre &#8216;La Revuelta&#8217; como invitado? &#8216;El Hormiguero&#8217; recibir\u00e1 una vez m\u00e1s a Vicente Vall\u00e9s, que regresar\u00e1 al espacio de Antena 3 para hacer su habitual repaso de la actualidad de la actualidad junto a Pablo Motos que lleva a cabo cada temporada. Por su parte, David Broncano recibir\u00e1 por primera vez a Antonio Orozco. <\/p>\n<p>A\u00f1os despu\u00e9s de su \u00faltima visita a &#8216;La Resistencia&#8217; de Movistar Plus+, el int\u00e9rprete se reencontrar\u00e1 este mi\u00e9rcoles con Broncano con un motivo muy especial, presentar su primer libro &#8216;Inevitablemente yo&#8217;, un proyecto que ha llegado a las librer\u00edas este septiembre en mitad de uno de los mejores momentos profesionales para el de Barcelona.<\/p>\n<p>El cantante har\u00e1 una parada en el espacio de David Broncano entre concierto y concierto de su tour &#8216;La gira de mi vida&#8217;, con la que adem\u00e1s de recorrer distintas ciudades de Espa\u00f1a este a\u00f1o viajar\u00e1 por otros destinos en Europa a lo largo del 2026. Tras el lanzamiento de su \u00faltimo \u00e1lbum &#8216;El tiempo no es oro&#8217;, Orozco se ha embarcado en esta tanda de conciertos para celebrar sus 25 a\u00f1os de carrera junto a sus fans.<\/p>\n","protected":false},"excerpt":{"rendered":"Tras despedir el mes con la visita de Ar\u00f3n Piper, Fernando Valdivielso y Lali Exp\u00f3sito, &#8216;La Revuelta&#8217; entra&hellip;\n","protected":false},"author":2,"featured_media":151695,"comment_status":"","ping_status":"","sticky":false,"template":"","format":"standard","meta":{"footnotes":""},"categories":[91],"tags":[146,147,25,24,23],"class_list":{"0":"post-151694","1":"post","2":"type-post","3":"status-publish","4":"format-standard","5":"has-post-thumbnail","7":"category-entretenimiento","8":"tag-entertainment","9":"tag-entretenimiento","10":"tag-es","11":"tag-espana","12":"tag-spain"},"share_on_mastodon":{"url":"","error":""},"_links":{"self":[{"href":"https:\/\/www.europesays.com\/es\/wp-json\/wp\/v2\/posts\/151694","targetHints":{"allow":["GET"]}}],"collection":[{"href":"https:\/\/www.europesays.com\/es\/wp-json\/wp\/v2\/posts"}],"about":[{"href":"https:\/\/www.europesays.com\/es\/wp-json\/wp\/v2\/types\/post"}],"author":[{"embeddable":true,"href":"https:\/\/www.europesays.com\/es\/wp-json\/wp\/v2\/users\/2"}],"replies":[{"embeddable":true,"href":"https:\/\/www.europesays.com\/es\/wp-json\/wp\/v2\/comments?post=151694"}],"version-history":[{"count":0,"href":"https:\/\/www.europesays.com\/es\/wp-json\/wp\/v2\/posts\/151694\/revisions"}],"wp:featuredmedia":[{"embeddable":true,"href":"https:\/\/www.europesays.com\/es\/wp-json\/wp\/v2\/media\/151695"}],"wp:attachment":[{"href":"https:\/\/www.europesays.com\/es\/wp-json\/wp\/v2\/media?parent=151694"}],"wp:term":[{"taxonomy":"category","embeddable":true,"href":"https:\/\/www.europesays.com\/es\/wp-json\/wp\/v2\/categories?post=151694"},{"taxonomy":"post_tag","embeddable":true,"href":"https:\/\/www.europesays.com\/es\/wp-json\/wp\/v2\/tags?post=151694"}],"curies":[{"name":"wp","href":"https:\/\/api.w.org\/{rel}","templated":true}]}}