{"id":151699,"date":"2025-10-01T23:59:08","date_gmt":"2025-10-01T23:59:08","guid":{"rendered":"https:\/\/www.europesays.com\/es\/151699\/"},"modified":"2025-10-01T23:59:08","modified_gmt":"2025-10-01T23:59:08","slug":"la-casa-blanca-preve-despidos-por-cierre-de-gobierno-dw-02-10-2025","status":"publish","type":"post","link":"https:\/\/www.europesays.com\/es\/151699\/","title":{"rendered":"La Casa Blanca prev\u00e9 despidos por cierre de Gobierno \u2013 DW \u2013 02\/10\/2025"},"content":{"rendered":"<p>La Casa Blanca asegur\u00f3 que \u00abson inminentes\u00bb los despidos de trabajadores p\u00fablicos derivados del <a class=\"internal-link\" href=\"https:\/\/www.dw.com\/es\/eeuu-activa-el-cierre-del-gobierno-federal\/a-74194578\" rel=\"nofollow noopener\" target=\"_blank\">cierre del Gobierno federal<\/a>\u00a0de <a class=\"internal-link\" href=\"https:\/\/www.dw.com\/es\/estados-unidos\/t-17411942\" rel=\"nofollow noopener\" target=\"_blank\">Estados Unidos<\/a> iniciado este mi\u00e9rcoles (01.10.2025) por falta de acuerdo entre republicanos y dem\u00f3cratas en el Congreso.<\/p>\n<p>\u00abConsideramos que los despidos son inminentes. Lamentablemente, son una consecuencia de la paralizaci\u00f3n del Gobierno\u00bb, dijo en rueda de prensa la portavoz de la Casa Blanca, Karoline Leavitt, que responsabiliz\u00f3 a los dem\u00f3cratas del cierre.<\/p>\n<p>Por su parte, el director de la Oficina de Administraci\u00f3n y Presupuesto, Russell Vought, dijo en una llamada con periodistas que la medida podr\u00eda adoptarse en \u00abdos d\u00edas\u00bb.<\/p>\n<p>Al ser preguntada por una fecha y un volumen aproximado de despidos, Leavitt dijo que no pod\u00eda brindar de momento m\u00e1s detalles.\u00a0<\/p>\n<p>En l\u00ednea con el deseo del Gobierno de <a class=\"internal-link\" href=\"https:\/\/www.dw.com\/es\/trump-donald\/t-19445010\" rel=\"nofollow noopener\" target=\"_blank\">Donald Trump<\/a> de adelgazar la administraci\u00f3n, la Oficina de Gesti\u00f3n y Presupuesto ya envi\u00f3 un memorando hace d\u00edas ordenando a las distintas agencias que identifiquen programas clasificados como no esenciales para activar despidos si la paralizaci\u00f3n federal se prolonga.<\/p>\n<p>Senado tumba dos propuestas<\/p>\n<p><a class=\"internal-link\" href=\"https:\/\/www.dw.com\/es\/eeuu-senado-rechaza-extender-gasto-presupuestario\/a-74208691\" rel=\"nofollow noopener\" target=\"_blank\">El Senado tumb\u00f3 este mismo mi\u00e9rcoles dos propuestas<\/a> presupuestarias presentadas respectivamente por dem\u00f3cratas y republicanos para tratar de levantar el cierre parcial del Gobierno.<\/p>\n<p>La Administraci\u00f3n de Trump ha acusado a los dem\u00f3cratas -que para apoyar en el Senado un presupuesto que reabra el Gobierno exigen incrementar partidas y subsidios en sanidad- de querer ofrecer atenci\u00f3n sanitaria gratuita a \u00abinmigrantes ilegales\u00bb.<\/p>\n<p>Seg\u00fan estimaciones de la Oficina de Presupuesto del Congreso, aproximadamente 750.000 empleados federales considerados no esenciales han sido suspendidos temporalmente de empleo y sueldo con motivo del cierre.<\/p>\n<p>A su vez, algo m\u00e1s de 1,5 millones de funcionarios, incluyendo fuerzas de seguridad o controladores a\u00e9reos, contin\u00faan trabajando, aunque no percibir\u00e1n sus salarios hasta que se resuelva la paralizaci\u00f3n administrativa.<\/p>\n<p>mg (efe, CBS News)<\/p>\n<p>\u00a0<\/p>\n","protected":false},"excerpt":{"rendered":"La Casa Blanca asegur\u00f3 que \u00abson inminentes\u00bb los despidos de trabajadores p\u00fablicos derivados del cierre del Gobierno federal\u00a0de&hellip;\n","protected":false},"author":2,"featured_media":151700,"comment_status":"","ping_status":"","sticky":false,"template":"","format":"standard","meta":{"footnotes":""},"categories":[42],"tags":[17,18,13,14,11,61,62,63,64,19,20,9,10,15,16,12,21,22,65,66,67],"class_list":{"0":"post-151699","1":"post","2":"type-post","3":"status-publish","4":"format-standard","5":"has-post-thumbnail","7":"category-internacional","8":"tag-breaking-news","9":"tag-breakingnews","10":"tag-featured-news","11":"tag-featurednews","12":"tag-headlines","13":"tag-internacional","14":"tag-international","15":"tag-international-news","16":"tag-internationalnews","17":"tag-latest-news","18":"tag-latestnews","19":"tag-news","20":"tag-noticias","21":"tag-noticias-destacadas","22":"tag-noticiasdestacadas","23":"tag-titulares","24":"tag-ultimas-noticias","25":"tag-ultimasnoticias","26":"tag-world","27":"tag-world-news","28":"tag-worldnews"},"share_on_mastodon":{"url":"","error":""},"_links":{"self":[{"href":"https:\/\/www.europesays.com\/es\/wp-json\/wp\/v2\/posts\/151699","targetHints":{"allow":["GET"]}}],"collection":[{"href":"https:\/\/www.europesays.com\/es\/wp-json\/wp\/v2\/posts"}],"about":[{"href":"https:\/\/www.europesays.com\/es\/wp-json\/wp\/v2\/types\/post"}],"author":[{"embeddable":true,"href":"https:\/\/www.europesays.com\/es\/wp-json\/wp\/v2\/users\/2"}],"replies":[{"embeddable":true,"href":"https:\/\/www.europesays.com\/es\/wp-json\/wp\/v2\/comments?post=151699"}],"version-history":[{"count":0,"href":"https:\/\/www.europesays.com\/es\/wp-json\/wp\/v2\/posts\/151699\/revisions"}],"wp:featuredmedia":[{"embeddable":true,"href":"https:\/\/www.europesays.com\/es\/wp-json\/wp\/v2\/media\/151700"}],"wp:attachment":[{"href":"https:\/\/www.europesays.com\/es\/wp-json\/wp\/v2\/media?parent=151699"}],"wp:term":[{"taxonomy":"category","embeddable":true,"href":"https:\/\/www.europesays.com\/es\/wp-json\/wp\/v2\/categories?post=151699"},{"taxonomy":"post_tag","embeddable":true,"href":"https:\/\/www.europesays.com\/es\/wp-json\/wp\/v2\/tags?post=151699"}],"curies":[{"name":"wp","href":"https:\/\/api.w.org\/{rel}","templated":true}]}}