{"id":151703,"date":"2025-10-02T00:01:11","date_gmt":"2025-10-02T00:01:11","guid":{"rendered":"https:\/\/www.europesays.com\/es\/151703\/"},"modified":"2025-10-02T00:01:11","modified_gmt":"2025-10-02T00:01:11","slug":"en-contra-de-lo-que-cree-la-mayoria-creo-que-esta-en-un-buen-momento","status":"publish","type":"post","link":"https:\/\/www.europesays.com\/es\/151703\/","title":{"rendered":"\u00abEn contra de lo que cree la mayor\u00eda, creo que est\u00e1 en un buen momento\u00bb"},"content":{"rendered":"<p class=\"paragraph\">El presentador de los informativos de las 21:00 horas de Antena 3, <b>Vicente Vall\u00e9s<\/b>, ha visitado El Hormiguero para presentar su \u00faltimo libro, <b>La caza del ejecutor<\/b>. Una vez all\u00ed, ha comentado aspectos de esa novela, de la pol\u00edtica internacional que la ambienta, pero tambi\u00e9n de la situaci\u00f3n pol\u00edtica de Espa\u00f1a.<\/p>\n<p class=\"paragraph\">Preguntado sobre si <b>Pedro S\u00e1nchez<\/b> agotar\u00e1 la <b>legislatura <\/b>o se ver\u00e1 obligado (por necesidad o inter\u00e9s) a adelantar las elecciones, ha bromeado diciendo que, si lo supiera, \u00ablo contar\u00eda por al televisi\u00f3n, que es nuestro trabajo\u00bb.<\/p>\n<p>            <a href=\"#\" title=\"\"><br \/>\n                <img decoding=\"async\" loading=\"lazy\" width=\"120px\" height=\"90px\" alt=\"Vicente Vall\u00e9s, en una imagen de archivo\" src=\"https:\/\/imagenes.eldebate.com\/files\/related_image\/uploads\/2025\/10\/01\/68dd44d35d270.jpeg\" data-full-src=\"https:\/\/www.europesays.com\/es\/wp-content\/uploads\/2025\/10\/68dd44d35d270.jpeg\"\/><br \/>\n            <\/a><\/p>\n<p class=\"paragraph\">Bromas aparte, ha a\u00f1adido que, \u00abcontrariamente a lo que cree la mayor\u00eda,<b> yo creo que est\u00e1 en un buen momento<\/b> para \u00e9l (&#8230;). Ya advirti\u00f3 que estaba dispuesto a gobernar con o sin el parlamento, y eso est\u00e1 haciendo (&#8230;), hasta el punto de que tendr\u00eda que haber presentado a esta hora los Presupuestos Generales del Estado\u00bb, ha recordado.<\/p>\n<p class=\"paragraph\">Para Vall\u00e9s, el hecho de que haya anunciado, como hizo en su momento, que est\u00e1n dispuestos a seguir sin el concurso de la C\u00e1mara Baja, deja a sus socios en una situaci\u00f3n de profunda debilidad, pues <b>dejan de ser necesarios<\/b>.<\/p>\n<p>\u00bfEs S\u00e1nchez trumpista?<\/p>\n<p class=\"paragraph\">Preguntado sobre si encuentra similitudes entre Donald Trump y Pedro S\u00e1nchez, en alusi\u00f3n a sus cr\u00edticas a la prensa y a determinados jueces, Vall\u00e9s ha se\u00f1alado coincidencias \u00ab<b>entre actitudes trumpistas y actitudes que cada vez tienen m\u00e1s pol\u00edticos en occidente<\/b>\u00bb, sin dar nombres. \u00abNo se puede considerar que el trumpismo funciona en Estados Unidos y en Espa\u00f1a nada m\u00e1s\u00bb, ha dicho al respecto.<\/p>\n<p class=\"paragraph\">Sobre los casos de corrupci\u00f3n abiertos en el entorno m\u00e1s pr\u00f3ximo al presidente, Vicente Vall\u00e9s ha hecho una defensa de la <b>presunci\u00f3n de inocencia<\/b>. \u00abOtra cuesti\u00f3n es la parte de la \u00e9tica \u2013ha a\u00f1adido\u2013 y no est\u00e1 en manos de los jueces: est\u00e1 en manos de los ciudadanos\u00bb.<\/p>\n<p class=\"paragraph\">\u00abAh\u00ed lo que ocurre es que la \u00e9tica s\u00ed debe ser fuente de las decisiones pol\u00edticas (&#8230;). Cuando entra en juego la \u00e9tica eso [en alusi\u00f3n a los casos de corrupci\u00f3n] <b>deber\u00eda tener consecuencias pol\u00edticas<\/b>. Deber\u00eda, pero no las tiene\u00bb.<\/p>\n<p>El post-sanchismo<\/p>\n<p class=\"paragraph\">Para el presentador, la <b>resistencia a dimitir<\/b> es com\u00fan a todos los partido porque \u00abaquellos que est\u00e1n en el poder intentan no dar nunca sensaci\u00f3n de debilidad\u00bb.<\/p>\n<p class=\"paragraph\">Pablo Motos ha preguntado a Vall\u00e9s por el futuro pr\u00f3ximo de S\u00e1nchez y qu\u00e9 pasar\u00eda en caso de una derrota electoral y el escenario que se abrir\u00eda en el PSOE.<\/p>\n<p class=\"paragraph\">\u00abA Pedro S\u00e1nchez es muy dif\u00edcil que el partido lo eche porque tiene un control enorme sobre la estructura del partido\u00bb, ha recordado el presentador. \u00abSi \u00e9l pierde el poder, <b>cosa que no creo que sea tan f\u00e1cil<\/b>, eso no significar\u00eda que tuviera que dejar la direcci\u00f3n del partido\u00bb, a\u00f1adiendo que eso es algo que depender\u00e1 \u00abde su propia voluntad\u00bb.<\/p>\n","protected":false},"excerpt":{"rendered":"El presentador de los informativos de las 21:00 horas de Antena 3, Vicente Vall\u00e9s, ha visitado El Hormiguero&hellip;\n","protected":false},"author":2,"featured_media":151704,"comment_status":"","ping_status":"","sticky":false,"template":"","format":"standard","meta":{"footnotes":""},"categories":[5],"tags":[17,18,25,24,13,14,11,19,20,9,10,15,16,23,12,21,22],"class_list":{"0":"post-151703","1":"post","2":"type-post","3":"status-publish","4":"format-standard","5":"has-post-thumbnail","7":"category-titulares","8":"tag-breaking-news","9":"tag-breakingnews","10":"tag-es","11":"tag-espana","12":"tag-featured-news","13":"tag-featurednews","14":"tag-headlines","15":"tag-latest-news","16":"tag-latestnews","17":"tag-news","18":"tag-noticias","19":"tag-noticias-destacadas","20":"tag-noticiasdestacadas","21":"tag-spain","22":"tag-titulares","23":"tag-ultimas-noticias","24":"tag-ultimasnoticias"},"share_on_mastodon":{"url":"","error":""},"_links":{"self":[{"href":"https:\/\/www.europesays.com\/es\/wp-json\/wp\/v2\/posts\/151703","targetHints":{"allow":["GET"]}}],"collection":[{"href":"https:\/\/www.europesays.com\/es\/wp-json\/wp\/v2\/posts"}],"about":[{"href":"https:\/\/www.europesays.com\/es\/wp-json\/wp\/v2\/types\/post"}],"author":[{"embeddable":true,"href":"https:\/\/www.europesays.com\/es\/wp-json\/wp\/v2\/users\/2"}],"replies":[{"embeddable":true,"href":"https:\/\/www.europesays.com\/es\/wp-json\/wp\/v2\/comments?post=151703"}],"version-history":[{"count":0,"href":"https:\/\/www.europesays.com\/es\/wp-json\/wp\/v2\/posts\/151703\/revisions"}],"wp:featuredmedia":[{"embeddable":true,"href":"https:\/\/www.europesays.com\/es\/wp-json\/wp\/v2\/media\/151704"}],"wp:attachment":[{"href":"https:\/\/www.europesays.com\/es\/wp-json\/wp\/v2\/media?parent=151703"}],"wp:term":[{"taxonomy":"category","embeddable":true,"href":"https:\/\/www.europesays.com\/es\/wp-json\/wp\/v2\/categories?post=151703"},{"taxonomy":"post_tag","embeddable":true,"href":"https:\/\/www.europesays.com\/es\/wp-json\/wp\/v2\/tags?post=151703"}],"curies":[{"name":"wp","href":"https:\/\/api.w.org\/{rel}","templated":true}]}}