{"id":151705,"date":"2025-10-02T00:03:25","date_gmt":"2025-10-02T00:03:25","guid":{"rendered":"https:\/\/www.europesays.com\/es\/151705\/"},"modified":"2025-10-02T00:03:25","modified_gmt":"2025-10-02T00:03:25","slug":"canal-sur-promedia-un-195-de-share-con-la-transmision-de-la-feria-de-san-miguel","status":"publish","type":"post","link":"https:\/\/www.europesays.com\/es\/151705\/","title":{"rendered":"Canal Sur promedia un 19,5% de share con la transmisi\u00f3n de la Feria de San Miguel"},"content":{"rendered":"<p>Canal Sur Televisi\u00f3n ha transmitido \u00edntegramente las tres corridas de la Feria de San Miguel de Sevilla este fin de semanas de final de septiembre y ha culminado con unos \u00abexcelentes resultados de audiencias\u00bb. Las tres corridas han liderado sus franjas horarias de emisi\u00f3n y \u00abhan superado con creces\u00bb todas las propuestas de las cadenas de la competencia, con un promedio del 19,5% de cuota de pantalla.<\/p>\n<p>La audiencia media ha sido de 325.000 telespectadores y han conectado en alg\u00fan momento 1.244.000 andaluces a alguna de las transmisiones. En este sentido, el share ha alcanzado puntas del 28,3%, siendo el \u2018minuto de oro\u2019 en la corrida del domingo a las 20,48 horas con 461.000 telespectadores, detalla el ente televisivo en un comunicado.<\/p>\n<p>El consejero de la Presidencia, Interior, Di\u00e1logo Social y Simplificaci\u00f3n Administrativa, Antonio Sanz, ha valorado estas cifras de audiencia cosechados por Canal Sur y ha afirmado al respecto que este ciclo \u00abdeja el mejor dato taurino en televisi\u00f3n en 15 a\u00f1os: dos millones de espectadores y casi un 20% share de media\u00bb.<\/p>\n<p>Sanz ha subrayado que \u00abla apuesta de la Junta de Andaluc\u00eda y Canal Sur por la tauromaquia es un \u00e9xito rotundo\u00bb y que la televisi\u00f3n p\u00fablica de Andaluc\u00eda \u00abse ha consolidado como la tercera cadena auton\u00f3mica de Espa\u00f1a; siendo la televisi\u00f3n p\u00fablica m\u00e1s vista por los andaluces en los \u00faltimos doce meses\u00bb.<\/p>\n<p>Asimismo, Antonio Sanz ha agradecido a todas las partes implicadas \u00absu contribuci\u00f3n para haber podido alcanzar el acuerdo de transmisi\u00f3n de los festejos\u00bb y ha resaltado la importancia de \u00abseguir apostando por seguir ofreciendo esta expresi\u00f3n que es cultura, arte y una industria de la que viven decenas de miles de personas\u00bb. El consejero de la Presidencia ha subrayado que \u00abAndaluc\u00eda ha sido, es y ser\u00e1 taurina\u00bb y que el Gobierno de la Junta \u00abapostar\u00e1 siempre por ella\u00bb.<\/p>\n<p>Datos de audiencia para el s\u00e1bado<\/p>\n<p>La corrida del s\u00e1bado, por su parte, con un 24,1% de share, \u00abpulveriza\u00bb la mejor marca de un festejo taurino emitido por Canal Sur Televisi\u00f3n desde 2010.<\/p>\n<p>Las transmisiones contribuyeron de manera especial a los buenos resultados diarios del fin de semana, liderando en Andaluc\u00eda tanto el s\u00e1bado con un 11,5% como el domingo con un 10,8% de cuota de pantalla.<\/p>\n<p>Destacada audiencia digital<\/p>\n<p>Las corridas de toros de la Feria de San Miguel de Sevilla tambi\u00e9n cosecharon una destacada audiencia digital. Entre el viernes y el domingo se registraron m\u00e1s de 202.000 sesiones en CanalSur M\u00e1s, sobresaliendo especialmente el \u00faltimo festejo, que super\u00f3 las 82.000 sesiones. Esta cifra lo convierte en el segundo d\u00eda con mayor n\u00famero de accesos en la plataforma desde la retransmisi\u00f3n especial de la Magna de Sevilla, el pasado diciembre.<\/p>\n<p>El 80% de las sesiones se originaron en Espa\u00f1a, mientras que el 20% restante procedi\u00f3 del extranjero. Entre los pa\u00edses con mayor conexi\u00f3n destacan Francia, M\u00e9xico, Estados Unidos, Per\u00fa, Alemania, Reino Unido, Argentina y Colombia.<\/p>\n<p>En paralelo, el directo de CanalSur Andaluc\u00eda en YouTube tambi\u00e9n alcanz\u00f3 cifras r\u00e9cord durante el fin de semana. Se contabilizaron m\u00e1s de 300.000 visualizaciones, siendo el \u00faltimo festejo el de mayor seguimiento. Durante la lidia del cuarto toro, alrededor de las 20,20 horas, se alcanz\u00f3 el pico m\u00e1ximo de usuarios concurrentes, con m\u00e1s de 30.500 espectadores conectados simult\u00e1neamente.<\/p>\n","protected":false},"excerpt":{"rendered":"Canal Sur Televisi\u00f3n ha transmitido \u00edntegramente las tres corridas de la Feria de San Miguel de Sevilla este&hellip;\n","protected":false},"author":2,"featured_media":151706,"comment_status":"","ping_status":"","sticky":false,"template":"","format":"standard","meta":{"footnotes":""},"categories":[277],"tags":[373,168,25,24,23,167,374],"class_list":{"0":"post-151705","1":"post","2":"type-post","3":"status-publish","4":"format-standard","5":"has-post-thumbnail","7":"category-toreo","8":"tag-bullfighting","9":"tag-deportes","10":"tag-es","11":"tag-espana","12":"tag-spain","13":"tag-sports","14":"tag-toreo"},"share_on_mastodon":{"url":"","error":""},"_links":{"self":[{"href":"https:\/\/www.europesays.com\/es\/wp-json\/wp\/v2\/posts\/151705","targetHints":{"allow":["GET"]}}],"collection":[{"href":"https:\/\/www.europesays.com\/es\/wp-json\/wp\/v2\/posts"}],"about":[{"href":"https:\/\/www.europesays.com\/es\/wp-json\/wp\/v2\/types\/post"}],"author":[{"embeddable":true,"href":"https:\/\/www.europesays.com\/es\/wp-json\/wp\/v2\/users\/2"}],"replies":[{"embeddable":true,"href":"https:\/\/www.europesays.com\/es\/wp-json\/wp\/v2\/comments?post=151705"}],"version-history":[{"count":0,"href":"https:\/\/www.europesays.com\/es\/wp-json\/wp\/v2\/posts\/151705\/revisions"}],"wp:featuredmedia":[{"embeddable":true,"href":"https:\/\/www.europesays.com\/es\/wp-json\/wp\/v2\/media\/151706"}],"wp:attachment":[{"href":"https:\/\/www.europesays.com\/es\/wp-json\/wp\/v2\/media?parent=151705"}],"wp:term":[{"taxonomy":"category","embeddable":true,"href":"https:\/\/www.europesays.com\/es\/wp-json\/wp\/v2\/categories?post=151705"},{"taxonomy":"post_tag","embeddable":true,"href":"https:\/\/www.europesays.com\/es\/wp-json\/wp\/v2\/tags?post=151705"}],"curies":[{"name":"wp","href":"https:\/\/api.w.org\/{rel}","templated":true}]}}