{"id":151711,"date":"2025-10-02T00:08:47","date_gmt":"2025-10-02T00:08:47","guid":{"rendered":"https:\/\/www.europesays.com\/es\/151711\/"},"modified":"2025-10-02T00:08:47","modified_gmt":"2025-10-02T00:08:47","slug":"carlos-sainz-listo-para-la-noche-del-gp-de-singapur","status":"publish","type":"post","link":"https:\/\/www.europesays.com\/es\/151711\/","title":{"rendered":"Carlos Sainz, listo para la noche del GP de Singapur"},"content":{"rendered":"<ul>&#13;<\/p>\n<li>Carlos Sainz afronta este fin de semana al GP de Singapur, una de las carreras m\u00e1s ic\u00f3nicas del calendario, escenario para \u00e9l de una victoria espectacular en 2023 y el primer Gran Premio nocturno de la historia. Ha estado en el Campeonato del Mundo desde 2008.<\/li>\n<p>&#13;<\/p>\n<li>El piloto de Williams llega al circuito urbano de Marina Bay reforzado tras su brillante actuaci\u00f3n en el GP de Azerbaiy\u00e1n, donde termin\u00f3 tercero y consigui\u00f3 el primer podio del equipo brit\u00e1nico en m\u00e1s de cuatro a\u00f1os.<\/li>\n<p>&#13;<\/p>\n<li>Carlos espera dar continuidad a las buenas sensaciones en una pista revirada donde adelantar es complejo, la exigencia f\u00edsica muy elevada y la temperatura todo un reto, porque tan s\u00f3lo hay programada una sesi\u00f3n de entrenamientos libres en las condiciones nocturnas que los pilotos se encontrar\u00e1n en clasificaci\u00f3n y en carrera.<\/li>\n<p>&#13;\n<\/ul>\n<p><strong>DECLARACIONES:<\/strong><br \/>&#13;<br \/>\n\u00abBak\u00fa fue un gran fin de semana para nosotros. \u00a1Fue genial volver al podio y lo disfrutamos todos! Pero Bak\u00fa queda atr\u00e1s y hemos cambiado r\u00e1pidamente nuestra atenci\u00f3n a lo que tenemos por delante. Singapur siempre es una de las carreras m\u00e1s duras de todo el a\u00f1o tanto f\u00edsica como mentalmente, pero tambi\u00e9n es de las m\u00e1s gratificantes cuando lo haces bien y guardo grandes recuerdos de este lugar. Estoy deseando volver a ponerme al volante y de seguir empujando para crear una inercia positiva de cara a las \u00faltimas carreras de la temporada. \u00a1Vamos a por ello!\u00bb.<\/p>\n<p><strong>PR\u00d3XIMA ACTIVIDAD:<\/strong><br \/>&#13;<br \/>\nViernes, 3 de octubre de 2025:<\/p>\n<ul>&#13;<\/p>\n<li>Entrenamientos Libres 1: 17:30 hora local (11:30 CEST)<\/li>\n<p>&#13;<\/p>\n<li>Entrenamientos Libres 2: 21:00 hora local (15:00 CEST)<\/li>\n<p>&#13;\n<\/ul>\n","protected":false},"excerpt":{"rendered":"&#13; Carlos Sainz afronta este fin de semana al GP de Singapur, una de las carreras m\u00e1s ic\u00f3nicas&hellip;\n","protected":false},"author":2,"featured_media":151712,"comment_status":"","ping_status":"","sticky":false,"template":"","format":"standard","meta":{"footnotes":""},"categories":[270],"tags":[307,168,25,24,306,271,272,4152,45941,45642,23,167,308],"class_list":{"0":"post-151711","1":"post","2":"type-post","3":"status-publish","4":"format-standard","5":"has-post-thumbnail","7":"category-formula-1","8":"tag-carlos-sainz","9":"tag-deportes","10":"tag-es","11":"tag-espana","12":"tag-f1","13":"tag-formula-1","14":"tag-formula1","15":"tag-fw47","16":"tag-gp-singapur","17":"tag-marina-bay","18":"tag-spain","19":"tag-sports","20":"tag-williams"},"share_on_mastodon":{"url":"","error":""},"_links":{"self":[{"href":"https:\/\/www.europesays.com\/es\/wp-json\/wp\/v2\/posts\/151711","targetHints":{"allow":["GET"]}}],"collection":[{"href":"https:\/\/www.europesays.com\/es\/wp-json\/wp\/v2\/posts"}],"about":[{"href":"https:\/\/www.europesays.com\/es\/wp-json\/wp\/v2\/types\/post"}],"author":[{"embeddable":true,"href":"https:\/\/www.europesays.com\/es\/wp-json\/wp\/v2\/users\/2"}],"replies":[{"embeddable":true,"href":"https:\/\/www.europesays.com\/es\/wp-json\/wp\/v2\/comments?post=151711"}],"version-history":[{"count":0,"href":"https:\/\/www.europesays.com\/es\/wp-json\/wp\/v2\/posts\/151711\/revisions"}],"wp:featuredmedia":[{"embeddable":true,"href":"https:\/\/www.europesays.com\/es\/wp-json\/wp\/v2\/media\/151712"}],"wp:attachment":[{"href":"https:\/\/www.europesays.com\/es\/wp-json\/wp\/v2\/media?parent=151711"}],"wp:term":[{"taxonomy":"category","embeddable":true,"href":"https:\/\/www.europesays.com\/es\/wp-json\/wp\/v2\/categories?post=151711"},{"taxonomy":"post_tag","embeddable":true,"href":"https:\/\/www.europesays.com\/es\/wp-json\/wp\/v2\/tags?post=151711"}],"curies":[{"name":"wp","href":"https:\/\/api.w.org\/{rel}","templated":true}]}}