{"id":151715,"date":"2025-10-02T00:10:12","date_gmt":"2025-10-02T00:10:12","guid":{"rendered":"https:\/\/www.europesays.com\/es\/151715\/"},"modified":"2025-10-02T00:10:12","modified_gmt":"2025-10-02T00:10:12","slug":"ibon-sanchez-el-capitan-del-filial-debuta-con-el-athletic-en-la-champions","status":"publish","type":"post","link":"https:\/\/www.europesays.com\/es\/151715\/","title":{"rendered":"Ibon S\u00e1nchez, el capit\u00e1n del filial, debuta con el Athletic en la Champions"},"content":{"rendered":"<p><img fetchpriority=\"high\" class=\"v-a-img\" src=\"https:\/\/www.europesays.com\/es\/wp-content\/uploads\/2025\/10\/ibon-sanchez-ok-kgMF-U2303246078749yzF-1200x840@El Correo.jpg\" loading=\"eager\" decoding=\"async\" alt=\"S\u00e1nchez en su debut.\"  width=\"1200\" height=\"840\"\/><\/p>\n<p>S\u00e1nchez en su debut.          Athletic Club        <\/p>\n<p>Valverde da sus primeros minutos a un mediapunta que \u00abtiene recorrido y se mueve bien\u00bb<\/p>\n<p><a class=\"v-mdl-ath__fig-a\" href=\"https:\/\/www.elcorreo.com\/autor\/javier-ortiz-de-lazcano-634.html\" title=\"Javier Ortiz de Lazcano\" rel=\"nofollow noopener\" target=\"_blank\"><br \/>\n<img decoding=\"async\" class=\"v-mdl-ath__img\" src=\"https:\/\/www.europesays.com\/es\/wp-content\/uploads\/2025\/08\/autor-634-foto-2.jpeg\" alt=\"Javier Ortiz de Lazcano\"\/><br \/>\n<\/a><\/p>\n<p class=\"v-mdl-ath__p v-mdl-ath__p--6\">\nMi\u00e9rcoles, 1 de octubre 2025, 22:52<\/p>\n<p>| Actualizado 23:23h.<\/p>\n<p class=\"v-p\">D\u00eda inolvidable para Ibon Sanchez (Getxo, 21 a\u00f1os). Ha debutado con el Athletic en la Champions y en uno de los templos del f\u00fatbol mundial, el estadio del Borussia Dortmund. Ernesto Valverde le dio los \u00faltimos diez minutos del duelo. Le sac\u00f3 con 2-1 al campo, signo de que no se trataba de que se estrenase, sino de que aportarse.<\/p>\n<p><a href=\"http:\/\/www.elcorreo.com\/athletic\/carambola-aprovecha-guruzeta-reivindicarse-primer-gol-curso-20251001223732-nt.html#vtm_modulosEngag=mod-rel:athletic:noticia:1:cmp:1-not\" class=\"v-a-link\" aria-label=\"Imagen\" rel=\"nofollow noopener\" target=\"_blank\"><\/p>\n<p><img decoding=\"async\" loading=\"lazy\" src=\"https:\/\/www.europesays.com\/es\/wp-content\/uploads\/2025\/10\/guru-ok-k36F--366x256@El Correo.JPG\" class=\"v-a-img\" width=\"258\" height=\"180\" alt=\"\" data-voc-vtm-id=\"in-text-traffic\"\/><\/p>\n<p><\/a><\/p>\n<p class=\"v-p\">Valverde llev\u00f3 a Alemania a dos jugadores del filial, al getxotarra y al mediopunta Adri\u00e1n P\u00e9rez. S\u00f3lo el primero ha jugado. Su entrenador le elogi\u00f3 la v\u00edspera del duelo. \u00abTenemos bajas en el centro del campo y pensamos que nos puede venir bien. Tiene recorrido y se mueve bien.<\/p>\n<p class=\"v-p\">Ib\u00f3n S\u00e1nchez lleg\u00f3 a Lezama con 14 a\u00f1os. A los 18 ya estaba en el Basconia, en donde brillaba como un afilado mediapunta. Llam\u00f3 tanto la atenci\u00f3n que la campa\u00f1a de su debut le subieron a jugar con el Bilbao Athletic, con el que jug\u00f3 las \u00faltimas ocho jornadas en Primera RFEF pese a su edad y que su categor\u00eda era Tercera.<\/p>\n<p class=\"v-p\">Hace dos campa\u00f1as brill\u00f3 en el ascenso a Primera RFEF pese a que tuvo la competencia de Peio Rinc\u00f3n. A\u00fan as\u00ed fue el tercer jugador en minutos del filial y anot\u00f3 dos goles y cinco asistencias. La campa\u00f1a pasada fue la de su confirmaci\u00f3n, pese a que en la primera vuelta le cost\u00f3 tener minutos.<\/p>\n<p class=\"v-p\">En la segunda se convirti\u00f3 en indiscutible y firm\u00f3 tres goles y otras tantas asistencias. Su capacidad de liderazgo le ha hecho portar el brazalete de capit\u00e1n tras la marcha como cedido de Be\u00f1at Gerenabarrena. Las bajas por lesi\u00f3n de Vesga y Prados le han abierto la puerta del primer equipo.<\/p>\n<p>Comenta<\/p>\n<p>Reporta un error<\/p>\n","protected":false},"excerpt":{"rendered":"S\u00e1nchez en su debut. Athletic Club Valverde da sus primeros minutos a un mediapunta que \u00abtiene recorrido y&hellip;\n","protected":false},"author":2,"featured_media":151716,"comment_status":"","ping_status":"","sticky":false,"template":"","format":"standard","meta":{"footnotes":""},"categories":[268],"tags":[2182,8898,11681,14294,168,25,24,6077,280,282,27856,199,281,23,167],"class_list":{"0":"post-151715","1":"post","2":"type-post","3":"status-publish","4":"format-standard","5":"has-post-thumbnail","7":"category-futbol","8":"tag-athletic","9":"tag-capitan","10":"tag-champions","11":"tag-debuta","12":"tag-deportes","13":"tag-es","14":"tag-espana","15":"tag-filial","16":"tag-football","17":"tag-futbol","18":"tag-ibon","19":"tag-sanchez","20":"tag-soccer","21":"tag-spain","22":"tag-sports"},"share_on_mastodon":{"url":"","error":""},"_links":{"self":[{"href":"https:\/\/www.europesays.com\/es\/wp-json\/wp\/v2\/posts\/151715","targetHints":{"allow":["GET"]}}],"collection":[{"href":"https:\/\/www.europesays.com\/es\/wp-json\/wp\/v2\/posts"}],"about":[{"href":"https:\/\/www.europesays.com\/es\/wp-json\/wp\/v2\/types\/post"}],"author":[{"embeddable":true,"href":"https:\/\/www.europesays.com\/es\/wp-json\/wp\/v2\/users\/2"}],"replies":[{"embeddable":true,"href":"https:\/\/www.europesays.com\/es\/wp-json\/wp\/v2\/comments?post=151715"}],"version-history":[{"count":0,"href":"https:\/\/www.europesays.com\/es\/wp-json\/wp\/v2\/posts\/151715\/revisions"}],"wp:featuredmedia":[{"embeddable":true,"href":"https:\/\/www.europesays.com\/es\/wp-json\/wp\/v2\/media\/151716"}],"wp:attachment":[{"href":"https:\/\/www.europesays.com\/es\/wp-json\/wp\/v2\/media?parent=151715"}],"wp:term":[{"taxonomy":"category","embeddable":true,"href":"https:\/\/www.europesays.com\/es\/wp-json\/wp\/v2\/categories?post=151715"},{"taxonomy":"post_tag","embeddable":true,"href":"https:\/\/www.europesays.com\/es\/wp-json\/wp\/v2\/tags?post=151715"}],"curies":[{"name":"wp","href":"https:\/\/api.w.org\/{rel}","templated":true}]}}